{"id":2813,"date":"2012-06-29T17:16:36","date_gmt":"2012-06-29T16:16:36","guid":{"rendered":"http:\/\/www.ostroleka.com.pl\/pzw-narew38\/?p=2813"},"modified":"2012-06-29T17:29:53","modified_gmt":"2012-06-29T16:29:53","slug":"ekologiczna-%e2%80%9eszostka-nagrodzona-w-konkursie-plastycznym","status":"publish","type":"post","link":"https:\/\/www.pzwnarew.pl\/?p=2813","title":{"rendered":"EKOLOGICZNA  \u201eSZ\u00d3STKA\u201d   NAGRODZONA W KONKURSIE PLASTYCZNYM"},"content":{"rendered":"<p>Dzie\u0144 29 czerwca 2012. Ostatni dzie\u0144 roku szkolnego w SP nr 6 w Ostro\u0142\u0119ce\u00a0\u00a0 im. \u201eOr\u0142a Bia\u0142ego\u201d, szkole z kt\u00f3r\u0105 <a href=\"http:\/\/www.ostroleka.com.pl\/pzw-narew38\/wp-content\/uploads\/2012\/06\/IMG_0729.jpg\"><img loading=\"lazy\" decoding=\"async\" class=\"alignright size-thumbnail wp-image-2814\" title=\"IMG_0729\" src=\"http:\/\/www.ostroleka.com.pl\/pzw-narew38\/wp-content\/uploads\/2012\/06\/IMG_0729-150x150.jpg\" alt=\"\" width=\"150\" height=\"150\" \/><\/a>od kilku lat wsp\u00f3\u0142pracuje nasze ko\u0142o w\u0119dkarskie. Promuj\u0105c\u00a0 ekologi\u0119, wypoczynek na \u015bwie\u017cym powietrzu w r\u00f3\u017cnych formach, a przy okazji w\u0119dkarstwo jako jedn\u0105 z nich.<\/p>\n<p>Po raz trzeci rozstrzygni\u0119to konkurs\u00a0 plastyczny,\u00a0 dotycz\u0105cy uprawiania sportu w\u0119dkarskiego ze szczeg\u00f3lnym uwzgl\u0119dnieniem zasad bezpiecze\u0144stwa nad wod\u0105 oraz problematyki ekologii i czysto\u015bci akwen\u00f3w wodnych oraz ich otoczenia, organizowany przez Zarz\u0105d Okr\u0119gu Mazowieckiego PZW. Korzystaj\u0105c z uroczystego zako\u0144czenia roku szkolnego w w\/w szkole v-ce Prezes d\/s Sportu Ko\u0142a PZW 38 \u201eNAREW\u201d w Ostro\u0142\u0119ce, Andrzej Raszkiewicz wr\u0119czy\u0142 nagrody zwyci\u0119zcom konkursu :<!--more--><\/p>\n<p>Oldze Miro\u0144czuk z kl. V c<\/p>\n<p>Oldze So\u015bnickiej z kl.Vc<\/p>\n<p>Julii Szlachetce z kl.\u00a0 Vc<\/p>\n<p>Pozostali uczestnicy otrzymali drobne upominki.<\/p>\n<p><span style=\"color: #ff0000;\"><strong><a href=\"http:\/\/www.ostroleka.com.pl\/gallery_pzw\/thumbnails.php?album=99\"><span style=\"color: #ff0000;\">Galeria zdj\u0119c patrz&gt;&gt;&gt;&gt;<\/span><\/a><\/strong><\/span><\/p>\n","protected":false},"excerpt":{"rendered":"<p>Dzie\u0144 29 czerwca 2012. Ostatni dzie\u0144 roku szkolnego w SP nr 6 w Ostro\u0142\u0119ce\u00a0\u00a0 im. \u201eOr\u0142a Bia\u0142ego\u201d, szkole z kt\u00f3r\u0105 od kilku lat wsp\u00f3\u0142pracuje nasze ko\u0142o w\u0119dkarskie. Promuj\u0105c\u00a0 ekologi\u0119, wypoczynek na \u015bwie\u017cym powietrzu w r\u00f3\u017cnych formach, a przy okazji w\u0119dkarstwo jako jedn\u0105 z nich. Po raz trzeci rozstrzygni\u0119to konkurs\u00a0 plastyczny,\u00a0 dotycz\u0105cy uprawiania sportu w\u0119dkarskiego ze szczeg\u00f3lnym uwzgl\u0119dnieniem zasad bezpiecze\u0144stwa nad wod\u0105 oraz problematyki ekologii i czysto\u015bci akwen\u00f3w wodnych oraz ich otoczenia, organizowany przez Zarz\u0105d Okr\u0119gu Mazowieckiego PZW. Korzystaj\u0105c z uroczystego&#8230;<\/p>\n<p class=\"read-more\"><a class=\"btn btn-default\" href=\"https:\/\/www.pzwnarew.pl\/?p=2813\"> Read More<span class=\"screen-reader-text\">  Read More<\/span><\/a><\/p>\n","protected":false},"author":2,"featured_media":0,"comment_status":"open","ping_status":"closed","sticky":false,"template":"","format":"standard","meta":{"footnotes":""},"categories":[20],"tags":[],"class_list":["post-2813","post","type-post","status-publish","format-standard","hentry","category-newsy"],"_links":{"self":[{"href":"https:\/\/www.pzwnarew.pl\/index.php?rest_route=\/wp\/v2\/posts\/2813","targetHints":{"allow":["GET"]}}],"collection":[{"href":"https:\/\/www.pzwnarew.pl\/index.php?rest_route=\/wp\/v2\/posts"}],"about":[{"href":"https:\/\/www.pzwnarew.pl\/index.php?rest_route=\/wp\/v2\/types\/post"}],"author":[{"embeddable":true,"href":"https:\/\/www.pzwnarew.pl\/index.php?rest_route=\/wp\/v2\/users\/2"}],"replies":[{"embeddable":true,"href":"https:\/\/www.pzwnarew.pl\/index.php?rest_route=%2Fwp%2Fv2%2Fcomments&post=2813"}],"version-history":[{"count":4,"href":"https:\/\/www.pzwnarew.pl\/index.php?rest_route=\/wp\/v2\/posts\/2813\/revisions"}],"predecessor-version":[{"id":2817,"href":"https:\/\/www.pzwnarew.pl\/index.php?rest_route=\/wp\/v2\/posts\/2813\/revisions\/2817"}],"wp:attachment":[{"href":"https:\/\/www.pzwnarew.pl\/index.php?rest_route=%2Fwp%2Fv2%2Fmedia&parent=2813"}],"wp:term":[{"taxonomy":"category","embeddable":true,"href":"https:\/\/www.pzwnarew.pl\/index.php?rest_route=%2Fwp%2Fv2%2Fcategories&post=2813"},{"taxonomy":"post_tag","embeddable":true,"href":"https:\/\/www.pzwnarew.pl\/index.php?rest_route=%2Fwp%2Fv2%2Ftags&post=2813"}],"curies":[{"name":"wp","href":"https:\/\/api.w.org\/{rel}","templated":true}]}}