{"id":2797,"date":"2012-06-28T19:14:19","date_gmt":"2012-06-28T18:14:19","guid":{"rendered":"http:\/\/www.ostroleka.com.pl\/pzw-narew38\/?p=2797"},"modified":"2012-06-28T19:22:15","modified_gmt":"2012-06-28T18:22:15","slug":"sumy-lowimy-od-1-lipca","status":"publish","type":"post","link":"https:\/\/www.pzwnarew.pl\/?p=2797","title":{"rendered":"Sumy \u0142owimy od 1 lipca!"},"content":{"rendered":"<p>Informujemy \u017ce sezon na sumy zaczyna si\u0119 od 1 lipca (niedziela).<a href=\"http:\/\/www.ostroleka.com.pl\/pzw-narew38\/wp-content\/uploads\/2012\/06\/sum.jpg\"><img loading=\"lazy\" decoding=\"async\" class=\"alignright size-thumbnail wp-image-2800\" title=\"sum\" src=\"http:\/\/www.ostroleka.com.pl\/pzw-narew38\/wp-content\/uploads\/2012\/06\/sum-150x150.jpg\" alt=\"\" width=\"150\" height=\"150\" \/><\/a> Okres ochronny nie ulega skr\u00f3ceniu, poniewa\u017c sobota (30 czerwca) nie jest dniem ustawowo wolnym od pracy. Wymiar ochronny suma wynosi\u00a070 cm.<\/p>\n<p>\u017byczymy\u00a0\u00a0w tym sezonie po\u0142amania kija i\u00a0niewyobra\u017calnie wielkich sum\u00f3w.<\/p>\n<p>&nbsp;<\/p>\n","protected":false},"excerpt":{"rendered":"<p>Informujemy \u017ce sezon na sumy zaczyna si\u0119 od 1 lipca (niedziela). Okres ochronny nie ulega skr\u00f3ceniu, poniewa\u017c sobota (30 czerwca) nie jest dniem ustawowo wolnym od pracy. Wymiar ochronny suma wynosi\u00a070 cm. \u017byczymy\u00a0\u00a0w tym sezonie po\u0142amania kija i\u00a0niewyobra\u017calnie wielkich sum\u00f3w. &nbsp;<\/p>\n","protected":false},"author":2,"featured_media":0,"comment_status":"open","ping_status":"closed","sticky":false,"template":"","format":"standard","meta":{"footnotes":""},"categories":[20],"tags":[],"class_list":["post-2797","post","type-post","status-publish","format-standard","hentry","category-newsy"],"_links":{"self":[{"href":"https:\/\/www.pzwnarew.pl\/index.php?rest_route=\/wp\/v2\/posts\/2797","targetHints":{"allow":["GET"]}}],"collection":[{"href":"https:\/\/www.pzwnarew.pl\/index.php?rest_route=\/wp\/v2\/posts"}],"about":[{"href":"https:\/\/www.pzwnarew.pl\/index.php?rest_route=\/wp\/v2\/types\/post"}],"author":[{"embeddable":true,"href":"https:\/\/www.pzwnarew.pl\/index.php?rest_route=\/wp\/v2\/users\/2"}],"replies":[{"embeddable":true,"href":"https:\/\/www.pzwnarew.pl\/index.php?rest_route=%2Fwp%2Fv2%2Fcomments&post=2797"}],"version-history":[{"count":5,"href":"https:\/\/www.pzwnarew.pl\/index.php?rest_route=\/wp\/v2\/posts\/2797\/revisions"}],"predecessor-version":[{"id":2803,"href":"https:\/\/www.pzwnarew.pl\/index.php?rest_route=\/wp\/v2\/posts\/2797\/revisions\/2803"}],"wp:attachment":[{"href":"https:\/\/www.pzwnarew.pl\/index.php?rest_route=%2Fwp%2Fv2%2Fmedia&parent=2797"}],"wp:term":[{"taxonomy":"category","embeddable":true,"href":"https:\/\/www.pzwnarew.pl\/index.php?rest_route=%2Fwp%2Fv2%2Fcategories&post=2797"},{"taxonomy":"post_tag","embeddable":true,"href":"https:\/\/www.pzwnarew.pl\/index.php?rest_route=%2Fwp%2Fv2%2Ftags&post=2797"}],"curies":[{"name":"wp","href":"https:\/\/api.w.org\/{rel}","templated":true}]}}