{"id":2786,"date":"2012-06-24T15:38:14","date_gmt":"2012-06-24T14:38:14","guid":{"rendered":"http:\/\/www.ostroleka.com.pl\/pzw-narew38\/?p=2786"},"modified":"2012-07-08T09:36:47","modified_gmt":"2012-07-08T08:36:47","slug":"swietojanska-noc-wedkarska","status":"publish","type":"post","link":"https:\/\/www.pzwnarew.pl\/?p=2786","title":{"rendered":"\u015aWI\u0118TOJA\u0143SKA NOC W\u0118DKARSKA"},"content":{"rendered":"<p>W dniach 23 i 24 czerwca w\u0119dkarzez Ko\u0142a Narew 38 zorganizowali VI edycj\u0119 maratonu w\u0119dkarskiego zbieg\u0142o si\u0119 to <a href=\"http:\/\/www.ostroleka.com.pl\/pzw-narew38\/wp-content\/uploads\/2012\/06\/20.jpg\"><img loading=\"lazy\" decoding=\"async\" class=\"alignright size-thumbnail wp-image-2788\" title=\"20\" src=\"http:\/\/www.ostroleka.com.pl\/pzw-narew38\/wp-content\/uploads\/2012\/06\/20-150x150.jpg\" alt=\"\" width=\"150\" height=\"150\" \/><\/a>z tradycyjn\u0105 noc\u0105 \u015bwi\u0119toja\u0144sk\u0105 kt\u00f3r\u0105 wedkarze powinni obchodzi\u0107 podczas nocnego w\u0119dkowania. W tym roku zaproszono dru\u017cyn\u0119 z ko\u0142a nr 72 ENERGOPAP Ostro\u0142\u0119ka w sk\u0142adzie : Zbigniew Cichowski, Zbigniew Samborski i Tomasz Krajanowski.<\/p>\n<p>Og\u00f3\u0142em w maratonie w\u0119dkarskim wystartowa\u0142o dziesi\u0119\u0107 trzyosobowych dru\u017cyn. Pomimo wzrastaj\u0105cego poziomu wody narwi po dwudniowych opadach i chimerycznych bra\u0144 ryb w\u0119dkarze stan\u0119li na wysoko\u015bci zadania i 17 godzinny maraton\u00a0 zako\u0144czono przy pe\u0142nych sadzach.<!--more--><\/p>\n<p>Kunszt w\u0119dkarstwa pokaza\u0142a dru\u017cyna z Energopapu plasuj\u0105c si\u0119 z og\u00f3lna liczb\u0105\u00a0 7530 punkt\u00f3w na pierwszym miejscu. Tu\u017c za nimi pod\u0105\u017ca\u0142y dru\u017cyny z Ko\u0142a Narew pod przewodnictwem Katarzyny Kamionowskiej\u00a0 II miejsce i Grzegorza Tyszki III miejsce.<\/p>\n<p>Indywidualnie najlepszym\u00a0 wedkarskim marato\u0144czykiem okaza\u0142 sie Tomasz Krajanowski, najwi\u0119kszego okonia z\u0142owi\u0142 Zbigniew Samborski\u00a0 obydwaj z Energopapu natomiast najwiekszego leszcza z\u0142owi\u0142 Cezary Nabia\u0142ek z Narwi &#8211; ponad dwukilowa sztuka. By\u0142y to nast\u0119pne z kolei zawody na \u017cywej rybie, wszystkie ryby trafi\u0142y z powrotem do swojego naturalnego\u00a0\u015brodowiska.<\/p>\n<p>&nbsp;<\/p>\n<p>Klasyfikacja dru\u017cynowa:<\/p>\n<p>Zbigniew Cichowski, Zbigniew Samborski, Tomasz Krajanowski\u00a0 &#8212; I Miejsce<\/p>\n<p>Katarzyna Kamionowska, Mariusz Kamionowski, Ireneusz Dobkowski- II Miejsce<\/p>\n<p>Grzegorz Tyszka, Zbigniew Lis, \u0141ukasz Romanik \u2013 III Miejsce<\/p>\n<p>Organizatorzy ju\u017c zaprosili dru\u017cyn\u0119 z Energopapu za rok na VII maraton na w\u0119dkarski rewan\u017c.<\/p>\n<p><a href=\"http:\/\/www.ostroleka.com.pl\/gallery_pzw\/thumbnails.php?album=98\">\u00a0\u00a0\u00a0<span style=\"color: #ff0000;\"><strong> Galeria zdj\u0119c patrz&gt;&gt;&gt;<\/strong><\/span><\/a><\/p>\n<p><strong><span style=\"color: #ff0000;\"><em>\u00a0\u00a0\u00a0\u00a0<a href=\"http:\/\/www.youtube.com\/watch?v=WsowAP0v_7Q\"> film z maratonu patrz&gt;&gt;&gt; <\/a><\/em><\/span><\/strong><\/p>\n<p>Zarz\u0105d Ko\u0142a nr 38 Narew w Ostro\u0142\u0119ce sk\u0142ada podzi\u0119kowanie sponsorowi :<\/p>\n<p><a href=\"http:\/\/www.ostroleka.com.pl\/pzw-narew38\/wp-content\/uploads\/2012\/06\/energ.jpg\"><img loading=\"lazy\" decoding=\"async\" class=\"aligncenter size-large wp-image-2787\" title=\"znak ELEKTROWNIE Ostro\u00b3\u00eaka  PANTONE  inwersyjny\" src=\"http:\/\/www.ostroleka.com.pl\/pzw-narew38\/wp-content\/uploads\/2012\/06\/energ-1024x207.jpg\" alt=\"\" width=\"640\" height=\"129\" srcset=\"https:\/\/www.pzwnarew.pl\/wp-content\/uploads\/2012\/06\/energ-1024x207.jpg 1024w, https:\/\/www.pzwnarew.pl\/wp-content\/uploads\/2012\/06\/energ-300x60.jpg 300w, https:\/\/www.pzwnarew.pl\/wp-content\/uploads\/2012\/06\/energ.jpg 1899w\" sizes=\"auto, (max-width: 640px) 100vw, 640px\" \/><\/a><\/p>\n<p><strong><em>\u00a0\u00a0\u00a0\u00a0\u00a0\u00a0\u00a0\u00a0\u00a0\u00a0\u00a0\u00a0 W \u0118 D K U J M Y\u00a0\u00a0 Z\u00a0\u00a0 N A T U R \u0104 !!!<\/em><\/strong><\/p>\n<p><em><\/em><\/p>\n<p>&nbsp;<\/p>\n<p>&nbsp;<\/p>\n","protected":false},"excerpt":{"rendered":"<p>W dniach 23 i 24 czerwca w\u0119dkarzez Ko\u0142a Narew 38 zorganizowali VI edycj\u0119 maratonu w\u0119dkarskiego zbieg\u0142o si\u0119 to z tradycyjn\u0105 noc\u0105 \u015bwi\u0119toja\u0144sk\u0105 kt\u00f3r\u0105 wedkarze powinni obchodzi\u0107 podczas nocnego w\u0119dkowania. W tym roku zaproszono dru\u017cyn\u0119 z ko\u0142a nr 72 ENERGOPAP Ostro\u0142\u0119ka w sk\u0142adzie : Zbigniew Cichowski, Zbigniew Samborski i Tomasz Krajanowski. Og\u00f3\u0142em w maratonie w\u0119dkarskim wystartowa\u0142o dziesi\u0119\u0107 trzyosobowych dru\u017cyn. Pomimo wzrastaj\u0105cego poziomu wody narwi po dwudniowych opadach i chimerycznych bra\u0144 ryb w\u0119dkarze stan\u0119li na wysoko\u015bci zadania i 17 godzinny maraton\u00a0 zako\u0144czono&#8230;<\/p>\n<p class=\"read-more\"><a class=\"btn btn-default\" href=\"https:\/\/www.pzwnarew.pl\/?p=2786\"> Read More<span class=\"screen-reader-text\">  Read More<\/span><\/a><\/p>\n","protected":false},"author":2,"featured_media":0,"comment_status":"open","ping_status":"closed","sticky":false,"template":"","format":"standard","meta":{"footnotes":""},"categories":[20,17],"tags":[],"class_list":["post-2786","post","type-post","status-publish","format-standard","hentry","category-newsy","category-imprezy"],"_links":{"self":[{"href":"https:\/\/www.pzwnarew.pl\/index.php?rest_route=\/wp\/v2\/posts\/2786","targetHints":{"allow":["GET"]}}],"collection":[{"href":"https:\/\/www.pzwnarew.pl\/index.php?rest_route=\/wp\/v2\/posts"}],"about":[{"href":"https:\/\/www.pzwnarew.pl\/index.php?rest_route=\/wp\/v2\/types\/post"}],"author":[{"embeddable":true,"href":"https:\/\/www.pzwnarew.pl\/index.php?rest_route=\/wp\/v2\/users\/2"}],"replies":[{"embeddable":true,"href":"https:\/\/www.pzwnarew.pl\/index.php?rest_route=%2Fwp%2Fv2%2Fcomments&post=2786"}],"version-history":[{"count":7,"href":"https:\/\/www.pzwnarew.pl\/index.php?rest_route=\/wp\/v2\/posts\/2786\/revisions"}],"predecessor-version":[{"id":2792,"href":"https:\/\/www.pzwnarew.pl\/index.php?rest_route=\/wp\/v2\/posts\/2786\/revisions\/2792"}],"wp:attachment":[{"href":"https:\/\/www.pzwnarew.pl\/index.php?rest_route=%2Fwp%2Fv2%2Fmedia&parent=2786"}],"wp:term":[{"taxonomy":"category","embeddable":true,"href":"https:\/\/www.pzwnarew.pl\/index.php?rest_route=%2Fwp%2Fv2%2Fcategories&post=2786"},{"taxonomy":"post_tag","embeddable":true,"href":"https:\/\/www.pzwnarew.pl\/index.php?rest_route=%2Fwp%2Fv2%2Ftags&post=2786"}],"curies":[{"name":"wp","href":"https:\/\/api.w.org\/{rel}","templated":true}]}}