{"id":2720,"date":"2012-06-03T19:26:27","date_gmt":"2012-06-03T18:26:27","guid":{"rendered":"http:\/\/www.ostroleka.com.pl\/pzw-narew38\/?p=2720"},"modified":"2012-06-05T21:15:52","modified_gmt":"2012-06-05T20:15:52","slug":"wedkarski-dzien-dziecka-impreza-plenerowa","status":"publish","type":"post","link":"https:\/\/www.pzwnarew.pl\/?p=2720","title":{"rendered":"W\u0118DKARSKI DZIE\u0143 DZIECKA- IMPREZA PLENEROWA"},"content":{"rendered":"<p><strong><span style=\"font-family: Times New Roman,serif;\"><span style=\"font-size: small;\">W dniu 3 czerwca dzieci z Ko\u0142a nr 38 w Ostro\u0142\u0119ce uczestniczy\u0142y w imprezie plenerowej<a href=\"http:\/\/www.ostroleka.com.pl\/pzw-narew38\/wp-content\/uploads\/2012\/06\/IMG_0247.jpg\"><img loading=\"lazy\" decoding=\"async\" class=\"alignright size-thumbnail wp-image-2721\" title=\"IMG_0247\" src=\"http:\/\/www.ostroleka.com.pl\/pzw-narew38\/wp-content\/uploads\/2012\/06\/IMG_0247-150x150.jpg\" alt=\"\" width=\"150\" height=\"150\" \/><\/a><\/span><\/span><\/strong><\/p>\n<p><strong><span style=\"font-family: Times New Roman,serif;\"><span style=\"font-size: small;\">zorganizowanej przez Zarz\u0105d Ko\u0142a Narew na \u0142owisku Jegiel-Dolcan.<\/span><\/span><\/strong><\/p>\n<p><strong><span style=\"font-family: Times New Roman,serif;\"><span style=\"font-size: small;\">Impreza sk\u0142ada\u0142a si\u0119 z Mistrzostw Sp\u0142awikowych w kategoriach kadet i junior oraz konkursach zr\u0119czno\u015bciowych dla dzieci w postaci \u201eW\u0119dki szcz\u0119\u015bcia\u201d i \u201eRzutu do celu\u201d<\/span><\/span><\/strong><\/p>\n<p>&nbsp;<\/p>\n<p><strong><span style=\"font-family: Times New Roman,serif;\"><span style=\"font-size: small;\"><!--more--><\/span><\/span><\/strong><\/p>\n<p><strong><span style=\"font-family: Times New Roman,serif;\"><span style=\"font-size: small;\">W zawodach sp\u0142awikowych startowali prawie wszyscy z 28 uczestnik\u00f3w. Po r\u00f3wnej walce na specjalnym \u0142owisku karasiowo-karpiowym z\u0142owiono tylko dwa karpie, jednego lina i reszt\u0119 karasi.<\/span><\/span><\/strong><\/p>\n<p><strong><span style=\"font-family: Times New Roman,serif;\"><span style=\"font-size: small;\">Klasyfikacja w kategorii kadet\u00f3w wygl\u0105da\u0142a nast\u0119puj\u0105co:<\/span><\/span><\/strong><\/p>\n<ol>\n<li><strong><\/strong><strong><\/strong><strong><span style=\"font-family: Times New Roman,serif;\"><span style=\"font-size: small;\">Nabia\u0142ek Patryk<\/span><\/span><\/strong>\n<figure id=\"attachment_2734\" aria-describedby=\"caption-attachment-2734\" style=\"width: 150px\" class=\"wp-caption alignright\"><a href=\"http:\/\/www.ostroleka.com.pl\/pzw-narew38\/wp-content\/uploads\/2012\/06\/234.jpg\"><img loading=\"lazy\" decoding=\"async\" class=\"size-thumbnail wp-image-2734\" title=\"Nabia\u0142ek Patryk  (Zwyci\u0119zcaw kat. kadet\u00f3w)\" src=\"http:\/\/www.ostroleka.com.pl\/pzw-narew38\/wp-content\/uploads\/2012\/06\/234-150x150.jpg\" alt=\"\" width=\"150\" height=\"150\" \/><\/a><figcaption id=\"caption-attachment-2734\" class=\"wp-caption-text\">Nabia\u0142ek Patryk (Zwyci\u0119zca w kat. kadet\u00f3w)<\/figcaption><\/figure>\n<p>&nbsp;<\/li>\n<li><strong><span style=\"font-family: Times New Roman,serif;\"><span style=\"font-size: small;\">Piotr Terlikowski<\/span><\/span><\/strong><\/li>\n<li><strong><span style=\"font-family: Times New Roman,serif;\"><span style=\"font-size: small;\">Dominik Zawojek<\/span><\/span><\/strong><\/li>\n<li><strong><span style=\"font-family: Times New Roman,serif;\"><span style=\"font-size: small;\">Nikodem Garbulewski<\/span><\/span><\/strong><\/li>\n<li><strong><span style=\"font-family: Times New Roman,serif;\"><span style=\"font-size: small;\">Wojciech Dziadak<\/span><\/span><\/strong><\/li>\n<li><strong><span style=\"font-family: Times New Roman,serif;\"><span style=\"font-size: small;\">Jakub Dziadak<\/span><\/span><\/strong><\/li>\n<li><strong><span style=\"font-family: Times New Roman,serif;\"><span style=\"font-size: small;\">Aleksandra Kowalczyk<\/span><\/span><\/strong><\/li>\n<li><strong><span style=\"font-family: Times New Roman,serif;\"><span style=\"font-size: small;\">Marcin Arcichowski<\/span><\/span><\/strong><\/li>\n<li><strong><span style=\"font-family: Times New Roman,serif;\"><span style=\"font-size: small;\">Mateusz D\u0105bkowski<\/span><\/span><\/strong><\/li>\n<li><strong><span style=\"font-family: Times New Roman,serif;\"><span style=\"font-size: small;\">Jakub W\u00f3jcik<\/span><\/span><\/strong><\/li>\n<li><strong><span style=\"font-family: Times New Roman,serif;\"><span style=\"font-size: small;\">Bartosz Ku\u015bmierczyk<\/span><\/span><\/strong><\/li>\n<li><strong><span style=\"font-family: Times New Roman,serif;\"><span style=\"font-size: small;\">Tymoteusz Janczewski<\/span><\/span><\/strong><\/li>\n<li><strong><span style=\"font-family: Times New Roman,serif;\"><span style=\"font-size: small;\">Maciej Mircevski<\/span><\/span><\/strong><\/li>\n<li><strong><span style=\"font-family: Times New Roman,serif;\"><span style=\"font-size: small;\">Mateusz Klimaszewski<\/span><\/span><\/strong><\/li>\n<li><strong><span style=\"font-family: Times New Roman,serif;\"><span style=\"font-size: small;\">Dominik Pstr\u0105gowski<\/span><\/span><\/strong><\/li>\n<\/ol>\n<p>&nbsp;<\/p>\n<p><strong><span style=\"font-family: Times New Roman,serif;\"><span style=\"font-size: small;\">Kategoria Junior\u00f3w<\/span><\/span><\/strong><\/p>\n<ol>\n<li><strong><span style=\"font-family: Times New Roman,serif;\"><span style=\"font-size: small;\">Mateusz Chojnowski<\/span><\/span><\/strong><\/li>\n<li><strong><span style=\"font-family: Times New Roman,serif;\"><span style=\"font-size: small;\">Marcin Zawojek<\/span><\/span><\/strong><\/li>\n<li><strong><span style=\"font-family: Times New Roman,serif;\"><span style=\"font-size: small;\">Przemys\u0142aw P\u0119dzich<\/span><\/span><\/strong><\/li>\n<li><strong><span style=\"font-family: Times New Roman,serif;\"><span style=\"font-size: small;\">Marcin Kurpiewski<\/span><\/span><\/strong><\/li>\n<\/ol>\n<p><strong><span style=\"font-family: Times New Roman,serif;\"><span style=\"font-size: small;\">\u00a0\u00a0\u00a0\u00a0\u00a0\u00a0\u00a0\u00a0\u00a0\u00a0\u00a0\u00a0 5. Marek \u017bebrowski<\/span><\/span><\/strong><\/p>\n<p><strong><span style=\"font-family: Times New Roman,serif;\"><span style=\"font-size: small;\">\u00a0\u00a0\u00a0\u00a0\u00a0\u00a0\u00a0\u00a0\u00a0\u00a0\u00a0\u00a0 6. Dominik Chojnowski<\/span><\/span><\/strong><\/p>\n<p><strong><span style=\"font-family: Times New Roman,serif;\"><span style=\"font-size: small;\">W konkursach w\u0119dkarskich \u201eW\u0119dka Szcz\u0119\u015bcia\u201d tryumfowali <\/span><\/span><\/strong><\/p>\n<p><strong><span style=\"font-family: Times New Roman,serif;\"><span style=\"font-size: small;\">W kadetach:<\/span><\/span><\/strong><\/p>\n<ol>\n<li><strong><span style=\"font-family: Times New Roman,serif;\"><span style=\"font-size: small;\">Dominik Zawojek<\/span><\/span><\/strong><\/li>\n<li><strong><span style=\"font-family: Times New Roman,serif;\"><span style=\"font-size: small;\">Jakub Dziadak<\/span><\/span><\/strong><\/li>\n<li><strong><span style=\"font-family: Times New Roman,serif;\"><span style=\"font-size: small;\">Marcin Arcichowski<\/span><\/span><\/strong><\/li>\n<\/ol>\n<p><strong><span style=\"font-family: Times New Roman,serif;\"><span style=\"font-size: small;\">W Juniorach :<\/span><\/span><\/strong><\/p>\n<ol>\n<li><strong><span style=\"font-family: Times New Roman,serif;\"><span style=\"font-size: small;\">Marcin Kurpiewski<\/span><\/span><\/strong><\/li>\n<li><strong><span style=\"font-family: Times New Roman,serif;\"><span style=\"font-size: small;\">Dominik Chojnowski<\/span><\/span><\/strong><\/li>\n<li><strong><span style=\"font-family: Times New Roman,serif;\"><span style=\"font-size: small;\">Przemys\u0142aw P\u0119dzich<\/span><\/span><\/strong><\/li>\n<\/ol>\n<p><strong><span style=\"font-family: Times New Roman,serif;\"><span style=\"font-size: small;\">W konkursie \u201eRzut do celu\u201d sklasyfikowano nast\u0119puj\u0105cych kadet\u00f3w:<\/span><\/span><\/strong><\/p>\n<ol>\n<li><strong><span style=\"font-family: Times New Roman,serif;\"><span style=\"font-size: small;\">Wojciech Dziadak<\/span><\/span><\/strong><\/li>\n<li><strong><span style=\"font-family: Times New Roman,serif;\"><span style=\"font-size: small;\">Patryk Dulewicz<\/span><\/span><\/strong><\/li>\n<li><strong><span style=\"font-family: Times New Roman,serif;\"><span style=\"font-size: small;\">Bartosz Ku\u015bmierczyk<\/span><\/span><\/strong><\/li>\n<\/ol>\n<p>&nbsp;<\/p>\n<p><strong><span style=\"font-family: Times New Roman,serif;\"><span style=\"font-size: small;\">Dzi\u0119kujemy rodzicom opiekunom i dzieciom za udzia\u0142 w tej imprezie.<\/span><\/span><\/strong><\/p>\n<p><strong><span style=\"font-family: Times New Roman,serif;\"><span style=\"font-size: small;\">Zarz\u0105d Ko\u0142a nr 38 dzi\u0119kuje nast\u0119puj\u0105cym sponsorom;<\/span><\/span><\/strong><\/p>\n<p><span style=\"color: #808000;\"><span style=\"font-family: Times New Roman,serif;\"><span style=\"font-size: medium;\"><strong>CUKIERNIA BIA\u0141OBRZEWSKI <\/strong><\/span><\/span><\/span><\/p>\n<p><span style=\"color: #808000;\"><span style=\"font-family: Times New Roman,serif;\"><span style=\"font-size: medium;\"><strong>Ostro\u0142\u0119ka ul. Orzeszkowej<\/strong><\/span><\/span><\/span><\/p>\n<p><span style=\"color: #c00000;\"><span style=\"font-family: Times New Roman,serif;\"><span style=\"font-size: medium;\"><strong>AGENCJA KONSULTINGOWO-UBEZPIECZENIOWA SIGMA 37<\/strong><\/span><\/span><\/span><\/p>\n<p><span style=\"color: #c00000;\"><span style=\"font-family: Times New Roman,serif;\"><span style=\"font-size: medium;\"><strong>Ostro\u0142\u0119ka ul. Ko\u015bciuszki 37<\/strong><\/span><\/span><\/span><\/p>\n<p><span style=\"color: #808000;\"><span style=\"font-family: Times New Roman,serif;\"><span style=\"font-size: medium;\"><strong>FIRMA TRAWIS Oddzia\u0142 w Ostro\u0142\u0119ce<\/strong><\/span><\/span><\/span><\/p>\n<p><span style=\"color: #808000;\"><span style=\"font-family: Times New Roman,serif;\"><span style=\"font-size: medium;\"><strong>Rzeku\u0144 \u0141awy<\/strong><\/span><\/span><\/span><\/p>\n<p><span style=\"color: #c00000;\"><span style=\"font-family: Times New Roman,serif;\"><span style=\"font-size: medium;\"><strong>DELIKATESY SPO\u017bYWCZE \u201eDELICJA\u201d<\/strong><\/span><\/span><\/span><\/p>\n<p><span style=\"color: #c00000;\"><span style=\"font-family: Times New Roman,serif;\"><span style=\"font-size: medium;\"><strong>Ostro\u0142\u0119ka ul. Sienkiewicza 5<\/strong><\/span><\/span><\/span><\/p>\n<p><span style=\"color: #808000;\"><span style=\"font-family: Times New Roman,serif;\"><span style=\"font-size: medium;\"><strong>SKLEP W\u0118DKARSKI \u201eLIN\u201d<\/strong><\/span><\/span><\/span><\/p>\n<p><span style=\"color: #808000;\"><span style=\"font-family: Times New Roman,serif;\"><span style=\"font-size: medium;\"><strong>Ostro\u0142\u0119ka ul. Chopina 4<\/strong><\/span><\/span><\/span><\/p>\n<p>&nbsp;<\/p>\n<p><span style=\"color: #c00000;\"><span style=\"font-family: Times New Roman,serif;\"><span style=\"font-size: medium;\"><strong>Szczeg\u00f3lne podzi\u0119kowanie sk\u0142adamy osobom indywidualnym:<\/strong><\/span><\/span><\/span><\/p>\n<p><span style=\"color: #c00000;\"><span style=\"font-family: Times New Roman,serif;\"><span style=\"font-size: medium;\"><strong>Robert Gwiazdowski<\/strong><\/span><\/span><\/span><\/p>\n<p><span style=\"color: #c00000;\"><span style=\"font-family: Times New Roman,serif;\"><span style=\"font-size: medium;\"><strong>Grzegorz Kowalczyk<\/strong><\/span><\/span><\/span><\/p>\n<p><span style=\"color: #c00000;\"><span style=\"font-family: Times New Roman,serif;\"><span style=\"font-size: medium;\"><strong>Mariusz Nurczyk<\/strong><\/span><\/span><\/span><\/p>\n<p><span style=\"color: #c00000;\"><span style=\"font-family: Times New Roman,serif;\"><span style=\"font-size: medium;\"><strong>Zlatko Mircevski<\/strong><\/span><\/span><\/span><\/p>\n<p><span style=\"color: #c00000;\"><span style=\"font-family: Times New Roman,serif;\"><span style=\"font-size: medium;\"><strong>Andrzej Za\u0142\u0119ski<\/strong><\/span><\/span><\/span><\/p>\n<p><span style=\"color: #ff0000;\"><strong><a href=\"http:\/\/www.ostroleka.com.pl\/gallery_pzw\/thumbnails.php?album=97&amp;page=1\"><span style=\"color: #ff0000;\">\u00a0\u00a0\u00a0\u00a0\u00a0\u00a0\u00a0\u00a0\u00a0\u00a0\u00a0\u00a0\u00a0\u00a0\u00a0\u00a0\u00a0\u00a0\u00a0\u00a0\u00a0\u00a0\u00a0\u00a0\u00a0\u00a0\u00a0\u00a0\u00a0\u00a0\u00a0\u00a0\u00a0\u00a0\u00a0\u00a0\u00a0\u00a0\u00a0\u00a0\u00a0\u00a0\u00a0\u00a0 Galeria zdj\u0119\u0107 patrz&gt;&gt;&gt;<\/span><\/a><\/strong><\/span><\/p>\n<p><span style=\"color: #ff0000;\"><strong><a href=\"http:\/\/www.youtube.com\/watch?v=evG3YQG3KqA\"><span style=\"color: #ff0000;\">\u00a0\u00a0\u00a0\u00a0\u00a0\u00a0\u00a0\u00a0\u00a0\u00a0\u00a0\u00a0\u00a0\u00a0\u00a0\u00a0\u00a0\u00a0\u00a0\u00a0\u00a0\u00a0\u00a0\u00a0\u00a0\u00a0\u00a0\u00a0\u00a0\u00a0\u00a0\u00a0\u00a0\u00a0\u00a0\u00a0\u00a0\u00a0\u00a0\u00a0\u00a0\u00a0\u00a0\u00a0\u00a0\u00a0\u00a0\u00a0film wideo cz.\u00a01&gt;&gt;&gt;\u00a0\u00a0\u00a0\u00a0\u00a0\u00a0<\/span><\/a>\u00a0\u00a0\u00a0\u00a0\u00a0\u00a0\u00a0\u00a0\u00a0\u00a0\u00a0\u00a0\u00a0\u00a0\u00a0\u00a0\u00a0\u00a0\u00a0 <\/strong><\/span><\/p>\n","protected":false},"excerpt":{"rendered":"<p>W dniu 3 czerwca dzieci z Ko\u0142a nr 38 w Ostro\u0142\u0119ce uczestniczy\u0142y w imprezie plenerowej zorganizowanej przez Zarz\u0105d Ko\u0142a Narew na \u0142owisku Jegiel-Dolcan. Impreza sk\u0142ada\u0142a si\u0119 z Mistrzostw Sp\u0142awikowych w kategoriach kadet i junior oraz konkursach zr\u0119czno\u015bciowych dla dzieci w postaci \u201eW\u0119dki szcz\u0119\u015bcia\u201d i \u201eRzutu do celu\u201d &nbsp;<\/p>\n","protected":false},"author":2,"featured_media":0,"comment_status":"open","ping_status":"closed","sticky":false,"template":"","format":"standard","meta":{"footnotes":""},"categories":[20,17],"tags":[],"class_list":["post-2720","post","type-post","status-publish","format-standard","hentry","category-newsy","category-imprezy"],"_links":{"self":[{"href":"https:\/\/www.pzwnarew.pl\/index.php?rest_route=\/wp\/v2\/posts\/2720","targetHints":{"allow":["GET"]}}],"collection":[{"href":"https:\/\/www.pzwnarew.pl\/index.php?rest_route=\/wp\/v2\/posts"}],"about":[{"href":"https:\/\/www.pzwnarew.pl\/index.php?rest_route=\/wp\/v2\/types\/post"}],"author":[{"embeddable":true,"href":"https:\/\/www.pzwnarew.pl\/index.php?rest_route=\/wp\/v2\/users\/2"}],"replies":[{"embeddable":true,"href":"https:\/\/www.pzwnarew.pl\/index.php?rest_route=%2Fwp%2Fv2%2Fcomments&post=2720"}],"version-history":[{"count":12,"href":"https:\/\/www.pzwnarew.pl\/index.php?rest_route=\/wp\/v2\/posts\/2720\/revisions"}],"predecessor-version":[{"id":2738,"href":"https:\/\/www.pzwnarew.pl\/index.php?rest_route=\/wp\/v2\/posts\/2720\/revisions\/2738"}],"wp:attachment":[{"href":"https:\/\/www.pzwnarew.pl\/index.php?rest_route=%2Fwp%2Fv2%2Fmedia&parent=2720"}],"wp:term":[{"taxonomy":"category","embeddable":true,"href":"https:\/\/www.pzwnarew.pl\/index.php?rest_route=%2Fwp%2Fv2%2Fcategories&post=2720"},{"taxonomy":"post_tag","embeddable":true,"href":"https:\/\/www.pzwnarew.pl\/index.php?rest_route=%2Fwp%2Fv2%2Ftags&post=2720"}],"curies":[{"name":"wp","href":"https:\/\/api.w.org\/{rel}","templated":true}]}}