{"id":2688,"date":"2012-06-01T15:40:16","date_gmt":"2012-06-01T14:40:16","guid":{"rendered":"http:\/\/www.ostroleka.com.pl\/pzw-narew38\/?p=2688"},"modified":"2012-06-01T15:41:30","modified_gmt":"2012-06-01T14:41:30","slug":"leszcze-na-treningu","status":"publish","type":"post","link":"https:\/\/www.pzwnarew.pl\/?p=2688","title":{"rendered":"LESZCZE NA TRENINGU"},"content":{"rendered":"<p><span style=\"font-family: Times New Roman,serif;\"><span style=\"font-size: small;\">Nadesz\u0142a wiosna i \u201e3 leszcze\u201d wyruszy\u0142y na trening. W dniu 25 maja m\u0142odzie\u017c ze szk\u00f3\u0142ki w\u0119dkarskiej przy Kole Narew <a href=\"http:\/\/www.ostroleka.com.pl\/pzw-narew38\/wp-content\/uploads\/2012\/06\/IMG_0151.jpg\"><img loading=\"lazy\" decoding=\"async\" class=\"alignright size-thumbnail wp-image-2689\" title=\"IMG_0151\" src=\"http:\/\/www.ostroleka.com.pl\/pzw-narew38\/wp-content\/uploads\/2012\/06\/IMG_0151-150x150.jpg\" alt=\"\" width=\"150\" height=\"150\" \/><\/a>trenowa\u0142a na zalewie w Grodzisku.<\/span><\/span><\/p>\n<p><span style=\"font-family: Times New Roman,serif;\"><span style=\"font-size: small;\">Zalew w grodzisku nie jest \u0142atwym \u0142owiskiem ale m\u0142odzie\u017c opanowa\u0142a sztuk\u0119 po\u0142owu na tej wodzie. Najm\u0142odszy w szk\u00f3\u0142ce Maciek Mircevski specjalizowa\u0142 si\u0119 w po\u0142owie uklei, natomiast dziewczyny \u0142owi\u0142y p\u0142otki. Najstarsi stwierdzili, \u017ce du\u017ce punkty na zawodach to grube ryby ale gruba ryba w tym dniu nie bra\u0142a.<\/span><\/span><\/p>\n<p>&nbsp;<\/p>\n<p><span style=\"font-family: Times New Roman,serif;\"><span style=\"font-size: small;\"><!--more--><\/span><\/span><\/p>\n<p><span style=\"font-family: Times New Roman,serif;\"><span style=\"font-size: small;\">Najbli\u017cszy sprawdzian zawodniczy szk\u00f3\u0142ki to 3 czerwca.<\/span><\/span><\/p>\n<p><span style=\"font-family: Times New Roman,serif;\"><span style=\"font-size: small;\">Przekonamy si\u0119 kto najlepiej odrobi lekcje z treningu<\/span><\/span><\/p>\n<p><strong><span style=\"color: #ff0000;\"><a href=\"http:\/\/www.ostroleka.com.pl\/gallery_pzw\/thumbnails.php?album=96\"><span style=\"color: #ff0000;\"> \u00a0 \u00a0 \u00a0 \u00a0 \u00a0 \u00a0 galeria zdj\u0119\u0107 patrz&gt;&gt;&gt;<\/span><\/a><\/span><\/strong><\/p>\n","protected":false},"excerpt":{"rendered":"<p>Nadesz\u0142a wiosna i \u201e3 leszcze\u201d wyruszy\u0142y na trening. W dniu 25 maja m\u0142odzie\u017c ze szk\u00f3\u0142ki w\u0119dkarskiej przy Kole Narew trenowa\u0142a na zalewie w Grodzisku. Zalew w grodzisku nie jest \u0142atwym \u0142owiskiem ale m\u0142odzie\u017c opanowa\u0142a sztuk\u0119 po\u0142owu na tej wodzie. Najm\u0142odszy w szk\u00f3\u0142ce Maciek Mircevski specjalizowa\u0142 si\u0119 w po\u0142owie uklei, natomiast dziewczyny \u0142owi\u0142y p\u0142otki. Najstarsi stwierdzili, \u017ce du\u017ce punkty na zawodach to grube ryby ale gruba ryba w tym dniu nie bra\u0142a. &nbsp;<\/p>\n","protected":false},"author":2,"featured_media":0,"comment_status":"open","ping_status":"closed","sticky":false,"template":"","format":"standard","meta":{"footnotes":""},"categories":[20,27],"tags":[],"class_list":["post-2688","post","type-post","status-publish","format-standard","hentry","category-newsy","category-trojna"],"_links":{"self":[{"href":"https:\/\/www.pzwnarew.pl\/index.php?rest_route=\/wp\/v2\/posts\/2688","targetHints":{"allow":["GET"]}}],"collection":[{"href":"https:\/\/www.pzwnarew.pl\/index.php?rest_route=\/wp\/v2\/posts"}],"about":[{"href":"https:\/\/www.pzwnarew.pl\/index.php?rest_route=\/wp\/v2\/types\/post"}],"author":[{"embeddable":true,"href":"https:\/\/www.pzwnarew.pl\/index.php?rest_route=\/wp\/v2\/users\/2"}],"replies":[{"embeddable":true,"href":"https:\/\/www.pzwnarew.pl\/index.php?rest_route=%2Fwp%2Fv2%2Fcomments&post=2688"}],"version-history":[{"count":3,"href":"https:\/\/www.pzwnarew.pl\/index.php?rest_route=\/wp\/v2\/posts\/2688\/revisions"}],"predecessor-version":[{"id":2692,"href":"https:\/\/www.pzwnarew.pl\/index.php?rest_route=\/wp\/v2\/posts\/2688\/revisions\/2692"}],"wp:attachment":[{"href":"https:\/\/www.pzwnarew.pl\/index.php?rest_route=%2Fwp%2Fv2%2Fmedia&parent=2688"}],"wp:term":[{"taxonomy":"category","embeddable":true,"href":"https:\/\/www.pzwnarew.pl\/index.php?rest_route=%2Fwp%2Fv2%2Fcategories&post=2688"},{"taxonomy":"post_tag","embeddable":true,"href":"https:\/\/www.pzwnarew.pl\/index.php?rest_route=%2Fwp%2Fv2%2Ftags&post=2688"}],"curies":[{"name":"wp","href":"https:\/\/api.w.org\/{rel}","templated":true}]}}