{"id":2656,"date":"2012-05-27T19:37:13","date_gmt":"2012-05-27T18:37:13","guid":{"rendered":"http:\/\/www.ostroleka.com.pl\/pzw-narew38\/?p=2656"},"modified":"2012-05-31T17:29:48","modified_gmt":"2012-05-31T16:29:48","slug":"kadrowicze-wygrali","status":"publish","type":"post","link":"https:\/\/www.pzwnarew.pl\/?p=2656","title":{"rendered":"KADROWICZE WYGRALI"},"content":{"rendered":"<p><span style=\"font-family: Times New Roman,serif;\"><span style=\"font-size: small;\">W dniu 27 maja na \u0142owisku komercyjnym w Jeglu-Dolcan <a href=\"http:\/\/www.lowisko.dolcan.pl\/\">www.lowisko.dolcan.pl\/<\/a> ko\u0142o Bia\u0142ego<a href=\"http:\/\/www.ostroleka.com.pl\/pzw-narew38\/wp-content\/uploads\/2012\/05\/IMG_0354.jpg\"><img loading=\"lazy\" decoding=\"async\" class=\"alignright size-thumbnail wp-image-2660\" title=\"IMG_0354\" src=\"http:\/\/www.ostroleka.com.pl\/pzw-narew38\/wp-content\/uploads\/2012\/05\/IMG_0354-150x150.jpg\" alt=\"\" width=\"150\" height=\"150\" \/><\/a>b\u0142ota rozegrano Mistrzostwa Sp\u0142awikowe ko\u0142a nr 38 Narew w Ostro\u0142\u0119ce.<\/span><\/span><\/p>\n<p><span style=\"font-family: Times New Roman,serif;\"><span style=\"font-size: small;\">Mimo s\u0142abego \u017cerowania t\u0142ustych karpi atmosfera dopisywa\u0142a i duch bojowy nie opuszcza\u0142 \u017cadnego z 23 zawodnik\u00f3w.<\/span><\/span><\/p>\n<p><span style=\"font-family: Times New Roman,serif;\"><span style=\"font-size: small;\">Tym razem po raz kolejny nie zawiedli nasi kadrowicze. Reprezentanci ko\u0142a w sportach w\u0119dkarskich z\u0142apali najwi\u0119cej wypasionych karpi bo tylko taka ryb\u0119 \u0142apano na \u0142owisku.<!--more--><\/span><\/span><\/p>\n<p><span style=\"font-family: Times New Roman,serif;\"><span style=\"font-size: small;\">Pierwszy raz Mistrzem Sp\u0142awikowym zosta\u0142 Andrzej Za\u0142\u0119ski z najwi\u0119kszym karpiem zawod\u00f3w o wadze 3970 g. Zaraz za nim uplasowali sie kolejno Wicemistrz \u0141ukasz Romanik i trzeci niezawodny Zbigniew Lis, kt\u00f3ry za hol dwukilowego karpia na 0,14 zdoby\u0142 poklask kibic\u00f3w.<\/span><\/span><\/p>\n<p><a name=\"_GoBack\"><\/a><span style=\"font-family: Times New Roman,serif;\"><span style=\"font-size: small;\">Czwarty by\u0142 Mieczys\u0142aw Ochenkowski, kt\u00f3remu zbrak\u0142o jednej rybki aby wskoczy\u0107 na pud\u0142o.<\/span><\/span><\/p>\n<p><span style=\"font-family: Times New Roman,serif;\"><span style=\"font-size: small;\">Atmosfera \u0142owiska wspania\u0142a, opr\u00f3cz w\u0119dkowania obcowanie z przyrod\u0105 i cisza gwarantowana.<\/span><\/span><\/p>\n<p><span style=\"font-family: Times New Roman,serif;\"><span style=\"font-size: small;\">Dzi\u0119kujemy zawodnikom, kibicom i zapraszamy w czerwcu na maraton.<\/span><\/span><\/p>\n<p><span style=\"color: #ff0000;\"><span style=\"font-family: Times New Roman,serif;\"><span style=\"font-size: small;\">\u00a0\u00a0\u00a0\u00a0\u00a0\u00a0\u00a0\u00a0\u00a0\u00a0\u00a0\u00a0\u00a0\u00a0\u00a0\u00a0\u00a0\u00a0\u00a0\u00a0\u00a0\u00a0\u00a0\u00a0\u00a0\u00a0\u00a0\u00a0\u00a0\u00a0\u00a0\u00a0\u00a0\u00a0\u00a0\u00a0\u00a0\u00a0\u00a0\u00a0\u00a0\u00a0\u00a0\u00a0\u00a0\u00a0\u00a0\u00a0\u00a0\u00a0\u00a0\u00a0\u00a0\u00a0\u00a0\u00a0\u00a0\u00a0\u00a0\u00a0\u00a0\u00a0\u00a0\u00a0\u00a0\u00a0\u00a0\u00a0\u00a0\u00a0\u00a0\u00a0\u00a0\u00a0\u00a0\u00a0\u00a0\u00a0\u00a0<\/span><\/span><a href=\"http:\/\/www.ostroleka.com.pl\/gallery_pzw\/thumbnails.php?album=95\"><span style=\"color: #ff0000;\">Galeria zdj\u0119\u0107 patrz &lt;&lt;&lt;<\/span><\/a><\/span><\/p>\n<p><span style=\"color: #ff0000;\"><a href=\"http:\/\/www.youtube.com\/watch?v=yvhKde8eZ0c&amp;feature=relmfu\"><span style=\"color: #ff0000;\">\u00a0\u00a0\u00a0\u00a0\u00a0\u00a0\u00a0\u00a0\u00a0\u00a0\u00a0\u00a0\u00a0\u00a0\u00a0\u00a0\u00a0\u00a0\u00a0\u00a0\u00a0\u00a0\u00a0\u00a0\u00a0\u00a0\u00a0\u00a0\u00a0 film cz.1 ogl\u0105daj&gt;&gt;&gt;<\/span><\/a><\/span>\u00a0\u00a0\u00a0\u00a0\u00a0\u00a0\u00a0\u00a0\u00a0\u00a0\u00a0\u00a0\u00a0\u00a0\u00a0\u00a0\u00a0\u00a0\u00a0\u00a0\u00a0\u00a0\u00a0\u00a0\u00a0\u00a0\u00a0\u00a0\u00a0\u00a0\u00a0\u00a0\u00a0\u00a0\u00a0\u00a0<span style=\"color: #ff0000;\">\u00a0\u00a0\u00a0\u00a0\u00a0 <a href=\"http:\/\/www.youtube.com\/watch?v=othzL8heo8M\"><span style=\"color: #ff0000;\">film cz.2 ogl\u0105daj&gt;&gt;&gt;<\/span><\/a><\/span><\/p>\n<p><span style=\"color: #ff0000;\"><strong><span style=\"color: #000000;\">\u00a0\u00a0\u00a0\u00a0\u00a0\u00a0\u00a0\u00a0\u00a0\u00a0\u00a0\u00a0\u00a0\u00a0\u00a0\u00a0\u00a0\u00a0\u00a0\u00a0\u00a0\u00a0\u00a0\u00a0\u00a0\u00a0\u00a0\u00a0\u00a0\u00a0\u00a0\u00a0 \u00a0 \u00a0 \u00a0 \u00a0 \u00a0 \u00a0 \u00a0 \u00a0 \u00a0 \u00a0 \u00a0 \u00a0 \u00a0 \u00a0 \u00a0 \u00a0 \u00a0 \u00a0 \u00a0 \u00a0 \u00a0 \u00a0 \u00a0 \u00a0 \u00a0 \u00a0 \u00a0 \u00a0 \u00a0 \u00a0 \u00a0 \u00a0 \u00a0 \u00a0 \u00a0 \u00a0 \u00a0 \u00a0 \u00a0 \u00a0 \u00a0 \u00a0 \u00a0 \u00a0 \u00a0 \u00a0 \u00a0 Pozdrowienia A.R<\/span><\/strong><br \/>\n<\/span><\/p>\n","protected":false},"excerpt":{"rendered":"<p>W dniu 27 maja na \u0142owisku komercyjnym w Jeglu-Dolcan www.lowisko.dolcan.pl\/ ko\u0142o Bia\u0142egob\u0142ota rozegrano Mistrzostwa Sp\u0142awikowe ko\u0142a nr 38 Narew w Ostro\u0142\u0119ce. Mimo s\u0142abego \u017cerowania t\u0142ustych karpi atmosfera dopisywa\u0142a i duch bojowy nie opuszcza\u0142 \u017cadnego z 23 zawodnik\u00f3w. Tym razem po raz kolejny nie zawiedli nasi kadrowicze. Reprezentanci ko\u0142a w sportach w\u0119dkarskich z\u0142apali najwi\u0119cej wypasionych karpi bo tylko taka ryb\u0119 \u0142apano na \u0142owisku.<\/p>\n","protected":false},"author":2,"featured_media":0,"comment_status":"open","ping_status":"closed","sticky":false,"template":"","format":"standard","meta":{"footnotes":""},"categories":[20,17],"tags":[],"class_list":["post-2656","post","type-post","status-publish","format-standard","hentry","category-newsy","category-imprezy"],"_links":{"self":[{"href":"https:\/\/www.pzwnarew.pl\/index.php?rest_route=\/wp\/v2\/posts\/2656","targetHints":{"allow":["GET"]}}],"collection":[{"href":"https:\/\/www.pzwnarew.pl\/index.php?rest_route=\/wp\/v2\/posts"}],"about":[{"href":"https:\/\/www.pzwnarew.pl\/index.php?rest_route=\/wp\/v2\/types\/post"}],"author":[{"embeddable":true,"href":"https:\/\/www.pzwnarew.pl\/index.php?rest_route=\/wp\/v2\/users\/2"}],"replies":[{"embeddable":true,"href":"https:\/\/www.pzwnarew.pl\/index.php?rest_route=%2Fwp%2Fv2%2Fcomments&post=2656"}],"version-history":[{"count":12,"href":"https:\/\/www.pzwnarew.pl\/index.php?rest_route=\/wp\/v2\/posts\/2656\/revisions"}],"predecessor-version":[{"id":2658,"href":"https:\/\/www.pzwnarew.pl\/index.php?rest_route=\/wp\/v2\/posts\/2656\/revisions\/2658"}],"wp:attachment":[{"href":"https:\/\/www.pzwnarew.pl\/index.php?rest_route=%2Fwp%2Fv2%2Fmedia&parent=2656"}],"wp:term":[{"taxonomy":"category","embeddable":true,"href":"https:\/\/www.pzwnarew.pl\/index.php?rest_route=%2Fwp%2Fv2%2Fcategories&post=2656"},{"taxonomy":"post_tag","embeddable":true,"href":"https:\/\/www.pzwnarew.pl\/index.php?rest_route=%2Fwp%2Fv2%2Ftags&post=2656"}],"curies":[{"name":"wp","href":"https:\/\/api.w.org\/{rel}","templated":true}]}}