{"id":2628,"date":"2012-05-10T14:49:32","date_gmt":"2012-05-10T13:49:32","guid":{"rendered":"http:\/\/www.ostroleka.com.pl\/pzw-narew38\/?p=2628"},"modified":"2012-05-11T16:44:00","modified_gmt":"2012-05-11T15:44:00","slug":"wycieczka-dla-rodzicow-i-dzieci","status":"publish","type":"post","link":"https:\/\/www.pzwnarew.pl\/?p=2628","title":{"rendered":"WYCIECZKA DLA DZIECI Z RODZICAMI"},"content":{"rendered":"<p align=\"JUSTIFY\"><span style=\"font-family: Times New Roman,serif;\"><span style=\"font-size: large;\">Zarz\u0105d Ko\u0142a PZW Narew nr 38 w Ostro\u0142\u0119ce organizuje w dniu 03 czerwca ( niedziela ) <a href=\"http:\/\/www.ostroleka.com.pl\/pzw-narew38\/wp-content\/uploads\/2012\/05\/zaw1.jpg\"><img loading=\"lazy\" decoding=\"async\" class=\"alignright size-thumbnail wp-image-2638\" title=\"zaw1\" src=\"http:\/\/www.ostroleka.com.pl\/pzw-narew38\/wp-content\/uploads\/2012\/05\/zaw1-150x150.jpg\" alt=\"\" width=\"150\" height=\"150\" \/><\/a>wycieczk\u0119 na \u0142owisko komercyjne w Jegiel k. Bia\u0142ego B\u0142ota z okazji Dnia Dziecka. Przyjmujemy zapisy dzieci wraz z rodzicami ( cz\u0142onkami Ko\u0142a Narew) do dnia 30 maja.<\/span><\/span><\/p>\n<p align=\"JUSTIFY\"><span style=\"font-family: Times New Roman,serif;\"><span style=\"font-size: large;\">W trakcie imprezy przewidziano konkursy zr\u0119czno\u015bciowe dla dzieci oraz zawody sp\u0142awikowe dla umiej\u0105cych pos\u0142ugiwa\u0107 si\u0119 w\u0119dk\u0105. Prosimy w miar\u0119 mo\u017cliwo\u015bci o wyposa\u017cenie dzieci w w\u0119dk\u0119 ( bat 4-5 metrowy + sadz do ryb).<!--more--><\/span><\/span><\/p>\n<p align=\"JUSTIFY\"><span style=\"font-family: Times New Roman,serif;\"><span style=\"font-size: large;\">Dojazd na miejsce imprezy autokarem.<\/span><\/span><\/p>\n<p align=\"JUSTIFY\"><span style=\"font-family: Times New Roman,serif;\"><span style=\"font-size: large;\">Przewidziano pocz\u0119stunek dla dzieci , upominki, gad\u017cety oraz nagrody w konkursach i zawodach sp\u0142awikowych.<\/span><\/span><\/p>\n<p align=\"JUSTIFY\"><span style=\"font-family: Times New Roman,serif;\"><span style=\"font-size: large;\">Zapraszamy wszystkie dzieci w przedziale do 16-tu lat.<\/span><\/span><\/p>\n<p align=\"JUSTIFY\"><span style=\"font-family: Times New Roman,serif;\"><span style=\"font-size: large;\">Wyjazd autokaru z parkingu OCK w dniu 03.06.2012 o godz. 7.00<\/span><\/span><\/p>\n","protected":false},"excerpt":{"rendered":"<p>Zarz\u0105d Ko\u0142a PZW Narew nr 38 w Ostro\u0142\u0119ce organizuje w dniu 03 czerwca ( niedziela ) wycieczk\u0119 na \u0142owisko komercyjne w Jegiel k. Bia\u0142ego B\u0142ota z okazji Dnia Dziecka. Przyjmujemy zapisy dzieci wraz z rodzicami ( cz\u0142onkami Ko\u0142a Narew) do dnia 30 maja. W trakcie imprezy przewidziano konkursy zr\u0119czno\u015bciowe dla dzieci oraz zawody sp\u0142awikowe dla umiej\u0105cych pos\u0142ugiwa\u0107 si\u0119 w\u0119dk\u0105. Prosimy w miar\u0119 mo\u017cliwo\u015bci o wyposa\u017cenie dzieci w w\u0119dk\u0119 ( bat 4-5 metrowy + sadz do ryb).<\/p>\n","protected":false},"author":2,"featured_media":0,"comment_status":"open","ping_status":"closed","sticky":false,"template":"","format":"standard","meta":{"footnotes":""},"categories":[20],"tags":[],"class_list":["post-2628","post","type-post","status-publish","format-standard","hentry","category-newsy"],"_links":{"self":[{"href":"https:\/\/www.pzwnarew.pl\/index.php?rest_route=\/wp\/v2\/posts\/2628","targetHints":{"allow":["GET"]}}],"collection":[{"href":"https:\/\/www.pzwnarew.pl\/index.php?rest_route=\/wp\/v2\/posts"}],"about":[{"href":"https:\/\/www.pzwnarew.pl\/index.php?rest_route=\/wp\/v2\/types\/post"}],"author":[{"embeddable":true,"href":"https:\/\/www.pzwnarew.pl\/index.php?rest_route=\/wp\/v2\/users\/2"}],"replies":[{"embeddable":true,"href":"https:\/\/www.pzwnarew.pl\/index.php?rest_route=%2Fwp%2Fv2%2Fcomments&post=2628"}],"version-history":[{"count":4,"href":"https:\/\/www.pzwnarew.pl\/index.php?rest_route=\/wp\/v2\/posts\/2628\/revisions"}],"predecessor-version":[{"id":2641,"href":"https:\/\/www.pzwnarew.pl\/index.php?rest_route=\/wp\/v2\/posts\/2628\/revisions\/2641"}],"wp:attachment":[{"href":"https:\/\/www.pzwnarew.pl\/index.php?rest_route=%2Fwp%2Fv2%2Fmedia&parent=2628"}],"wp:term":[{"taxonomy":"category","embeddable":true,"href":"https:\/\/www.pzwnarew.pl\/index.php?rest_route=%2Fwp%2Fv2%2Fcategories&post=2628"},{"taxonomy":"post_tag","embeddable":true,"href":"https:\/\/www.pzwnarew.pl\/index.php?rest_route=%2Fwp%2Fv2%2Ftags&post=2628"}],"curies":[{"name":"wp","href":"https:\/\/api.w.org\/{rel}","templated":true}]}}