{"id":2607,"date":"2012-05-02T19:14:35","date_gmt":"2012-05-02T18:14:35","guid":{"rendered":"http:\/\/www.ostroleka.com.pl\/pzw-narew38\/?p=2607"},"modified":"2012-05-02T20:35:25","modified_gmt":"2012-05-02T19:35:25","slug":"leszcze-na-olimpiadzie","status":"publish","type":"post","link":"https:\/\/www.pzwnarew.pl\/?p=2607","title":{"rendered":"LESZCZE NA OLIMPIADZIE"},"content":{"rendered":"<p>W dniach 28 i 29 kwietnia br. szk\u00f3\u0142ka w\u0119dkarska &#8222;3 Leszcze&#8221; startowa\u0142a w Okr\u0119gowej Olimpiadzie M\u0142odzie\u017cy<a href=\"http:\/\/www.ostroleka.com.pl\/pzw-narew38\/wp-content\/uploads\/2012\/05\/10.jpg\"><img loading=\"lazy\" decoding=\"async\" class=\"alignright size-thumbnail wp-image-2609\" title=\"&lt;Digimax S600 \/ Kenox S600 \/ Digimax Cyber 630&gt;\" src=\"http:\/\/www.ostroleka.com.pl\/pzw-narew38\/wp-content\/uploads\/2012\/05\/10-150x150.jpg\" alt=\"\" width=\"150\" height=\"150\" \/><\/a> w Sporcie W\u0119dkarskim.<\/p>\n<p>M\u0142odzie\u017c pojecha\u0142a pod opiek\u0105\u00a0 prowadz\u0105cego szk\u00f3\u0142k\u0119 Zdzis\u0142awa Sienickiego\u00a0 , pedagoga z wieloletni\u0105 praktyk\u0105 instruktora m\u0142odzie\u017cowego w\u0119dkarstwa Jerzego Konkiela oraz rodzic\u00f3w Micha\u0142a Terlikowskiego i Zlate Mircevski .<\/p>\n<p><!--more--><\/p>\n<p>W sk\u0142ad dru\u017cyny weszli : w kategorii integracyjnej do lat 8 &#8211; Maciej Mircevski<\/p>\n<p>w kategorii do lat 12\u00a0\u00a0\u00a0\u00a0\u00a0\u00a0\u00a0\u00a0\u00a0\u00a0\u00a0\u00a0\u00a0\u00a0\u00a0\u00a0 &#8211; Dominik Zawojek, Piotr Terlikowski i Bruno Mircevski<\/p>\n<p>w kategorii do lat 14\u00a0\u00a0\u00a0\u00a0\u00a0\u00a0\u00a0\u00a0\u00a0\u00a0\u00a0\u00a0\u00a0\u00a0\u00a0\u00a0\u00a0 -Marcin Zawojek<\/p>\n<p>w kategorii do lat 16\u00a0\u00a0\u00a0\u00a0\u00a0\u00a0\u00a0\u00a0\u00a0\u00a0\u00a0\u00a0\u00a0\u00a0\u00a0\u00a0 &#8211; Marek \u017bebrowski<\/p>\n<p>W pal\u0105cym s\u0142o\u0144cu nad wartk\u0105 Wis\u0142\u0105 w Wyszogrodzie rywalizowano w konkurencjach : zawody sp\u0142awikowe na Wi\u015ble,<\/p>\n<p>rzutowym tr\u00f3jboju spinningowym i te\u015bcie ekologiczno-w\u0119dkarskim .<\/p>\n<p>Ostatecznie nasi zawodnicy pomimo tremy\u00a0, spisali si\u0119 dzielnie i zaj\u0119li X miejsce w klasyfikacji dru\u017cynowej<\/p>\n<p>oraz VI miejsce w te\u015bcie ekologiczno-w\u0119dkarskim.<\/p>\n<p>Indywidualnie sukcesem popisa\u0142 si\u0119 Dominik Zawojek zajmuj\u0105c V miejsce w rzutowym tr\u00f3jboju spinningowym w kat. dzieci do lat 12\u00a0 i V miejsce w indywidualnej klasyfikacji generalnej w tej samej kategorii.<\/p>\n<p>Zarz\u0105d Ko\u0142a nr 38 Narew dzi\u0119kuje reprezentantom za dzielna postaw\u0119 oraz sk\u0142ada podzi\u0119kowania prowadz\u0105cemu szk\u00f3\u0142k\u0119, Panu Jerzemu Konkielowi i rodzicom towarzysz\u0105cy w Olimpiadzie .<\/p>\n<p><span style=\"color: #ff0000;\">\u00a0\u00a0\u00a0\u00a0\u00a0\u00a0\u00a0\u00a0\u00a0\u00a0\u00a0\u00a0\u00a0\u00a0\u00a0\u00a0\u00a0\u00a0\u00a0\u00a0\u00a0\u00a0\u00a0\u00a0\u00a0\u00a0\u00a0\u00a0\u00a0\u00a0\u00a0\u00a0\u00a0\u00a0\u00a0\u00a0\u00a0\u00a0\u00a0\u00a0\u00a0\u00a0\u00a0\u00a0\u00a0\u00a0\u00a0\u00a0\u00a0\u00a0\u00a0\u00a0\u00a0\u00a0\u00a0\u00a0\u00a0\u00a0\u00a0\u00a0\u00a0\u00a0\u00a0\u00a0\u00a0\u00a0\u00a0 <a href=\"http:\/\/www.ostroleka.com.pl\/gallery_pzw\/thumbnails.php?album=91\"><span style=\"color: #ff0000;\">Galeria zdj\u0119\u0107 kliknij &gt;&gt;&gt;<\/span><\/a><\/span><\/p>\n","protected":false},"excerpt":{"rendered":"<p>W dniach 28 i 29 kwietnia br. szk\u00f3\u0142ka w\u0119dkarska &#8222;3 Leszcze&#8221; startowa\u0142a w Okr\u0119gowej Olimpiadzie M\u0142odzie\u017cy w Sporcie W\u0119dkarskim. M\u0142odzie\u017c pojecha\u0142a pod opiek\u0105\u00a0 prowadz\u0105cego szk\u00f3\u0142k\u0119 Zdzis\u0142awa Sienickiego\u00a0 , pedagoga z wieloletni\u0105 praktyk\u0105 instruktora m\u0142odzie\u017cowego w\u0119dkarstwa Jerzego Konkiela oraz rodzic\u00f3w Micha\u0142a Terlikowskiego i Zlate Mircevski .<\/p>\n","protected":false},"author":2,"featured_media":0,"comment_status":"open","ping_status":"closed","sticky":false,"template":"","format":"standard","meta":{"footnotes":""},"categories":[20,27],"tags":[],"class_list":["post-2607","post","type-post","status-publish","format-standard","hentry","category-newsy","category-trojna"],"_links":{"self":[{"href":"https:\/\/www.pzwnarew.pl\/index.php?rest_route=\/wp\/v2\/posts\/2607","targetHints":{"allow":["GET"]}}],"collection":[{"href":"https:\/\/www.pzwnarew.pl\/index.php?rest_route=\/wp\/v2\/posts"}],"about":[{"href":"https:\/\/www.pzwnarew.pl\/index.php?rest_route=\/wp\/v2\/types\/post"}],"author":[{"embeddable":true,"href":"https:\/\/www.pzwnarew.pl\/index.php?rest_route=\/wp\/v2\/users\/2"}],"replies":[{"embeddable":true,"href":"https:\/\/www.pzwnarew.pl\/index.php?rest_route=%2Fwp%2Fv2%2Fcomments&post=2607"}],"version-history":[{"count":9,"href":"https:\/\/www.pzwnarew.pl\/index.php?rest_route=\/wp\/v2\/posts\/2607\/revisions"}],"predecessor-version":[{"id":2617,"href":"https:\/\/www.pzwnarew.pl\/index.php?rest_route=\/wp\/v2\/posts\/2607\/revisions\/2617"}],"wp:attachment":[{"href":"https:\/\/www.pzwnarew.pl\/index.php?rest_route=%2Fwp%2Fv2%2Fmedia&parent=2607"}],"wp:term":[{"taxonomy":"category","embeddable":true,"href":"https:\/\/www.pzwnarew.pl\/index.php?rest_route=%2Fwp%2Fv2%2Fcategories&post=2607"},{"taxonomy":"post_tag","embeddable":true,"href":"https:\/\/www.pzwnarew.pl\/index.php?rest_route=%2Fwp%2Fv2%2Ftags&post=2607"}],"curies":[{"name":"wp","href":"https:\/\/api.w.org\/{rel}","templated":true}]}}