{"id":2574,"date":"2012-04-26T20:23:15","date_gmt":"2012-04-26T19:23:15","guid":{"rendered":"http:\/\/www.ostroleka.com.pl\/pzw-narew38\/?p=2574"},"modified":"2012-04-26T20:42:48","modified_gmt":"2012-04-26T19:42:48","slug":"sprzatanie-brzegow-narwi","status":"publish","type":"post","link":"https:\/\/www.pzwnarew.pl\/?p=2574","title":{"rendered":"Sprz\u0105tanie brzeg\u00f3w  Narwi"},"content":{"rendered":"<p>Zarz\u0105d Ko\u0142a PZW nr 38 Narew w Ostro\u0142\u0119ce zorganizowa\u0142 w dniu 26 kwietnia br. akcj\u0119 sprz\u0105tania brzeg\u00f3w <a href=\"http:\/\/www.ostroleka.com.pl\/pzw-narew38\/wp-content\/uploads\/2012\/04\/kielak.jpg\"><img loading=\"lazy\" decoding=\"async\" class=\"alignright size-thumbnail wp-image-2576\" title=\"kielak\" src=\"http:\/\/www.ostroleka.com.pl\/pzw-narew38\/wp-content\/uploads\/2012\/04\/kielak-150x150.jpg\" alt=\"\" width=\"150\" height=\"150\" \/><\/a>rzeki Narwi w ramach \u201eTygodnia Czysto\u015bci W\u00f3d\u201d. W akcji uczestniczy\u0142 zarz\u0105d oraz cz\u0142onkowie ko\u0142a Narew. Zbi\u00f3rka odby\u0142a si\u0119 przy boksach nad Narwi\u0105 ko\u0142o klubu Bosman przy wypo\u017cyczalni Kajak\u00f3w o godzinie 16,00. W akcji udzia\u0142 wzi\u0119\u0142a nasza szk\u00f3\u0142ka w\u0119dkarska \u201eTr\u00f3jka Leszcze\u201d przy ZS nr 3. Po sprz\u0105taniu\u00a0 wychowawca grupy Zdzis\u0142aw Sienicki przygotowywa\u0142 m\u0142odych w\u0119dkarzy do olimpiady m\u0142odzie\u017cowej. Grupa \u201etr\u00f3jka Leszcze\u201d uczy\u0142a si\u0119 zan\u0119ca\u0107 i \u0142apa\u0107 metod\u0105 sp\u0142awikow\u0105 \u00a0na ostrym nurcie rzeki.<\/p>\n<p><a href=\"http:\/\/www.ostroleka.com.pl\/gallery_pzw\/thumbnails.php?album=90\">\u00a0\u00a0\u00a0\u00a0\u00a0<strong><span style=\"color: #ff0000;\"> Galeria zdj\u0119\u0107 patrz&gt;&gt;&gt;<\/span><\/strong><\/a><\/p>\n","protected":false},"excerpt":{"rendered":"<p>Zarz\u0105d Ko\u0142a PZW nr 38 Narew w Ostro\u0142\u0119ce zorganizowa\u0142 w dniu 26 kwietnia br. akcj\u0119 sprz\u0105tania brzeg\u00f3w rzeki Narwi w ramach \u201eTygodnia Czysto\u015bci W\u00f3d\u201d. W akcji uczestniczy\u0142 zarz\u0105d oraz cz\u0142onkowie ko\u0142a Narew. Zbi\u00f3rka odby\u0142a si\u0119 przy boksach nad Narwi\u0105 ko\u0142o klubu Bosman przy wypo\u017cyczalni Kajak\u00f3w o godzinie 16,00. W akcji udzia\u0142 wzi\u0119\u0142a nasza szk\u00f3\u0142ka w\u0119dkarska \u201eTr\u00f3jka Leszcze\u201d przy ZS nr 3. Po sprz\u0105taniu\u00a0 wychowawca grupy Zdzis\u0142aw Sienicki przygotowywa\u0142 m\u0142odych w\u0119dkarzy do olimpiady m\u0142odzie\u017cowej. Grupa \u201etr\u00f3jka Leszcze\u201d uczy\u0142a si\u0119 zan\u0119ca\u0107 i&#8230;<\/p>\n<p class=\"read-more\"><a class=\"btn btn-default\" href=\"https:\/\/www.pzwnarew.pl\/?p=2574\"> Read More<span class=\"screen-reader-text\">  Read More<\/span><\/a><\/p>\n","protected":false},"author":2,"featured_media":0,"comment_status":"open","ping_status":"closed","sticky":false,"template":"","format":"standard","meta":{"footnotes":""},"categories":[20],"tags":[],"class_list":["post-2574","post","type-post","status-publish","format-standard","hentry","category-newsy"],"_links":{"self":[{"href":"https:\/\/www.pzwnarew.pl\/index.php?rest_route=\/wp\/v2\/posts\/2574","targetHints":{"allow":["GET"]}}],"collection":[{"href":"https:\/\/www.pzwnarew.pl\/index.php?rest_route=\/wp\/v2\/posts"}],"about":[{"href":"https:\/\/www.pzwnarew.pl\/index.php?rest_route=\/wp\/v2\/types\/post"}],"author":[{"embeddable":true,"href":"https:\/\/www.pzwnarew.pl\/index.php?rest_route=\/wp\/v2\/users\/2"}],"replies":[{"embeddable":true,"href":"https:\/\/www.pzwnarew.pl\/index.php?rest_route=%2Fwp%2Fv2%2Fcomments&post=2574"}],"version-history":[{"count":4,"href":"https:\/\/www.pzwnarew.pl\/index.php?rest_route=\/wp\/v2\/posts\/2574\/revisions"}],"predecessor-version":[{"id":2578,"href":"https:\/\/www.pzwnarew.pl\/index.php?rest_route=\/wp\/v2\/posts\/2574\/revisions\/2578"}],"wp:attachment":[{"href":"https:\/\/www.pzwnarew.pl\/index.php?rest_route=%2Fwp%2Fv2%2Fmedia&parent=2574"}],"wp:term":[{"taxonomy":"category","embeddable":true,"href":"https:\/\/www.pzwnarew.pl\/index.php?rest_route=%2Fwp%2Fv2%2Fcategories&post=2574"},{"taxonomy":"post_tag","embeddable":true,"href":"https:\/\/www.pzwnarew.pl\/index.php?rest_route=%2Fwp%2Fv2%2Ftags&post=2574"}],"curies":[{"name":"wp","href":"https:\/\/api.w.org\/{rel}","templated":true}]}}