{"id":2538,"date":"2012-04-24T19:07:29","date_gmt":"2012-04-24T18:07:29","guid":{"rendered":"http:\/\/www.ostroleka.com.pl\/pzw-narew38\/?p=2538"},"modified":"2012-04-29T10:48:55","modified_gmt":"2012-04-29T09:48:55","slug":"nasi-sedziowie-podnosza-kwalifikacje","status":"publish","type":"post","link":"https:\/\/www.pzwnarew.pl\/?p=2538","title":{"rendered":"NASI  S\u0118DZIOWIE  PODNOSZ\u0104  KWALIFIKACJE"},"content":{"rendered":"<p>S\u0119dziowie z Ko\u0142a 38 Narew zdobywaj\u0105\u00a0 do\u015bwiadczenie na zawodach r\u00f3\u017cnej rangi.<a href=\"http:\/\/www.ostroleka.com.pl\/pzw-narew38\/wp-content\/uploads\/2012\/04\/SANY0159.jpg\"><img loading=\"lazy\" decoding=\"async\" class=\"alignright size-thumbnail wp-image-2539\" title=\"SANYO DIGITAL CAMERA\" src=\"http:\/\/www.ostroleka.com.pl\/pzw-narew38\/wp-content\/uploads\/2012\/04\/SANY0159-150x150.jpg\" alt=\"\" width=\"150\" height=\"150\" \/><\/a><\/p>\n<p>W tym roku s\u0119dzia\u00a0 klasy okr\u0119gowej Andrzej Raszkiewicz oraz sta\u017cysta na s\u0119dziego<\/p>\n<p>Sebastian Bia\u0142czak\u00a0 s\u0119dziowali\u00a0 w dniach\u00a0 21 i 22 kwietnia dwie tury extraklasy w\u0119dkarskiej w Polsce tj. zawody z Cyklu Grand Prix o Puchar Warszawy.<\/p>\n<p>Zawody te tradycyjnie rozgrywano na kanale \u017cera\u0144skim.<\/p>\n<p><!--more--><\/p>\n<p>Dla s\u0119dzi\u00f3w taka \u00a0I \u00a0liga w\u0119dkarska to nie tylko do\u015bwiadczenie ale tak\u017ce du\u017ca frajda bycia uczestnikiem <a href=\"http:\/\/www.ostroleka.com.pl\/pzw-narew38\/wp-content\/uploads\/2012\/04\/SANY0154.jpg\"><img loading=\"lazy\" decoding=\"async\" class=\"alignright size-medium wp-image-2540\" title=\"SANYO DIGITAL CAMERA\" src=\"http:\/\/www.ostroleka.com.pl\/pzw-narew38\/wp-content\/uploads\/2012\/04\/SANY0154-300x225.jpg\" alt=\"\" width=\"300\" height=\"225\" srcset=\"https:\/\/www.pzwnarew.pl\/wp-content\/uploads\/2012\/04\/SANY0154-300x225.jpg 300w, https:\/\/www.pzwnarew.pl\/wp-content\/uploads\/2012\/04\/SANY0154-1024x768.jpg 1024w, https:\/\/www.pzwnarew.pl\/wp-content\/uploads\/2012\/04\/SANY0154.jpg 2048w\" sizes=\"auto, (max-width: 300px) 100vw, 300px\" \/><\/a>wa\u017cnej imprezy w\u0119dkarskiej.<\/p>\n<p>Samo popatrzenie na kunszt w\u0119dkarski takich tuz\u00f3w jak Bogus\u0142aw Brud lub Artur Kulka, to ju\u017c przyjemno\u015b\u0107 i prze\u017cycie dla ka\u017cdego w\u0119dkarza.<\/p>\n<p>Sebastian Bia\u0142czak mi\u0142o wspomina wymian\u0119 zda\u0144 z tymi wyczynowcami, kt\u00f3rzy poza stanowiskiem w\u0119dkarskim s\u0105 takimi samymi w\u0119dkarzami jak my wszyscy tyle, \u017ce posiadaj\u0105 wiedz\u0119 o wiele szersz\u0105 w jedej technice w\u0119dkarstwa.<\/p>\n<p>Par\u0119 s\u0142\u00f3w z Tomaszem Nysztalem po zako\u0144czeniu zawod\u00f3w potrafi o wiele lepiej przybli\u017cy\u0107 w\u0119dkarstwo ni\u017c niejeden tekst w fachowej prasie.<\/p>\n<p><a href=\"http:\/\/www.ostroleka.com.pl\/pzw-narew38\/wp-content\/uploads\/2012\/04\/diabel.jpg\"><img loading=\"lazy\" decoding=\"async\" class=\"alignleft size-thumbnail wp-image-2595\" title=\"diabel\" src=\"http:\/\/www.ostroleka.com.pl\/pzw-narew38\/wp-content\/uploads\/2012\/04\/diabel-150x150.jpg\" alt=\"\" width=\"150\" height=\"150\" \/><\/a><a href=\"http:\/\/www.ostroleka.com.pl\/pzw-narew38\/wp-content\/uploads\/2012\/04\/sedz.jpg\"><img loading=\"lazy\" decoding=\"async\" class=\"alignright size-thumbnail wp-image-2596\" title=\"sedz\" src=\"http:\/\/www.ostroleka.com.pl\/pzw-narew38\/wp-content\/uploads\/2012\/04\/sedz-150x150.jpg\" alt=\"\" width=\"150\" height=\"150\" \/><\/a><\/p>\n<p>&nbsp;<\/p>\n<p>&nbsp;<\/p>\n","protected":false},"excerpt":{"rendered":"<p>S\u0119dziowie z Ko\u0142a 38 Narew zdobywaj\u0105\u00a0 do\u015bwiadczenie na zawodach r\u00f3\u017cnej rangi. W tym roku s\u0119dzia\u00a0 klasy okr\u0119gowej Andrzej Raszkiewicz oraz sta\u017cysta na s\u0119dziego Sebastian Bia\u0142czak\u00a0 s\u0119dziowali\u00a0 w dniach\u00a0 21 i 22 kwietnia dwie tury extraklasy w\u0119dkarskiej w Polsce tj. zawody z Cyklu Grand Prix o Puchar Warszawy. Zawody te tradycyjnie rozgrywano na kanale \u017cera\u0144skim.<\/p>\n","protected":false},"author":2,"featured_media":0,"comment_status":"open","ping_status":"closed","sticky":false,"template":"","format":"standard","meta":{"footnotes":""},"categories":[20],"tags":[],"class_list":["post-2538","post","type-post","status-publish","format-standard","hentry","category-newsy"],"_links":{"self":[{"href":"https:\/\/www.pzwnarew.pl\/index.php?rest_route=\/wp\/v2\/posts\/2538","targetHints":{"allow":["GET"]}}],"collection":[{"href":"https:\/\/www.pzwnarew.pl\/index.php?rest_route=\/wp\/v2\/posts"}],"about":[{"href":"https:\/\/www.pzwnarew.pl\/index.php?rest_route=\/wp\/v2\/types\/post"}],"author":[{"embeddable":true,"href":"https:\/\/www.pzwnarew.pl\/index.php?rest_route=\/wp\/v2\/users\/2"}],"replies":[{"embeddable":true,"href":"https:\/\/www.pzwnarew.pl\/index.php?rest_route=%2Fwp%2Fv2%2Fcomments&post=2538"}],"version-history":[{"count":3,"href":"https:\/\/www.pzwnarew.pl\/index.php?rest_route=\/wp\/v2\/posts\/2538\/revisions"}],"predecessor-version":[{"id":2597,"href":"https:\/\/www.pzwnarew.pl\/index.php?rest_route=\/wp\/v2\/posts\/2538\/revisions\/2597"}],"wp:attachment":[{"href":"https:\/\/www.pzwnarew.pl\/index.php?rest_route=%2Fwp%2Fv2%2Fmedia&parent=2538"}],"wp:term":[{"taxonomy":"category","embeddable":true,"href":"https:\/\/www.pzwnarew.pl\/index.php?rest_route=%2Fwp%2Fv2%2Fcategories&post=2538"},{"taxonomy":"post_tag","embeddable":true,"href":"https:\/\/www.pzwnarew.pl\/index.php?rest_route=%2Fwp%2Fv2%2Ftags&post=2538"}],"curies":[{"name":"wp","href":"https:\/\/api.w.org\/{rel}","templated":true}]}}