{"id":2479,"date":"2012-04-11T13:18:23","date_gmt":"2012-04-11T12:18:23","guid":{"rendered":"http:\/\/www.ostroleka.com.pl\/pzw-narew38\/?p=2479"},"modified":"2015-03-13T21:36:11","modified_gmt":"2015-03-13T20:36:11","slug":"kamera-na-zywo","status":"publish","type":"post","link":"https:\/\/www.pzwnarew.pl\/?p=2479","title":{"rendered":"kamera na \u017cywo Ostro\u0142\u0119ka"},"content":{"rendered":"<p>Specjalnie dla naszych u\u017cytkownik\u00f3w zamontowali\u015bmy kamera online we wsp\u00f3\u0142pracy z\u00a0 za przyja\u017anionym portalem eostroleka mo\u017cemy ogl\u0105da\u0107 na \u017cywo ostro\u0142\u0119cki port i rzek\u0119 Narew.<\/p>\n<p><span style=\"color: #ff0000;\">Zapraszamy do ogl\u0105dania. <span style=\"color: #000000;\">Wystarczy klikn\u0105\u0107 PLAY.<\/span><\/span><\/p>\n<p><a href=\"http:\/\/www.eostroleka.pl\/kamera,most-madalinskiego.html\"><img loading=\"lazy\" decoding=\"async\" class=\"aligncenter wp-image-4071 size-full\" src=\"http:\/\/www.pzwnarew.pl\/wp-content\/uploads\/2012\/04\/kamera22.jpg\" alt=\"kamera22\" width=\"320\" height=\"263\" srcset=\"https:\/\/www.pzwnarew.pl\/wp-content\/uploads\/2012\/04\/kamera22.jpg 320w, https:\/\/www.pzwnarew.pl\/wp-content\/uploads\/2012\/04\/kamera22-300x246.jpg 300w\" sizes=\"auto, (max-width: 320px) 100vw, 320px\" \/><\/a><\/p>\n<p><a href=\"http:\/\/www.eostroleka.pl\/kamera,ulica-sienkiewicza.html\"><img loading=\"lazy\" decoding=\"async\" class=\"aligncenter wp-image-4073 size-full\" src=\"http:\/\/www.pzwnarew.pl\/wp-content\/uploads\/2012\/04\/kamera1.jpg\" alt=\"kamera1\" width=\"320\" height=\"263\" srcset=\"https:\/\/www.pzwnarew.pl\/wp-content\/uploads\/2012\/04\/kamera1.jpg 320w, https:\/\/www.pzwnarew.pl\/wp-content\/uploads\/2012\/04\/kamera1-300x246.jpg 300w\" sizes=\"auto, (max-width: 320px) 100vw, 320px\" \/><\/a><\/p>\n<p>&nbsp;<\/p>\n<p>&nbsp;<\/p>\n<p>&nbsp;<\/p>\n<p>&nbsp;<\/p>\n<p>Po prawej stronie zrobili\u015bmy\u00a0zak\u0142adke KAMERA<\/p>\n","protected":false},"excerpt":{"rendered":"<p>Specjalnie dla naszych u\u017cytkownik\u00f3w zamontowali\u015bmy kamera online we wsp\u00f3\u0142pracy z\u00a0 za przyja\u017anionym portalem eostroleka mo\u017cemy ogl\u0105da\u0107 na \u017cywo ostro\u0142\u0119cki port i rzek\u0119 Narew. Zapraszamy do ogl\u0105dania. Wystarczy klikn\u0105\u0107 PLAY. &nbsp; &nbsp; &nbsp; &nbsp; Po prawej stronie zrobili\u015bmy\u00a0zak\u0142adke KAMERA<\/p>\n","protected":false},"author":2,"featured_media":0,"comment_status":"open","ping_status":"closed","sticky":false,"template":"","format":"standard","meta":{"footnotes":""},"categories":[20,40],"tags":[],"class_list":["post-2479","post","type-post","status-publish","format-standard","hentry","category-newsy","category-kamera"],"_links":{"self":[{"href":"https:\/\/www.pzwnarew.pl\/index.php?rest_route=\/wp\/v2\/posts\/2479","targetHints":{"allow":["GET"]}}],"collection":[{"href":"https:\/\/www.pzwnarew.pl\/index.php?rest_route=\/wp\/v2\/posts"}],"about":[{"href":"https:\/\/www.pzwnarew.pl\/index.php?rest_route=\/wp\/v2\/types\/post"}],"author":[{"embeddable":true,"href":"https:\/\/www.pzwnarew.pl\/index.php?rest_route=\/wp\/v2\/users\/2"}],"replies":[{"embeddable":true,"href":"https:\/\/www.pzwnarew.pl\/index.php?rest_route=%2Fwp%2Fv2%2Fcomments&post=2479"}],"version-history":[{"count":22,"href":"https:\/\/www.pzwnarew.pl\/index.php?rest_route=\/wp\/v2\/posts\/2479\/revisions"}],"predecessor-version":[{"id":5911,"href":"https:\/\/www.pzwnarew.pl\/index.php?rest_route=\/wp\/v2\/posts\/2479\/revisions\/5911"}],"wp:attachment":[{"href":"https:\/\/www.pzwnarew.pl\/index.php?rest_route=%2Fwp%2Fv2%2Fmedia&parent=2479"}],"wp:term":[{"taxonomy":"category","embeddable":true,"href":"https:\/\/www.pzwnarew.pl\/index.php?rest_route=%2Fwp%2Fv2%2Fcategories&post=2479"},{"taxonomy":"post_tag","embeddable":true,"href":"https:\/\/www.pzwnarew.pl\/index.php?rest_route=%2Fwp%2Fv2%2Ftags&post=2479"}],"curies":[{"name":"wp","href":"https:\/\/api.w.org\/{rel}","templated":true}]}}