{"id":2148,"date":"2012-03-04T16:37:41","date_gmt":"2012-03-04T15:37:41","guid":{"rendered":"http:\/\/www.ostroleka.com.pl\/pzw-narew38\/?p=2148"},"modified":"2012-03-05T11:12:23","modified_gmt":"2012-03-05T10:12:23","slug":"zebranie-sprawozdawcze-za-rok-2011","status":"publish","type":"post","link":"https:\/\/www.pzwnarew.pl\/?p=2148","title":{"rendered":"Zebranie Sprawozdawcze za 2011 rok"},"content":{"rendered":"<p>W dniu 4 marca\u00a0 w\u0119dkarze z ko\u0142a PZW nr 38 Narew spotkali si\u0119 na<a href=\"http:\/\/www.ostroleka.com.pl\/pzw-narew38\/wp-content\/uploads\/2012\/03\/IMG_10981.jpg\"><img loading=\"lazy\" decoding=\"async\" class=\"alignright size-thumbnail wp-image-2155\" title=\"IMG_1098\" src=\"http:\/\/www.ostroleka.com.pl\/pzw-narew38\/wp-content\/uploads\/2012\/03\/IMG_10981-150x150.jpg\" alt=\"\" width=\"150\" height=\"150\" \/><\/a> zebraniu sprawozdawczym z dzia\u0142alno\u015bci statutowej za rok 2011.<\/p>\n<p>W zebraniu uczestniczy\u0142 Wice Prezes Okr\u0119gu Mazowieckiego Stanis\u0142aw Pliszka.<\/p>\n<p>W\u0119dkarze zatwierdzili plan pracy ko\u0142a oraz bud\u017cet finansowy na rok 2012.<!--more--><\/p>\n<p>Om\u00f3wiono wa\u017cne sprawy statutowe, kierunki dzia\u0142ania w zakresie w\u0119dkarstwa i realizacji zamierze\u0144 na rok 2012.<\/p>\n<p>W czasie spotkania wr\u0119czono statuetki zwyci\u0119zcom mistrzostw podlodowych naszego ko\u0142a, kt\u00f3re odby\u0142y si\u0119 12 lutego Br. na jez. \u015aniardwy<\/p>\n<p>Wielk\u0105 niespodziank\u0105 by\u0142o wr\u0119czenie z\u0142otej odznaki PZW z wie\u0144cami za zas\u0142ugi dla W\u0119dkarstwa Polskiego, kt\u00f3r\u0105 otrzyma\u0142 kol. Henryk Bielak.<\/p>\n<p>Zebrani z ca\u0142ym Zarz\u0105dem ko\u0142a Narew zaprasza wszystkich w\u0119dkarzy do wykupienia znak\u00f3w na 2012 rok oraz\u00a0 uczestniczenia w licznych imprezach w\u0119dkarskich realizowanych przez nasze ko\u0142o.<\/p>\n<p>\u00a0\u00a0\u00a0\u00a0\u00a0\u00a0\u00a0\u00a0\u00a0\u00a0\u00a0\u00a0\u00a0\u00a0\u00a0\u00a0\u00a0\u00a0\u00a0\u00a0\u00a0\u00a0\u00a0\u00a0\u00a0\u00a0\u00a0\u00a0\u00a0\u00a0\u00a0\u00a0\u00a0\u00a0\u00a0\u00a0\u00a0<span style=\"color: #ff0000;\">\u00a0\u00a0\u00a0\u00a0\u00a0 <a href=\"http:\/\/www.ostroleka.com.pl\/gallery_pzw\/thumbnails.php?album=88\"><span style=\"color: #ff0000;\">wi\u0119cej zdj\u0119\u0107 w galerii &gt;&gt;&gt;<\/span><\/a><\/span><\/p>\n","protected":false},"excerpt":{"rendered":"<p>W dniu 4 marca\u00a0 w\u0119dkarze z ko\u0142a PZW nr 38 Narew spotkali si\u0119 na zebraniu sprawozdawczym z dzia\u0142alno\u015bci statutowej za rok 2011. W zebraniu uczestniczy\u0142 Wice Prezes Okr\u0119gu Mazowieckiego Stanis\u0142aw Pliszka. W\u0119dkarze zatwierdzili plan pracy ko\u0142a oraz bud\u017cet finansowy na rok 2012.<\/p>\n","protected":false},"author":2,"featured_media":0,"comment_status":"open","ping_status":"closed","sticky":false,"template":"","format":"standard","meta":{"footnotes":""},"categories":[20],"tags":[],"class_list":["post-2148","post","type-post","status-publish","format-standard","hentry","category-newsy"],"_links":{"self":[{"href":"https:\/\/www.pzwnarew.pl\/index.php?rest_route=\/wp\/v2\/posts\/2148","targetHints":{"allow":["GET"]}}],"collection":[{"href":"https:\/\/www.pzwnarew.pl\/index.php?rest_route=\/wp\/v2\/posts"}],"about":[{"href":"https:\/\/www.pzwnarew.pl\/index.php?rest_route=\/wp\/v2\/types\/post"}],"author":[{"embeddable":true,"href":"https:\/\/www.pzwnarew.pl\/index.php?rest_route=\/wp\/v2\/users\/2"}],"replies":[{"embeddable":true,"href":"https:\/\/www.pzwnarew.pl\/index.php?rest_route=%2Fwp%2Fv2%2Fcomments&post=2148"}],"version-history":[{"count":8,"href":"https:\/\/www.pzwnarew.pl\/index.php?rest_route=\/wp\/v2\/posts\/2148\/revisions"}],"predecessor-version":[{"id":2164,"href":"https:\/\/www.pzwnarew.pl\/index.php?rest_route=\/wp\/v2\/posts\/2148\/revisions\/2164"}],"wp:attachment":[{"href":"https:\/\/www.pzwnarew.pl\/index.php?rest_route=%2Fwp%2Fv2%2Fmedia&parent=2148"}],"wp:term":[{"taxonomy":"category","embeddable":true,"href":"https:\/\/www.pzwnarew.pl\/index.php?rest_route=%2Fwp%2Fv2%2Fcategories&post=2148"},{"taxonomy":"post_tag","embeddable":true,"href":"https:\/\/www.pzwnarew.pl\/index.php?rest_route=%2Fwp%2Fv2%2Ftags&post=2148"}],"curies":[{"name":"wp","href":"https:\/\/api.w.org\/{rel}","templated":true}]}}