{"id":2112,"date":"2012-02-15T21:14:04","date_gmt":"2012-02-15T20:14:04","guid":{"rendered":"http:\/\/www.ostroleka.com.pl\/pzw-narew38\/?p=2112"},"modified":"2015-03-13T22:34:14","modified_gmt":"2015-03-13T21:34:14","slug":"okazy-2012","status":"publish","type":"post","link":"https:\/\/www.pzwnarew.pl\/?p=2112","title":{"rendered":"Okazy 2012"},"content":{"rendered":"<p><strong>Zarz\u0105d Ko\u0142a \u201eNarew\u201d w Ostro\u0142\u0119ce og\u0142asza konkurs dla swoich cz\u0142onk\u00f3w pod nazw\u0105 \u201eOkazy w\u0119dkarskie 2012\u2033.<br \/>\n<\/strong>Czas trwania konkursu:\u00a0 od 1 kwietnia do 30 listopada 2012 r.<br \/>\nWi\u0119cej na stronie <a title=\"OKAZY W\u0118DKARSKIE\" href=\"http:\/\/www.ostroleka.com.pl\/pzw-narew38\/?category_name=konkursy\">OKAZY W\u0118DKARSKIE<\/a><\/p>\n<p><a href=\"http:\/\/www.ostroleka.com.pl\/pzw-narew38\/wp-content\/uploads\/2012\/02\/IMG_0932.jpg\"><img loading=\"lazy\" decoding=\"async\" class=\"aligncenter wp-image-2529 size-medium\" title=\"IMG_0932\" src=\"http:\/\/www.pzwnarew.pl\/wp-content\/uploads\/2012\/02\/IMG_0932-300x225.jpg\" alt=\"\" width=\"300\" height=\"225\" srcset=\"https:\/\/www.pzwnarew.pl\/wp-content\/uploads\/2012\/02\/IMG_0932-300x225.jpg 300w, https:\/\/www.pzwnarew.pl\/wp-content\/uploads\/2012\/02\/IMG_0932-1024x768.jpg 1024w\" sizes=\"auto, (max-width: 300px) 100vw, 300px\" \/><\/a><\/p>\n<p style=\"text-align: center;\"><strong>\u00a0\u00a0\u00a0\u00a0\u00a0\u00a0\u00a0\u00a0\u00a0Zbigniew Lis\u00a0<\/strong><\/p>\n<p style=\"text-align: center;\">W dniu 22.04.2012 Zbigniew Lis\u00a0na zalewie rzeki\u00a0Orz w miejcowo\u015bci\u00a0Grodzisk\u00a0z\u0142owi\u0142\u00a0Lina d\u0142ugo\u015bci\u00a047 cm<\/p>\n<p style=\"text-align: center;\">\u00a0\u00a0\u00a0\u00a0\u00a0\u00a0\u00a0\u00a0\u00a0\u00a0\u00a0\u00a0\u00a0 Nasze Gratulacje!!!<\/p>\n<hr size=\"3\" \/>\n<p><a href=\"http:\/\/www.ostroleka.com.pl\/pzw-narew38\/wp-content\/uploads\/2012\/02\/deptu.jpg\"><img loading=\"lazy\" decoding=\"async\" class=\"aligncenter wp-image-2740 size-medium\" title=\"&lt;SAMSUNG DIGITAL CAMERA&gt;\" src=\"http:\/\/www.pzwnarew.pl\/wp-content\/uploads\/2012\/02\/deptu-300x225.jpg\" alt=\"\" width=\"300\" height=\"225\" srcset=\"https:\/\/www.pzwnarew.pl\/wp-content\/uploads\/2012\/02\/deptu-300x225.jpg 300w, https:\/\/www.pzwnarew.pl\/wp-content\/uploads\/2012\/02\/deptu-1024x768.jpg 1024w, https:\/\/www.pzwnarew.pl\/wp-content\/uploads\/2012\/02\/deptu.jpg 1788w\" sizes=\"auto, (max-width: 300px) 100vw, 300px\" \/><\/a><\/p>\n<p style=\"text-align: center;\"><strong>Piotr\u00a0 Deptu\u0142a<\/strong><\/p>\n<p style=\"text-align: center;\">Z\u0142owi\u0142 w dniu\u00a0 6 czerwca na starorzeczu w Sieluniu karasia z\u0142ocistego d\u0142ugo\u015bci 39 cm.<\/p>\n<p style=\"text-align: center;\">Nasze gratulacje !!!<\/p>\n<p>&nbsp;<\/p>\n<hr size=\"3\" \/>\n<p><a href=\"http:\/\/www.ostroleka.com.pl\/pzw-narew38\/wp-content\/uploads\/2012\/02\/SANY0180.jpg\"><img loading=\"lazy\" decoding=\"async\" class=\"aligncenter wp-image-2748 size-medium\" title=\"SANYO DIGITAL CAMERA\" src=\"http:\/\/www.pzwnarew.pl\/wp-content\/uploads\/2012\/02\/SANY0180-300x225.jpg\" alt=\"\" width=\"300\" height=\"225\" srcset=\"https:\/\/www.pzwnarew.pl\/wp-content\/uploads\/2012\/02\/SANY0180-300x225.jpg 300w, https:\/\/www.pzwnarew.pl\/wp-content\/uploads\/2012\/02\/SANY0180-1024x768.jpg 1024w, https:\/\/www.pzwnarew.pl\/wp-content\/uploads\/2012\/02\/SANY0180.jpg 1600w\" sizes=\"auto, (max-width: 300px) 100vw, 300px\" \/><\/a><\/p>\n<p style=\"text-align: center;\"><strong>Pawe\u0142 Grabowski <\/strong><\/p>\n<p style=\"text-align: center;\">Z\u0142owi\u0142 w dniu\u00a0\u00a015 czerwca na starorzeczu w miejscowo\u015bci\u00a0Sadykierz\u00a0Lina 2,40 kg\u00a0d\u0142ugo\u015bci\u00a052 cm.<\/p>\n<p style=\"text-align: center;\">Nasze gratulacje !!!<\/p>\n<hr size=\"3\" \/>\n<p style=\"text-align: center;\">\u00a0<a href=\"http:\/\/www.pzwnarew.pl\/wp-content\/uploads\/2012\/02\/10-kg-107-cm.jpg\"><img loading=\"lazy\" decoding=\"async\" class=\"aligncenter wp-image-2847\" title=\"10 kg 107 cm\" src=\"http:\/\/www.pzwnarew.pl\/wp-content\/uploads\/2012\/02\/10-kg-107-cm.jpg\" alt=\"\" width=\"225\" height=\"300\" srcset=\"https:\/\/www.pzwnarew.pl\/wp-content\/uploads\/2012\/02\/10-kg-107-cm.jpg 720w, https:\/\/www.pzwnarew.pl\/wp-content\/uploads\/2012\/02\/10-kg-107-cm-225x300.jpg 225w\" sizes=\"auto, (max-width: 225px) 100vw, 225px\" \/><\/a><\/p>\n<p style=\"text-align: center;\"><strong>Jan\u00a0Wierzbowski<\/strong><\/p>\n<p style=\"text-align: center;\">W dniu 13 lipca 2012 r\u00a0 z\u0142owi\u0142 suma d\u0142ugo\u015bci 107 cm waga\u00a010kg, po\u0142\u00f3w odby\u0142 sie na Narwi w granicach miasta.<\/p>\n<p style=\"text-align: center;\">Nasze gratulacje!!!<\/p>\n<hr size=\"3\" \/>\n<p style=\"text-align: center;\"><a href=\"http:\/\/www.ostroleka.com.pl\/pzw-narew38\/wp-content\/uploads\/2012\/02\/Zdj\u0119cie0045.jpg\"><img loading=\"lazy\" decoding=\"async\" class=\"aligncenter wp-image-2866 size-medium\" title=\"zd\" src=\"http:\/\/www.pzwnarew.pl\/wp-content\/uploads\/2012\/02\/Zdj\u0119cie0045-225x300.jpg\" alt=\"\" width=\"225\" height=\"300\" srcset=\"https:\/\/www.pzwnarew.pl\/wp-content\/uploads\/2012\/02\/Zdj\u0119cie0045-225x300.jpg 225w, https:\/\/www.pzwnarew.pl\/wp-content\/uploads\/2012\/02\/Zdj\u0119cie0045-768x1024.jpg 768w, https:\/\/www.pzwnarew.pl\/wp-content\/uploads\/2012\/02\/Zdj\u0119cie0045.jpg 1944w\" sizes=\"auto, (max-width: 225px) 100vw, 225px\" \/><\/a><\/p>\n<p style=\"text-align: center;\">\u00a0<strong>\u0141ukasz Romanik<\/strong><\/p>\n<p style=\"text-align: center;\">Pod koniec\u00a0lipca 2012 r\u00a0 z\u0142owi\u0142\u00a0w\u0119gorza d\u0142ugo\u015bci\u00a090 cm waga\u00a01,6 kg, po\u0142\u00f3w odby\u0142 sie na Narwi.<\/p>\n<p style=\"text-align: center;\">Nasze gratulacje !!!<\/p>\n<hr size=\"3\" \/>\n<p style=\"text-align: center;\"><a href=\"http:\/\/www.ostroleka.com.pl\/pzw-narew38\/wp-content\/uploads\/2012\/02\/SDC11460.jpg\"><img loading=\"lazy\" decoding=\"async\" class=\"aligncenter wp-image-2867 size-medium\" title=\"&lt;SAMSUNG DIGITAL CAMERA&gt;\" src=\"http:\/\/www.pzwnarew.pl\/wp-content\/uploads\/2012\/02\/SDC11460-300x225.jpg\" alt=\"\" width=\"300\" height=\"225\" srcset=\"https:\/\/www.pzwnarew.pl\/wp-content\/uploads\/2012\/02\/SDC11460-300x225.jpg 300w, https:\/\/www.pzwnarew.pl\/wp-content\/uploads\/2012\/02\/SDC11460-1024x768.jpg 1024w, https:\/\/www.pzwnarew.pl\/wp-content\/uploads\/2012\/02\/SDC11460.jpg 2048w\" sizes=\"auto, (max-width: 300px) 100vw, 300px\" \/><\/a>\u00a0\u00a0\u00a0\u00a0<strong>\u0141ukasz Romanik<\/strong><\/p>\n<p style=\"text-align: center;\">Pod koniec\u00a0lipca 2012 r\u00a0 z\u0142owi\u0142\u00a0Bolenia d\u0142ugo\u015bci\u00a072 cm waga\u00a03 kg, po\u0142\u00f3w odby\u0142 sie na Narwi.<\/p>\n<p style=\"text-align: center;\">Nasze gratulacje !!!<\/p>\n<p>&nbsp;<\/p>\n<hr size=\"3\" \/>\n<p style=\"text-align: center;\"><a href=\"http:\/\/www.ostroleka.com.pl\/pzw-narew38\/wp-content\/uploads\/2012\/02\/Obraz-047.jpg\"><img loading=\"lazy\" decoding=\"async\" class=\"aligncenter wp-image-2868 size-medium\" title=\"Obraz 047\" src=\"http:\/\/www.pzwnarew.pl\/wp-content\/uploads\/2012\/02\/Obraz-047-300x199.jpg\" alt=\"\" width=\"300\" height=\"199\" srcset=\"https:\/\/www.pzwnarew.pl\/wp-content\/uploads\/2012\/02\/Obraz-047-300x199.jpg 300w, https:\/\/www.pzwnarew.pl\/wp-content\/uploads\/2012\/02\/Obraz-047-1024x681.jpg 1024w\" sizes=\"auto, (max-width: 300px) 100vw, 300px\" \/><\/a><\/p>\n<p style=\"text-align: center;\"><strong>\u0141ukasz Garbuleski\u00a0<\/strong><\/p>\n<p style=\"text-align: center;\">W dniu 8\u00a0czerwca 2012r\u00a0z\u0142owi\u0142\u00a0Sandacza\u00a0d\u0142ugo\u015bci\u00a064\u00a0cm waga\u00a02,5 kg, po\u0142\u00f3w odby\u0142 sie na Narwi.<\/p>\n<p style=\"text-align: center;\">\u00a0Nasze gratulacje !!!<\/p>\n<hr size=\"3\" \/>\n<p style=\"text-align: center;\"><a href=\"http:\/\/www.ostroleka.com.pl\/pzw-narew38\/wp-content\/uploads\/2012\/02\/leszcz-artur.jpg\"><img loading=\"lazy\" decoding=\"async\" class=\"aligncenter wp-image-2871 size-medium\" title=\"leszcz\" src=\"http:\/\/www.pzwnarew.pl\/wp-content\/uploads\/2012\/02\/leszcz-artur-300x225.jpg\" alt=\"\" width=\"300\" height=\"225\" srcset=\"https:\/\/www.pzwnarew.pl\/wp-content\/uploads\/2012\/02\/leszcz-artur-300x225.jpg 300w, https:\/\/www.pzwnarew.pl\/wp-content\/uploads\/2012\/02\/leszcz-artur-1024x768.jpg 1024w, https:\/\/www.pzwnarew.pl\/wp-content\/uploads\/2012\/02\/leszcz-artur.jpg 1600w\" sizes=\"auto, (max-width: 300px) 100vw, 300px\" \/><\/a><\/p>\n<p style=\"text-align: center;\"><strong>Artur D\u0105browski\u00a0<\/strong><\/p>\n<p style=\"text-align: center;\">W dniu\u00a04\u00a0Sierpnia 2012r\u00a0z\u0142owi\u0142\u00a0Leszcza\u00a0d\u0142ugo\u015bci\u00a058\u00a0cm waga\u00a02,06 kg, po\u0142\u00f3w odby\u0142 sie na jez.Burd\u0105g.<\/p>\n<p style=\"text-align: center;\">\u00a0Nasze gratulacje !!!<\/p>\n<hr size=\"3\" \/>\n<p style=\"text-align: center;\"><a href=\"http:\/\/www.ostroleka.com.pl\/pzw-narew38\/wp-content\/uploads\/2012\/02\/karp-Mariusz.jpg\"><img loading=\"lazy\" decoding=\"async\" class=\"aligncenter wp-image-3266 size-medium\" title=\"karp\" src=\"http:\/\/www.pzwnarew.pl\/wp-content\/uploads\/2012\/02\/karp-Mariusz-300x168.jpg\" alt=\"\" width=\"300\" height=\"168\" srcset=\"https:\/\/www.pzwnarew.pl\/wp-content\/uploads\/2012\/02\/karp-Mariusz-300x168.jpg 300w, https:\/\/www.pzwnarew.pl\/wp-content\/uploads\/2012\/02\/karp-Mariusz.jpg 640w\" sizes=\"auto, (max-width: 300px) 100vw, 300px\" \/><\/a><\/p>\n<p style=\"text-align: center;\"><strong>Mariusz Koby\u0142ecki<\/strong><\/p>\n<p style=\"text-align: center;\">W dniu\u00a08\u00a0wrze\u015bnia 2012r z\u0142owi\u0142\u00a0Karpia(lustrze\u0144) d\u0142ugo\u015bci 58 cm waga\u00a03,80 kg, po\u0142\u00f3w odby\u0142 sie w D\u0142ugosiodle.<\/p>\n<p style=\"text-align: center;\">Nasze gratulacje !!!<\/p>\n<hr size=\"3\" \/>\n<p><a href=\"http:\/\/www.ostroleka.com.pl\/pzw-narew38\/wp-content\/uploads\/2012\/02\/Mariola-Pysk\u0142o-szcz.-65-cm-215-kg-Brz\u00f3ze-05.11.12.jpg\"><img loading=\"lazy\" decoding=\"async\" class=\"aligncenter wp-image-3285 size-medium\" title=\"Mariola Pysk\u0142o szcz. 65 cm 2,15 kg Brz\u00f3ze 05.11.12\" src=\"http:\/\/www.pzwnarew.pl\/wp-content\/uploads\/2012\/02\/Mariola-Pysk\u0142o-szcz.-65-cm-215-kg-Brz\u00f3ze-05.11.12-300x225.jpg\" alt=\"\" width=\"300\" height=\"225\" srcset=\"https:\/\/www.pzwnarew.pl\/wp-content\/uploads\/2012\/02\/Mariola-Pysk\u0142o-szcz.-65-cm-215-kg-Brz\u00f3ze-05.11.12-300x225.jpg 300w, https:\/\/www.pzwnarew.pl\/wp-content\/uploads\/2012\/02\/Mariola-Pysk\u0142o-szcz.-65-cm-215-kg-Brz\u00f3ze-05.11.12-1024x768.jpg 1024w, https:\/\/www.pzwnarew.pl\/wp-content\/uploads\/2012\/02\/Mariola-Pysk\u0142o-szcz.-65-cm-215-kg-Brz\u00f3ze-05.11.12.jpg 1600w\" sizes=\"auto, (max-width: 300px) 100vw, 300px\" \/><\/a><\/p>\n<p style=\"text-align: center;\"><strong>Mariola Pysk\u0142o<\/strong><\/p>\n<p style=\"text-align: center;\">W dniu 5 wrze\u015bnia 2012r z\u0142owi\u0142a Szczupaka d\u0142ugo\u015bci 65 cm waga 2,15 kg, po\u0142\u00f3w odby\u0142 si\u0119 na Brz\u00f3zym.<\/p>\n<p style=\"text-align: center;\">Nasze gratulacje !!!<\/p>\n<hr size=\"3\" \/>\n<p style=\"text-align: center;\"><strong><a href=\"http:\/\/www.ostroleka.com.pl\/pzw-narew38\/wp-content\/uploads\/2012\/02\/szczupakkk.jpg\"><img loading=\"lazy\" decoding=\"async\" class=\"aligncenter wp-image-3326 size-medium\" title=\"szczupakkk\" src=\"http:\/\/www.pzwnarew.pl\/wp-content\/uploads\/2012\/02\/szczupakkk-225x300.jpg\" alt=\"\" width=\"225\" height=\"300\" srcset=\"https:\/\/www.pzwnarew.pl\/wp-content\/uploads\/2012\/02\/szczupakkk-225x300.jpg 225w, https:\/\/www.pzwnarew.pl\/wp-content\/uploads\/2012\/02\/szczupakkk.jpg 480w\" sizes=\"auto, (max-width: 225px) 100vw, 225px\" \/><\/a>Cezary Nabia\u0142ek<\/strong><\/p>\n<p style=\"text-align: center;\">W\u00a0\u00a0br. 2012 z\u0142owi\u0142 Szczupaka d\u0142ugo\u015bci\u00a090 cm waga\u00a05 kg, po\u0142\u00f3w odby\u0142 si\u0119 na starorzeczu Narwi.<\/p>\n<p style=\"text-align: center;\">Nasze gratulacje !!!<\/p>\n<hr size=\"3\" \/>\n<p style=\"text-align: center;\"><a href=\"http:\/\/www.ostroleka.com.pl\/pzw-narew38\/wp-content\/uploads\/2012\/02\/okonn.jpg\"><img loading=\"lazy\" decoding=\"async\" class=\"aligncenter wp-image-3330 size-medium\" title=\"okonn\" src=\"http:\/\/www.pzwnarew.pl\/wp-content\/uploads\/2012\/02\/okonn-300x225.jpg\" alt=\"\" width=\"300\" height=\"225\" srcset=\"https:\/\/www.pzwnarew.pl\/wp-content\/uploads\/2012\/02\/okonn-300x225.jpg 300w, https:\/\/www.pzwnarew.pl\/wp-content\/uploads\/2012\/02\/okonn-1024x768.jpg 1024w\" sizes=\"auto, (max-width: 300px) 100vw, 300px\" \/><\/a><\/p>\n<p style=\"text-align: center;\"><strong>Robert Gwiazdowski<\/strong><\/p>\n<p style=\"text-align: center;\">W\u00a0 dniu 14 listopada 2012r z\u0142owi\u0142\u00a0Okonia d\u0142ugo\u015bci\u00a034 cm po\u0142\u00f3w odby\u0142 si\u0119 na starorzeczu Narwi.<\/p>\n<p style=\"text-align: center;\">Nasze gratulacje !!!<\/p>\n<hr size=\"3\" \/>\n<p style=\"text-align: center;\"><strong><a href=\"http:\/\/www.ostroleka.com.pl\/pzw-narew38\/wp-content\/uploads\/2012\/02\/mietus.jpg\"><img loading=\"lazy\" decoding=\"async\" class=\"aligncenter wp-image-3335 size-medium\" title=\"mietus\" src=\"http:\/\/www.pzwnarew.pl\/wp-content\/uploads\/2012\/02\/mietus-300x225.jpg\" alt=\"\" width=\"300\" height=\"225\" srcset=\"https:\/\/www.pzwnarew.pl\/wp-content\/uploads\/2012\/02\/mietus-300x225.jpg 300w, https:\/\/www.pzwnarew.pl\/wp-content\/uploads\/2012\/02\/mietus.jpg 640w\" sizes=\"auto, (max-width: 300px) 100vw, 300px\" \/><\/a><br \/>\n<\/strong><strong>\u0141ukasz Garbuleski <\/strong><\/p>\n<p style=\"text-align: center;\">W br. 2012 z\u0142owi\u0142\u00a0Mi\u0119tusa d\u0142ugo\u015bci\u00a037 cm po\u0142\u00f3w odby\u0142 sie na Narwi.<\/p>\n<p style=\"text-align: center;\">Nasze gratulacje !!!<\/p>\n","protected":false},"excerpt":{"rendered":"<p>Zarz\u0105d Ko\u0142a \u201eNarew\u201d w Ostro\u0142\u0119ce og\u0142asza konkurs dla swoich cz\u0142onk\u00f3w pod nazw\u0105 \u201eOkazy w\u0119dkarskie 2012\u2033. Czas trwania konkursu:\u00a0 od 1 kwietnia do 30 listopada 2012 r. Wi\u0119cej na stronie OKAZY W\u0118DKARSKIE \u00a0\u00a0\u00a0\u00a0\u00a0\u00a0\u00a0\u00a0\u00a0Zbigniew Lis\u00a0 W dniu 22.04.2012 Zbigniew Lis\u00a0na zalewie rzeki\u00a0Orz w miejcowo\u015bci\u00a0Grodzisk\u00a0z\u0142owi\u0142\u00a0Lina d\u0142ugo\u015bci\u00a047 cm \u00a0\u00a0\u00a0\u00a0\u00a0\u00a0\u00a0\u00a0\u00a0\u00a0\u00a0\u00a0\u00a0 Nasze Gratulacje!!! Piotr\u00a0 Deptu\u0142a Z\u0142owi\u0142 w dniu\u00a0 6 czerwca na starorzeczu w Sieluniu karasia z\u0142ocistego d\u0142ugo\u015bci 39 cm. Nasze gratulacje !!! &nbsp; Pawe\u0142 Grabowski Z\u0142owi\u0142 w dniu\u00a0\u00a015 czerwca na starorzeczu w miejscowo\u015bci\u00a0Sadykierz\u00a0Lina 2,40 kg\u00a0d\u0142ugo\u015bci\u00a052 cm&#8230;.<\/p>\n<p class=\"read-more\"><a class=\"btn btn-default\" href=\"https:\/\/www.pzwnarew.pl\/?p=2112\"> Read More<span class=\"screen-reader-text\">  Read More<\/span><\/a><\/p>\n","protected":false},"author":2,"featured_media":0,"comment_status":"open","ping_status":"closed","sticky":false,"template":"","format":"standard","meta":{"footnotes":""},"categories":[31],"tags":[],"class_list":["post-2112","post","type-post","status-publish","format-standard","hentry","category-okazy-2012"],"_links":{"self":[{"href":"https:\/\/www.pzwnarew.pl\/index.php?rest_route=\/wp\/v2\/posts\/2112","targetHints":{"allow":["GET"]}}],"collection":[{"href":"https:\/\/www.pzwnarew.pl\/index.php?rest_route=\/wp\/v2\/posts"}],"about":[{"href":"https:\/\/www.pzwnarew.pl\/index.php?rest_route=\/wp\/v2\/types\/post"}],"author":[{"embeddable":true,"href":"https:\/\/www.pzwnarew.pl\/index.php?rest_route=\/wp\/v2\/users\/2"}],"replies":[{"embeddable":true,"href":"https:\/\/www.pzwnarew.pl\/index.php?rest_route=%2Fwp%2Fv2%2Fcomments&post=2112"}],"version-history":[{"count":42,"href":"https:\/\/www.pzwnarew.pl\/index.php?rest_route=\/wp\/v2\/posts\/2112\/revisions"}],"predecessor-version":[{"id":5946,"href":"https:\/\/www.pzwnarew.pl\/index.php?rest_route=\/wp\/v2\/posts\/2112\/revisions\/5946"}],"wp:attachment":[{"href":"https:\/\/www.pzwnarew.pl\/index.php?rest_route=%2Fwp%2Fv2%2Fmedia&parent=2112"}],"wp:term":[{"taxonomy":"category","embeddable":true,"href":"https:\/\/www.pzwnarew.pl\/index.php?rest_route=%2Fwp%2Fv2%2Fcategories&post=2112"},{"taxonomy":"post_tag","embeddable":true,"href":"https:\/\/www.pzwnarew.pl\/index.php?rest_route=%2Fwp%2Fv2%2Ftags&post=2112"}],"curies":[{"name":"wp","href":"https:\/\/api.w.org\/{rel}","templated":true}]}}