{"id":2088,"date":"2012-02-12T18:36:17","date_gmt":"2012-02-12T17:36:17","guid":{"rendered":"http:\/\/www.ostroleka.com.pl\/pzw-narew38\/?p=2088"},"modified":"2012-02-15T20:53:27","modified_gmt":"2012-02-15T19:53:27","slug":"mistrzostwa-podlodowe-narwi-2012","status":"publish","type":"post","link":"https:\/\/www.pzwnarew.pl\/?p=2088","title":{"rendered":"MISTRZOSTWA PODLODOWE NARWI 2012"},"content":{"rendered":"<p>12\u00a0 lutego na jeziorze \u015aniardwy w okolicy m-\u015bci Kwik rozegrano zawody podlodowe naszego ko\u0142a. Do<a href=\"http:\/\/www.ostroleka.com.pl\/pzw-narew38\/wp-content\/uploads\/2012\/02\/IMG_0979.jpg\"><img loading=\"lazy\" decoding=\"async\" class=\"alignright size-thumbnail wp-image-2093\" title=\"IMG_0979\" src=\"http:\/\/www.ostroleka.com.pl\/pzw-narew38\/wp-content\/uploads\/2012\/02\/IMG_0979-150x150.jpg\" alt=\"\" width=\"150\" height=\"150\" \/><\/a> rywalizacji przyst\u0105pi\u0142o 16 \u2013tu zawodnik\u00f3w . Pomimo mro\u017anej pogody walka by\u0142a zaci\u0119ta i\u00a0 wyr\u00f3wnana.13-stu zawodnik\u00f3w zapunktowa\u0142o i to z po\u015br\u00f3d nich wy\u0142oniono najlepsz\u0105 sz\u00f3stk\u0119. Wszystkich pogodzi\u0142 Piotr Wrzeszcz zyskuj\u0105c na drugim zawodnikiem\u00a0 1700 punktowa przewag\u0119.<\/p>\n<p>Trofea za najwi\u0119kszego okonia i p\u0142o\u0107 \u201ezgarn\u0105\u0142\u201d niezawodny Eugeniusz Czarnecki w przesz\u0142o\u015bci zdobywca tytu\u0142u mistrza podlodowego w\u0119dkarstwa ko\u0142a Narew.<\/p>\n<p>Poni\u017cej wyniki ca\u0142ej trzynastki.<\/p>\n<p>\u00a0<!--more--><\/p>\n<p>1. Piotr Wrzeszcz\u00a0\u00a0\u00a0\u00a0\u00a0\u00a0\u00a0\u00a0\u00a0\u00a0\u00a0\u00a0\u00a0\u00a0\u00a0\u00a0\u00a0\u00a0\u00a0\u00a0\u00a0\u00a0\u00a0\u00a0\u00a0\u00a0\u00a0 &#8211;\u00a0 3905 pkt<\/p>\n<p>\u00a02.Roman Balcerak\u00a0\u00a0\u00a0\u00a0\u00a0\u00a0\u00a0\u00a0\u00a0\u00a0\u00a0\u00a0\u00a0\u00a0\u00a0\u00a0\u00a0\u00a0\u00a0\u00a0\u00a0\u00a0\u00a0\u00a0\u00a0 &#8211;\u00a0 2150 pkt<\/p>\n<p>\u00a03. Eugeniusz Czarnecki\u00a0\u00a0\u00a0\u00a0\u00a0\u00a0\u00a0\u00a0\u00a0\u00a0\u00a0\u00a0\u00a0\u00a0\u00a0\u00a0\u00a0 &#8211;\u00a0 2080 pkt<\/p>\n<p>\u00a04. Mariusz Koby\u0142ecki\u00a0\u00a0\u00a0\u00a0\u00a0\u00a0\u00a0\u00a0\u00a0\u00a0\u00a0\u00a0\u00a0\u00a0\u00a0\u00a0\u00a0\u00a0\u00a0\u00a0 &#8211;\u00a0 2060 pkt<\/p>\n<p>\u00a05. Andrzej Za\u0142\u0119ski\u00a0\u00a0\u00a0\u00a0\u00a0\u00a0\u00a0\u00a0\u00a0\u00a0\u00a0\u00a0\u00a0\u00a0\u00a0\u00a0\u00a0\u00a0\u00a0\u00a0\u00a0\u00a0\u00a0\u00a0\u00a0 &#8211;\u00a0 2005 pkt<\/p>\n<p>\u00a06. Jerzy Kleczkowski\u00a0\u00a0\u00a0\u00a0\u00a0\u00a0\u00a0\u00a0\u00a0\u00a0\u00a0\u00a0\u00a0\u00a0\u00a0\u00a0\u00a0\u00a0\u00a0\u00a0\u00a0 &#8211;\u00a0 1380 pkt<\/p>\n<p>\u00a07. Zbigniew Lis\u00a0\u00a0\u00a0\u00a0\u00a0\u00a0\u00a0\u00a0\u00a0\u00a0\u00a0\u00a0\u00a0\u00a0\u00a0\u00a0\u00a0\u00a0\u00a0\u00a0\u00a0\u00a0\u00a0\u00a0\u00a0\u00a0\u00a0\u00a0\u00a0\u00a0 &#8211;\u00a0 1310 pkt<\/p>\n<p>\u00a08. J\u00f3zef Dziadak\u00a0\u00a0\u00a0\u00a0\u00a0\u00a0\u00a0\u00a0\u00a0\u00a0\u00a0\u00a0\u00a0\u00a0 \u00a0\u00a0\u00a0\u00a0\u00a0\u00a0\u00a0\u00a0\u00a0\u00a0\u00a0\u00a0\u00a0\u00a0\u00a0&#8211;\u00a0\u00a0\u00a0 855 pkt<\/p>\n<p>\u00a09. Grzegorz Tyszka\u00a0\u00a0\u00a0\u00a0\u00a0\u00a0\u00a0\u00a0\u00a0\u00a0\u00a0\u00a0\u00a0\u00a0\u00a0\u00a0\u00a0\u00a0\u00a0\u00a0\u00a0\u00a0\u00a0\u00a0 &#8211;\u00a0\u00a0\u00a0\u00a0 735 pkt<\/p>\n<p>10. Jan Zi\u0119ba\u00a0\u00a0\u00a0\u00a0\u00a0\u00a0\u00a0\u00a0\u00a0\u00a0\u00a0\u00a0\u00a0\u00a0\u00a0\u00a0\u00a0\u00a0\u00a0\u00a0\u00a0\u00a0\u00a0\u00a0\u00a0\u00a0\u00a0\u00a0\u00a0\u00a0\u00a0\u00a0\u00a0\u00a0\u00a0 &#8211;\u00a0\u00a0\u00a0\u00a0 550 pkt<\/p>\n<p>11. Pawe\u0142 Myszka\u00a0\u00a0\u00a0\u00a0\u00a0\u00a0\u00a0\u00a0\u00a0\u00a0\u00a0\u00a0\u00a0\u00a0\u00a0\u00a0\u00a0\u00a0\u00a0\u00a0\u00a0\u00a0\u00a0\u00a0\u00a0\u00a0\u00a0 &#8211;\u00a0\u00a0\u00a0\u00a0 540 pkt<\/p>\n<p>12. \u0141ukasz Romanik\u00a0\u00a0\u00a0\u00a0\u00a0\u00a0\u00a0\u00a0\u00a0\u00a0\u00a0\u00a0\u00a0\u00a0\u00a0\u00a0\u00a0\u00a0\u00a0\u00a0\u00a0\u00a0\u00a0 &#8211;\u00a0\u00a0\u00a0\u00a0 490 pkt<\/p>\n<p>13.Miros\u0142aw Nejman\u00a0\u00a0\u00a0\u00a0\u00a0\u00a0\u00a0\u00a0\u00a0\u00a0\u00a0\u00a0\u00a0\u00a0\u00a0\u00a0\u00a0\u00a0\u00a0\u00a0\u00a0\u00a0 &#8211;\u00a0\u00a0\u00a0\u00a0\u00a0 380 pkt<\/p>\n<p>W wycieczce wzie\u0142o udzia\u0142 38 os\u00f3b, w zniesieniu mro\u017anej aury pomog\u0142a wszystkim uczestnikom ogromna micha gor\u0105cej kwa\u015bnicy.\u00a0<\/p>\n<p>\u00a0Dzi\u0119kujemy wszystkim zawodnikom\u00a0 za sportowa\u00a0 rywalizacj\u0119 i zapraszamy na nast\u0119pne imprezy.<\/p>\n<p>\u00a0\u00a0\u00a0\u00a0\u00a0\u00a0\u00a0\u00a0\u00a0\u00a0\u00a0\u00a0\u00a0\u00a0\u00a0\u00a0\u00a0\u00a0\u00a0\u00a0\u00a0\u00a0\u00a0\u00a0\u00a0\u00a0\u00a0\u00a0\u00a0\u00a0\u00a0\u00a0\u00a0\u00a0\u00a0\u00a0\u00a0\u00a0\u00a0\u00a0\u00a0\u00a0\u00a0\u00a0\u00a0\u00a0\u00a0\u00a0\u00a0\u00a0\u00a0\u00a0\u00a0\u00a0\u00a0\u00a0<a href=\"http:\/\/www.ostroleka.com.pl\/gallery_pzw\/thumbnails.php?album=87\">wi\u0119cej zdj\u0119\u0107 w galerii &gt;&gt;&gt;<\/a><\/p>\n","protected":false},"excerpt":{"rendered":"<p>12\u00a0 lutego na jeziorze \u015aniardwy w okolicy m-\u015bci Kwik rozegrano zawody podlodowe naszego ko\u0142a. Do rywalizacji przyst\u0105pi\u0142o 16 \u2013tu zawodnik\u00f3w . Pomimo mro\u017anej pogody walka by\u0142a zaci\u0119ta i\u00a0 wyr\u00f3wnana.13-stu zawodnik\u00f3w zapunktowa\u0142o i to z po\u015br\u00f3d nich wy\u0142oniono najlepsz\u0105 sz\u00f3stk\u0119. Wszystkich pogodzi\u0142 Piotr Wrzeszcz zyskuj\u0105c na drugim zawodnikiem\u00a0 1700 punktowa przewag\u0119. Trofea za najwi\u0119kszego okonia i p\u0142o\u0107 \u201ezgarn\u0105\u0142\u201d niezawodny Eugeniusz Czarnecki w przesz\u0142o\u015bci zdobywca tytu\u0142u mistrza podlodowego w\u0119dkarstwa ko\u0142a Narew. Poni\u017cej wyniki ca\u0142ej trzynastki. \u00a0<\/p>\n","protected":false},"author":2,"featured_media":0,"comment_status":"open","ping_status":"closed","sticky":false,"template":"","format":"standard","meta":{"footnotes":""},"categories":[20,17],"tags":[],"class_list":["post-2088","post","type-post","status-publish","format-standard","hentry","category-newsy","category-imprezy"],"_links":{"self":[{"href":"https:\/\/www.pzwnarew.pl\/index.php?rest_route=\/wp\/v2\/posts\/2088","targetHints":{"allow":["GET"]}}],"collection":[{"href":"https:\/\/www.pzwnarew.pl\/index.php?rest_route=\/wp\/v2\/posts"}],"about":[{"href":"https:\/\/www.pzwnarew.pl\/index.php?rest_route=\/wp\/v2\/types\/post"}],"author":[{"embeddable":true,"href":"https:\/\/www.pzwnarew.pl\/index.php?rest_route=\/wp\/v2\/users\/2"}],"replies":[{"embeddable":true,"href":"https:\/\/www.pzwnarew.pl\/index.php?rest_route=%2Fwp%2Fv2%2Fcomments&post=2088"}],"version-history":[{"count":12,"href":"https:\/\/www.pzwnarew.pl\/index.php?rest_route=\/wp\/v2\/posts\/2088\/revisions"}],"predecessor-version":[{"id":2110,"href":"https:\/\/www.pzwnarew.pl\/index.php?rest_route=\/wp\/v2\/posts\/2088\/revisions\/2110"}],"wp:attachment":[{"href":"https:\/\/www.pzwnarew.pl\/index.php?rest_route=%2Fwp%2Fv2%2Fmedia&parent=2088"}],"wp:term":[{"taxonomy":"category","embeddable":true,"href":"https:\/\/www.pzwnarew.pl\/index.php?rest_route=%2Fwp%2Fv2%2Fcategories&post=2088"},{"taxonomy":"post_tag","embeddable":true,"href":"https:\/\/www.pzwnarew.pl\/index.php?rest_route=%2Fwp%2Fv2%2Ftags&post=2088"}],"curies":[{"name":"wp","href":"https:\/\/api.w.org\/{rel}","templated":true}]}}