{"id":2039,"date":"2012-03-14T18:12:14","date_gmt":"2012-03-14T17:12:14","guid":{"rendered":"http:\/\/www.ostroleka.com.pl\/pzw-narew38\/?p=2039"},"modified":"2015-03-13T22:50:42","modified_gmt":"2015-03-13T21:50:42","slug":"logo-grupy-ssr-dzialajacej-przy-naszym-kole-narew-nr-38","status":"publish","type":"post","link":"https:\/\/www.pzwnarew.pl\/?p=2039","title":{"rendered":"Logo grupy SSR dzia\u0142aj\u0105cej przy naszym kole Narew nr 38"},"content":{"rendered":"<p>Spo\u0142eczna Stra\u017c Rybacka (SSR)\u00a0dzia\u0142aj\u0105ca przy naszym kole &#8222;Narew &#8221; nr 38 posiada nowe logo umieszczone na<a href=\"http:\/\/www.ostroleka.com.pl\/pzw-narew38\/wp-content\/uploads\/2012\/01\/LOGO2_48x35B_38-1.jpg\"><img loading=\"lazy\" decoding=\"async\" class=\"alignright wp-image-2040 size-thumbnail\" title=\"LOGO2_48x35B_38 (1)\" src=\"http:\/\/www.pzwnarew.pl\/wp-content\/uploads\/2012\/01\/LOGO2_48x35B_38-1-150x150.jpg\" alt=\"\" width=\"150\" height=\"150\" \/><\/a> motor\u00f3wkach i ramionach umundurowania naszych stra\u017cnik\u00f3w.<\/p>\n<p>Poni\u017cej przedstawiamy mundur SSR<\/p>\n<p>&nbsp;<\/p>\n<p>&nbsp;<\/p>\n<p>&nbsp;<\/p>\n<p><!--more--><\/p>\n<p><a href=\"http:\/\/www.ostroleka.com.pl\/pzw-narew38\/wp-content\/uploads\/2012\/01\/mundur1.jpg\"><img loading=\"lazy\" decoding=\"async\" class=\"alignleft wp-image-2183 size-thumbnail\" title=\"mundur1\" src=\"http:\/\/www.pzwnarew.pl\/wp-content\/uploads\/2012\/01\/mundur1-150x150.jpg\" alt=\"\" width=\"150\" height=\"150\" \/><\/a>Dzi\u0119kujemy firmie haft-deko za wykonanie naszywek:<br \/>\nhaft-deko.pl<br \/>\nJaros\u0142aw Matyasik<br \/>\nNa R\u00f3wni 2a<br \/>\n34-400 Nowy Targ<br \/>\ntel.793 462 397<br \/>\ne-mail <a href=\"mailto:biuro@haft-deko.pl\">biuro@haft-deko.pl<\/a><\/p>\n<p>&nbsp;<\/p>\n<p>&nbsp;<\/p>\n<p><a href=\"http:\/\/www.ostroleka.com.pl\/pzw-narew38\/wp-content\/uploads\/2012\/01\/mundur2.jpg\"><img loading=\"lazy\" decoding=\"async\" class=\"alignleft wp-image-2184 size-thumbnail\" title=\"mundur2\" src=\"http:\/\/www.pzwnarew.pl\/wp-content\/uploads\/2012\/01\/mundur2-150x150.jpg\" alt=\"\" width=\"150\" height=\"150\" \/><\/a><img loading=\"lazy\" decoding=\"async\" class=\"alignleft wp-image-2185 size-thumbnail\" title=\"mundur\" src=\"http:\/\/www.pzwnarew.pl\/wp-content\/uploads\/2012\/01\/mundur-150x150.jpg\" alt=\"\" width=\"150\" height=\"150\" \/><\/p>\n<p>&nbsp;<\/p>\n<p>&nbsp;<\/p>\n","protected":false},"excerpt":{"rendered":"<p>Spo\u0142eczna Stra\u017c Rybacka (SSR)\u00a0dzia\u0142aj\u0105ca przy naszym kole &#8222;Narew &#8221; nr 38 posiada nowe logo umieszczone na motor\u00f3wkach i ramionach umundurowania naszych stra\u017cnik\u00f3w. Poni\u017cej przedstawiamy mundur SSR &nbsp; &nbsp; &nbsp;<\/p>\n","protected":false},"author":2,"featured_media":0,"comment_status":"open","ping_status":"closed","sticky":false,"template":"","format":"standard","meta":{"footnotes":""},"categories":[20,24],"tags":[],"class_list":["post-2039","post","type-post","status-publish","format-standard","hentry","category-newsy","category-ochrona-wod"],"_links":{"self":[{"href":"https:\/\/www.pzwnarew.pl\/index.php?rest_route=\/wp\/v2\/posts\/2039","targetHints":{"allow":["GET"]}}],"collection":[{"href":"https:\/\/www.pzwnarew.pl\/index.php?rest_route=\/wp\/v2\/posts"}],"about":[{"href":"https:\/\/www.pzwnarew.pl\/index.php?rest_route=\/wp\/v2\/types\/post"}],"author":[{"embeddable":true,"href":"https:\/\/www.pzwnarew.pl\/index.php?rest_route=\/wp\/v2\/users\/2"}],"replies":[{"embeddable":true,"href":"https:\/\/www.pzwnarew.pl\/index.php?rest_route=%2Fwp%2Fv2%2Fcomments&post=2039"}],"version-history":[{"count":15,"href":"https:\/\/www.pzwnarew.pl\/index.php?rest_route=\/wp\/v2\/posts\/2039\/revisions"}],"predecessor-version":[{"id":5977,"href":"https:\/\/www.pzwnarew.pl\/index.php?rest_route=\/wp\/v2\/posts\/2039\/revisions\/5977"}],"wp:attachment":[{"href":"https:\/\/www.pzwnarew.pl\/index.php?rest_route=%2Fwp%2Fv2%2Fmedia&parent=2039"}],"wp:term":[{"taxonomy":"category","embeddable":true,"href":"https:\/\/www.pzwnarew.pl\/index.php?rest_route=%2Fwp%2Fv2%2Fcategories&post=2039"},{"taxonomy":"post_tag","embeddable":true,"href":"https:\/\/www.pzwnarew.pl\/index.php?rest_route=%2Fwp%2Fv2%2Ftags&post=2039"}],"curies":[{"name":"wp","href":"https:\/\/api.w.org\/{rel}","templated":true}]}}