{"id":1968,"date":"2011-12-18T09:15:18","date_gmt":"2011-12-18T08:15:18","guid":{"rendered":"http:\/\/www.ostroleka.com.pl\/pzw-narew38\/?p=1968"},"modified":"2011-12-18T09:15:18","modified_gmt":"2011-12-18T08:15:18","slug":"wigilia-2011","status":"publish","type":"post","link":"https:\/\/www.pzwnarew.pl\/?p=1968","title":{"rendered":"Wigilia 2011"},"content":{"rendered":"<p>W dniu 16 grudnia 2011 r. w\u0119dkarze z ko\u0142a\u00a0&#8222;Narew&#8221; nr 38 w Ostro\u0142\u0119ce\u00a0spotkali si\u0119 na<a href=\"http:\/\/www.ostroleka.com.pl\/pzw-narew38\/wp-content\/uploads\/2011\/12\/DSC04677.jpg\"><img loading=\"lazy\" decoding=\"async\" class=\"alignright size-thumbnail wp-image-1976\" title=\"SONY DSC\" src=\"http:\/\/www.ostroleka.com.pl\/pzw-narew38\/wp-content\/uploads\/2011\/12\/DSC04677-150x150.jpg\" alt=\"\" width=\"150\" height=\"150\" \/><\/a> uroczystym spotkaniu wigilijnym, \u017cyczyli sobie jak najwi\u0119kszych ryb w nowym roku 2012 .\u00a0Wr\u0119czono nagrody laureatom konkursu &#8222;\u0141owcy Okaz\u00f3w 2011&#8221;.<br \/>\nW\u015br\u00f3d nagrodzonych byli: Z. Sienicki, K. Kamionowska, M. Kamionowski, R. Wojtkowiak, S. Bia\u0142czak, W. Romanik, W. Perzan, M. Koby\u0142ecki, K. Kwiatkowski, W. Krupka, A. Szarwacki, G. \u00a0Ambrzykowski. Wr\u0119czono r\u00f3wnie\u017c 3 statuetki &#8222;ekologiczny w\u0119dkarz 2011&#8221;, a zostali nimi \u0141.Garbulewski, C.Nabia\u0142ek, G.Kowalczyk.<\/p>\n<p style=\"text-align: center;\"><a title=\"Wigilia 2011\" href=\"http:\/\/www.ostroleka.com.pl\/gallery_pzw\/thumbnails.php?album=83\" target=\"_blank\">Zobacz zdj\u0119cia w galerii &gt;&gt;<\/a><\/p>\n<p>&nbsp;<\/p>\n","protected":false},"excerpt":{"rendered":"<p>W dniu 16 grudnia 2011 r. w\u0119dkarze z ko\u0142a\u00a0&#8222;Narew&#8221; nr 38 w Ostro\u0142\u0119ce\u00a0spotkali si\u0119 na uroczystym spotkaniu wigilijnym, \u017cyczyli sobie jak najwi\u0119kszych ryb w nowym roku 2012 .\u00a0Wr\u0119czono nagrody laureatom konkursu &#8222;\u0141owcy Okaz\u00f3w 2011&#8221;. W\u015br\u00f3d nagrodzonych byli: Z. Sienicki, K. Kamionowska, M. Kamionowski, R. Wojtkowiak, S. Bia\u0142czak, W. Romanik, W. Perzan, M. Koby\u0142ecki, K. Kwiatkowski, W. Krupka, A. Szarwacki, G. \u00a0Ambrzykowski. Wr\u0119czono r\u00f3wnie\u017c 3 statuetki &#8222;ekologiczny w\u0119dkarz 2011&#8221;, a zostali nimi \u0141.Garbulewski, C.Nabia\u0142ek, G.Kowalczyk. Zobacz zdj\u0119cia w galerii &gt;&gt; &nbsp;<\/p>\n","protected":false},"author":2,"featured_media":0,"comment_status":"open","ping_status":"closed","sticky":false,"template":"","format":"standard","meta":{"footnotes":""},"categories":[20],"tags":[],"class_list":["post-1968","post","type-post","status-publish","format-standard","hentry","category-newsy"],"_links":{"self":[{"href":"https:\/\/www.pzwnarew.pl\/index.php?rest_route=\/wp\/v2\/posts\/1968","targetHints":{"allow":["GET"]}}],"collection":[{"href":"https:\/\/www.pzwnarew.pl\/index.php?rest_route=\/wp\/v2\/posts"}],"about":[{"href":"https:\/\/www.pzwnarew.pl\/index.php?rest_route=\/wp\/v2\/types\/post"}],"author":[{"embeddable":true,"href":"https:\/\/www.pzwnarew.pl\/index.php?rest_route=\/wp\/v2\/users\/2"}],"replies":[{"embeddable":true,"href":"https:\/\/www.pzwnarew.pl\/index.php?rest_route=%2Fwp%2Fv2%2Fcomments&post=1968"}],"version-history":[{"count":12,"href":"https:\/\/www.pzwnarew.pl\/index.php?rest_route=\/wp\/v2\/posts\/1968\/revisions"}],"predecessor-version":[{"id":2026,"href":"https:\/\/www.pzwnarew.pl\/index.php?rest_route=\/wp\/v2\/posts\/1968\/revisions\/2026"}],"wp:attachment":[{"href":"https:\/\/www.pzwnarew.pl\/index.php?rest_route=%2Fwp%2Fv2%2Fmedia&parent=1968"}],"wp:term":[{"taxonomy":"category","embeddable":true,"href":"https:\/\/www.pzwnarew.pl\/index.php?rest_route=%2Fwp%2Fv2%2Fcategories&post=1968"},{"taxonomy":"post_tag","embeddable":true,"href":"https:\/\/www.pzwnarew.pl\/index.php?rest_route=%2Fwp%2Fv2%2Ftags&post=1968"}],"curies":[{"name":"wp","href":"https:\/\/api.w.org\/{rel}","templated":true}]}}