{"id":1799,"date":"2011-10-26T20:52:37","date_gmt":"2011-10-26T19:52:37","guid":{"rendered":"http:\/\/www.ostroleka.com.pl\/pzw-narew38\/?p=1799"},"modified":"2015-03-13T22:51:49","modified_gmt":"2015-03-13T21:51:49","slug":"narew-zarybiona-sumem-30-09-2011","status":"publish","type":"post","link":"https:\/\/www.pzwnarew.pl\/?p=1799","title":{"rendered":"Narew zarybiona sumem (30.09.2011)"},"content":{"rendered":"<p>W dniu 29.09.2011 zosta\u0142a przeprowadzona akcja zarybieniowa rzeki Narew, w <a href=\"http:\/\/www.ostroleka.com.pl\/pzw-narew38\/wp-content\/uploads\/2011\/10\/suum.jpg\"><img loading=\"lazy\" decoding=\"async\" class=\"alignright wp-image-1802 size-full\" title=\"sum\" src=\"http:\/\/www.pzwnarew.pl\/wp-content\/uploads\/2011\/10\/suum.jpg\" alt=\"\" width=\"260\" height=\"194\" \/><\/a>kt\u00f3rej uczestniczyli\u00a0prezes naszego ko\u0142a Bogdan Kielak wraz z wiceprezesem ds. sportu Andrzejem Raszkiewiczem. W okolicy Dzbenina zosta\u0142o wpuszczone do wody oko\u0142o 0,5 tony suma. Ryby mia\u0142y oko\u0142o 0,5kg, w sumie wpuszczono ok 1200 szt. tego drapie\u017cnika.<\/p>\n<p>&nbsp;<\/p>\n<p>Ca\u0142a akcja zosta\u0142a nagrana jako film wideo i umieszczona na stronie:<\/p>\n<p><a href=\"http:\/\/www.youtube.com\/?gl=PL&amp;hl=pl\">http:\/\/www.youtube.com\/?gl=PL&amp;hl=pl<\/a>\u00a0 wpisuj\u0105c w wyszukiwarce <span style=\"color: #ff0000;\"><a dir=\"ltr\" title=\"PZW NAREW Ostro\u0142\u0119ka zarybianie sumem Narwi 30.09.2011\" href=\"http:\/\/www.youtube.com\/watch?v=gBRs_kr8who\"><span style=\"color: #ff0000;\">PZW NAREW Ostro\u0142\u0119ka zarybianie sumem Narwi 30.09.2011<\/span><\/a><\/span><\/p>\n<p>&nbsp;<\/p>\n","protected":false},"excerpt":{"rendered":"<p>W dniu 29.09.2011 zosta\u0142a przeprowadzona akcja zarybieniowa rzeki Narew, w kt\u00f3rej uczestniczyli\u00a0prezes naszego ko\u0142a Bogdan Kielak wraz z wiceprezesem ds. sportu Andrzejem Raszkiewiczem. W okolicy Dzbenina zosta\u0142o wpuszczone do wody oko\u0142o 0,5 tony suma. Ryby mia\u0142y oko\u0142o 0,5kg, w sumie wpuszczono ok 1200 szt. tego drapie\u017cnika. &nbsp; Ca\u0142a akcja zosta\u0142a nagrana jako film wideo i umieszczona na stronie: http:\/\/www.youtube.com\/?gl=PL&amp;hl=pl\u00a0 wpisuj\u0105c w wyszukiwarce PZW NAREW Ostro\u0142\u0119ka zarybianie sumem Narwi 30.09.2011 &nbsp;<\/p>\n","protected":false},"author":2,"featured_media":0,"comment_status":"open","ping_status":"closed","sticky":false,"template":"","format":"standard","meta":{"footnotes":""},"categories":[20,24],"tags":[],"class_list":["post-1799","post","type-post","status-publish","format-standard","hentry","category-newsy","category-ochrona-wod"],"_links":{"self":[{"href":"https:\/\/www.pzwnarew.pl\/index.php?rest_route=\/wp\/v2\/posts\/1799","targetHints":{"allow":["GET"]}}],"collection":[{"href":"https:\/\/www.pzwnarew.pl\/index.php?rest_route=\/wp\/v2\/posts"}],"about":[{"href":"https:\/\/www.pzwnarew.pl\/index.php?rest_route=\/wp\/v2\/types\/post"}],"author":[{"embeddable":true,"href":"https:\/\/www.pzwnarew.pl\/index.php?rest_route=\/wp\/v2\/users\/2"}],"replies":[{"embeddable":true,"href":"https:\/\/www.pzwnarew.pl\/index.php?rest_route=%2Fwp%2Fv2%2Fcomments&post=1799"}],"version-history":[{"count":8,"href":"https:\/\/www.pzwnarew.pl\/index.php?rest_route=\/wp\/v2\/posts\/1799\/revisions"}],"predecessor-version":[{"id":5982,"href":"https:\/\/www.pzwnarew.pl\/index.php?rest_route=\/wp\/v2\/posts\/1799\/revisions\/5982"}],"wp:attachment":[{"href":"https:\/\/www.pzwnarew.pl\/index.php?rest_route=%2Fwp%2Fv2%2Fmedia&parent=1799"}],"wp:term":[{"taxonomy":"category","embeddable":true,"href":"https:\/\/www.pzwnarew.pl\/index.php?rest_route=%2Fwp%2Fv2%2Fcategories&post=1799"},{"taxonomy":"post_tag","embeddable":true,"href":"https:\/\/www.pzwnarew.pl\/index.php?rest_route=%2Fwp%2Fv2%2Ftags&post=1799"}],"curies":[{"name":"wp","href":"https:\/\/api.w.org\/{rel}","templated":true}]}}