{"id":1729,"date":"2011-10-03T08:12:40","date_gmt":"2011-10-03T07:12:40","guid":{"rendered":"http:\/\/www.ostroleka.com.pl\/pzw-narew38\/?p=1729"},"modified":"2011-10-03T21:22:43","modified_gmt":"2011-10-03T20:22:43","slug":"zawody-trojka-leszcze-wrzesien-2011","status":"publish","type":"post","link":"https:\/\/www.pzwnarew.pl\/?p=1729","title":{"rendered":"Zawody Tr\u00f3jka Leszcze (wrzesie\u0144 2011)"},"content":{"rendered":"<p>W dniu 18 bm. na starorzeczu \u201esiekierka\u201d\u00a0juniorzy z Ko\u0142a\u00a0 Narew &#8222;Tr\u00f3jka Leszcze&#8221;<a href=\"http:\/\/www.ostroleka.com.pl\/pzw-narew38\/wp-content\/uploads\/2011\/10\/S6007280.jpg\"><img loading=\"lazy\" decoding=\"async\" class=\"alignright size-medium wp-image-1730\" title=\"Leszcze\" src=\"http:\/\/www.ostroleka.com.pl\/pzw-narew38\/wp-content\/uploads\/2011\/10\/S6007280-300x225.jpg\" alt=\"\" width=\"180\" height=\"135\" srcset=\"https:\/\/www.pzwnarew.pl\/wp-content\/uploads\/2011\/10\/S6007280-300x225.jpg 300w, https:\/\/www.pzwnarew.pl\/wp-content\/uploads\/2011\/10\/S6007280-1024x768.jpg 1024w\" sizes=\"auto, (max-width: 180px) 100vw, 180px\" \/><\/a>\u00a0\u00a0rozegrali\u00a0 zawody sp\u0142awikowe.<\/p>\n<p>Trofeum za najwi\u0119ksz\u0105 ryb\u0119 odebra\u0142 junior Marcin Suchecki.\u00a0\u00a0Wielkie podzi\u0119kowania\u00a0dla opiekun\u00f3w m\u0142odzie\u017cowej\u00a0 szk\u00f3\u0142ki w\u0119dkarskiej ko-legom Zdzis\u0142awowi Sienickiemu i Jerzemu Konkiel<\/p>\n<p>Prezentujemy wyniki zawod\u00f3w sp\u0142awikowych:<\/p>\n<ol>\n<li>Jakub W\u00f3jcik \u2013 900 pkt<\/li>\n<li>Mateusz Klimaszewski \u2013 800 pkt<\/li>\n<li>Weronika Chimiak \u2013 750 pkt<\/li>\n<li>Marcin Suchecki \u2013 620 pkt<\/li>\n<li>Natalia Chimiak \u2013 600 pkt<\/li>\n<li>Dominik Zawojek \u2013 450 pkt<\/li>\n<li>Marek \u017bebrowski \u2013 370 pkt<\/li>\n<\/ol>\n<p style=\"text-align: center;\">\u00a0<a title=\"Galeria PZW\" href=\"http:\/\/www.ostroleka.com.pl\/gallery_pzw\/thumbnails.php?album=82\" target=\"_blank\">Wi\u0119cej zdj\u0119\u0107 z zawod\u00f3w w galerii &gt;&gt;<\/a><\/p>\n","protected":false},"excerpt":{"rendered":"<p>W dniu 18 bm. na starorzeczu \u201esiekierka\u201d\u00a0juniorzy z Ko\u0142a\u00a0 Narew &#8222;Tr\u00f3jka Leszcze&#8221;\u00a0\u00a0rozegrali\u00a0 zawody sp\u0142awikowe. Trofeum za najwi\u0119ksz\u0105 ryb\u0119 odebra\u0142 junior Marcin Suchecki.\u00a0\u00a0Wielkie podzi\u0119kowania\u00a0dla opiekun\u00f3w m\u0142odzie\u017cowej\u00a0 szk\u00f3\u0142ki w\u0119dkarskiej ko-legom Zdzis\u0142awowi Sienickiemu i Jerzemu Konkiel Prezentujemy wyniki zawod\u00f3w sp\u0142awikowych: Jakub W\u00f3jcik \u2013 900 pkt Mateusz Klimaszewski \u2013 800 pkt Weronika Chimiak \u2013 750 pkt Marcin Suchecki \u2013 620 pkt Natalia Chimiak \u2013 600 pkt Dominik Zawojek \u2013 450 pkt Marek \u017bebrowski \u2013 370 pkt \u00a0Wi\u0119cej zdj\u0119\u0107 z zawod\u00f3w w galerii &gt;&gt;<\/p>\n","protected":false},"author":2,"featured_media":0,"comment_status":"open","ping_status":"closed","sticky":false,"template":"","format":"standard","meta":{"footnotes":""},"categories":[27],"tags":[],"class_list":["post-1729","post","type-post","status-publish","format-standard","hentry","category-trojna"],"_links":{"self":[{"href":"https:\/\/www.pzwnarew.pl\/index.php?rest_route=\/wp\/v2\/posts\/1729","targetHints":{"allow":["GET"]}}],"collection":[{"href":"https:\/\/www.pzwnarew.pl\/index.php?rest_route=\/wp\/v2\/posts"}],"about":[{"href":"https:\/\/www.pzwnarew.pl\/index.php?rest_route=\/wp\/v2\/types\/post"}],"author":[{"embeddable":true,"href":"https:\/\/www.pzwnarew.pl\/index.php?rest_route=\/wp\/v2\/users\/2"}],"replies":[{"embeddable":true,"href":"https:\/\/www.pzwnarew.pl\/index.php?rest_route=%2Fwp%2Fv2%2Fcomments&post=1729"}],"version-history":[{"count":4,"href":"https:\/\/www.pzwnarew.pl\/index.php?rest_route=\/wp\/v2\/posts\/1729\/revisions"}],"predecessor-version":[{"id":1737,"href":"https:\/\/www.pzwnarew.pl\/index.php?rest_route=\/wp\/v2\/posts\/1729\/revisions\/1737"}],"wp:attachment":[{"href":"https:\/\/www.pzwnarew.pl\/index.php?rest_route=%2Fwp%2Fv2%2Fmedia&parent=1729"}],"wp:term":[{"taxonomy":"category","embeddable":true,"href":"https:\/\/www.pzwnarew.pl\/index.php?rest_route=%2Fwp%2Fv2%2Fcategories&post=1729"},{"taxonomy":"post_tag","embeddable":true,"href":"https:\/\/www.pzwnarew.pl\/index.php?rest_route=%2Fwp%2Fv2%2Ftags&post=1729"}],"curies":[{"name":"wp","href":"https:\/\/api.w.org\/{rel}","templated":true}]}}