{"id":1713,"date":"2011-09-19T18:33:33","date_gmt":"2011-09-19T17:33:33","guid":{"rendered":"http:\/\/www.ostroleka.com.pl\/pzw-narew38\/?p=1713"},"modified":"2011-10-03T08:00:57","modified_gmt":"2011-10-03T07:00:57","slug":"1713","status":"publish","type":"post","link":"https:\/\/www.pzwnarew.pl\/?p=1713","title":{"rendered":"UKLEJKOWA JESIE\u0143 2011"},"content":{"rendered":"<p>W dniu 18 bm. na starorzeczu \u201esiekierka\u201d w\u0119dkarze z Ko\u0142a\u00a0 Narew rozegrali<a href=\"http:\/\/www.ostroleka.com.pl\/pzw-narew38\/wp-content\/uploads\/2011\/09\/SANY0036.jpg\"><img loading=\"lazy\" decoding=\"async\" class=\"alignright size-medium wp-image-1714\" title=\"SANYO DIGITAL CAMERA\" src=\"http:\/\/www.ostroleka.com.pl\/pzw-narew38\/wp-content\/uploads\/2011\/09\/SANY0036-300x225.jpg\" alt=\"\" width=\"300\" height=\"225\" srcset=\"https:\/\/www.pzwnarew.pl\/wp-content\/uploads\/2011\/09\/SANY0036-300x225.jpg 300w, https:\/\/www.pzwnarew.pl\/wp-content\/uploads\/2011\/09\/SANY0036-1024x768.jpg 1024w, https:\/\/www.pzwnarew.pl\/wp-content\/uploads\/2011\/09\/SANY0036.jpg 1600w\" sizes=\"auto, (max-width: 300px) 100vw, 300px\" \/><\/a> ostatnie zawody sp\u0142awikowe w tym sezonie. Wszyscy w\u0119dkarze\u00a0 zmuszeni zostali do \u0142owienia uklejek, inne ryby nie \u017cerowa\u0142y i ka\u017cdy macha\u0142 uklej\u00f3wk\u0105 aby z\u0142apa\u0107 jak najwi\u0119cej tych ma\u0142ych wsz\u0119dobylskich rybek.<\/p>\n<p>Co dziwne\u00a0 juniorzy ostro rywalizowali z seniorami i ostatecznie np. trofeum za najwi\u0119ksz\u0105 ryb\u0119 odebra\u0142 junior Marcin Suchecki.\u00a0 Zawdzi\u0119czamy to opiekunom m\u0142odzie\u017cowej\u00a0 szk\u00f3\u0142ki w\u0119dkarskiej ko-legom Zdzis\u0142awowi Sienickiemu i Jerzemu Konkiel<\/p>\n<p><!--more--><\/p>\n<p>Podczas imprezy dopisa\u0142a pogoda, s\u0142oneczny dzie\u0144 wykorzystano\u00a0 na akcj\u0119 \u201e Sprz\u0105tanie \u015bwiata\u201d zbieraj\u0105c600 litr\u00f3w\u015bmieci pozostawionych oczywi\u015bcie przez \u201e\u015bmieciarzy w\u0119dkarzy\u201d.<\/p>\n<p>Prezentujemy wyniki zawod\u00f3w sp\u0142awikowych:<\/p>\n<p>Juniorzy:<\/p>\n<ol>\n<li>Jakub W\u00f3jcik \u2013 900 pkt<\/li>\n<li>Mateusz Klimaszewski \u2013 800 pkt<\/li>\n<li>Weronika Chimiak \u2013 750 pkt<\/li>\n<li>Marcin Suchecki \u2013 620 pkt<\/li>\n<li>Natalia Chimiak \u2013 600 pkt<\/li>\n<li>Dominik Zawojek \u2013 450 pkt<\/li>\n<li>Marek \u017bebrowski \u2013 370 pkt<\/li>\n<\/ol>\n<p>Seniorzy:<\/p>\n<ol>\n<li>Grzegorz Tyszka \u2013 2470 pkt<\/li>\n<li>Sebastian Bia\u0142czak \u2013 1700 pkt<\/li>\n<li>J\u00f3zef Dziadak \u2013 1690 pkt<\/li>\n<li>Ariel Bia\u0142obrzewski \u2013 1360 pkt<\/li>\n<li>Jerzy \u015amiarowski\u00a0 &#8211; 1060 pkt.<\/li>\n<\/ol>\n<p><strong>Zarz\u0105d Ko\u0142a Narew dzi\u0119kuje g\u0142\u00f3wnemu sponsorowi zawod\u00f3w w\u0119dkarskich:<\/strong><a href=\"http:\/\/www.ostroleka.com.pl\/pzw-narew38\/wp-content\/uploads\/2011\/09\/energa.bmp\"><img decoding=\"async\" class=\"aligncenter size-full wp-image-1718\" title=\"energa\" src=\"http:\/\/www.ostroleka.com.pl\/pzw-narew38\/wp-content\/uploads\/2011\/09\/energa.bmp\" alt=\"\" \/><\/a><strong>\u00a0\u00a0\u00a0\u00a0\u00a0\u00a0\u00a0\u00a0\u00a0\u00a0\u00a0\u00a0\u00a0\u00a0\u00a0\u00a0\u00a0\u00a0\u00a0\u00a0\u00a0\u00a0\u00a0\u00a0\u00a0\u00a0\u00a0\u00a0\u00a0\u00a0\u00a0\u00a0\u00a0\u00a0\u00a0\u00a0\u00a0 \u00a0 \u00a0<\/strong><strong>ENERGA Elektrownie Ostro\u0142\u0119ka S.A.<\/strong><\/p>\n<p><strong>\u00a0Sk\u0142adamy podzi\u0119kowanie sponsorowi zawod\u00f3w Sklepowi W\u0119dkarskiemu \u201eLIN\u201d w Ostro\u0142\u0119ce ul. Chopina 4<\/strong><\/p>\n<p style=\"text-align: center;\"><a href=\"http:\/\/www.ostroleka.com.pl\/gallery_pzw\/thumbnails.php?album=81\" target=\"_blank\">Wi\u0119cej zdj\u0119\u0107 z zawod\u00f3w w galerii &gt;&gt;<\/a><\/p>\n<p><strong>film na <span style=\"color: #ff0000;\"><a href=\"http:\/\/www.youtube.com\"><span style=\"color: #ff0000;\">www.youtube.com<\/span><\/a>\u00a0 (<a title=\"pzw narew ostro\u0142\u0119ka zawody wrzesie\u0144 2011\" dir=\"ltr\" href=\"http:\/\/www.youtube.com\/watch?v=x1FvVdX7Awk\"><span style=\"color: #ff0000;\">pzw narew ostro\u0142\u0119ka zawody wrzesie\u0144 2011<\/span><\/a>)<\/span><\/strong><\/p>\n","protected":false},"excerpt":{"rendered":"<p>W dniu 18 bm. na starorzeczu \u201esiekierka\u201d w\u0119dkarze z Ko\u0142a\u00a0 Narew rozegrali ostatnie zawody sp\u0142awikowe w tym sezonie. Wszyscy w\u0119dkarze\u00a0 zmuszeni zostali do \u0142owienia uklejek, inne ryby nie \u017cerowa\u0142y i ka\u017cdy macha\u0142 uklej\u00f3wk\u0105 aby z\u0142apa\u0107 jak najwi\u0119cej tych ma\u0142ych wsz\u0119dobylskich rybek. Co dziwne\u00a0 juniorzy ostro rywalizowali z seniorami i ostatecznie np. trofeum za najwi\u0119ksz\u0105 ryb\u0119 odebra\u0142 junior Marcin Suchecki.\u00a0 Zawdzi\u0119czamy to opiekunom m\u0142odzie\u017cowej\u00a0 szk\u00f3\u0142ki w\u0119dkarskiej ko-legom Zdzis\u0142awowi Sienickiemu i Jerzemu Konkiel<\/p>\n","protected":false},"author":2,"featured_media":0,"comment_status":"open","ping_status":"closed","sticky":false,"template":"","format":"standard","meta":{"footnotes":""},"categories":[20,17],"tags":[],"class_list":["post-1713","post","type-post","status-publish","format-standard","hentry","category-newsy","category-imprezy"],"_links":{"self":[{"href":"https:\/\/www.pzwnarew.pl\/index.php?rest_route=\/wp\/v2\/posts\/1713","targetHints":{"allow":["GET"]}}],"collection":[{"href":"https:\/\/www.pzwnarew.pl\/index.php?rest_route=\/wp\/v2\/posts"}],"about":[{"href":"https:\/\/www.pzwnarew.pl\/index.php?rest_route=\/wp\/v2\/types\/post"}],"author":[{"embeddable":true,"href":"https:\/\/www.pzwnarew.pl\/index.php?rest_route=\/wp\/v2\/users\/2"}],"replies":[{"embeddable":true,"href":"https:\/\/www.pzwnarew.pl\/index.php?rest_route=%2Fwp%2Fv2%2Fcomments&post=1713"}],"version-history":[{"count":8,"href":"https:\/\/www.pzwnarew.pl\/index.php?rest_route=\/wp\/v2\/posts\/1713\/revisions"}],"predecessor-version":[{"id":1717,"href":"https:\/\/www.pzwnarew.pl\/index.php?rest_route=\/wp\/v2\/posts\/1713\/revisions\/1717"}],"wp:attachment":[{"href":"https:\/\/www.pzwnarew.pl\/index.php?rest_route=%2Fwp%2Fv2%2Fmedia&parent=1713"}],"wp:term":[{"taxonomy":"category","embeddable":true,"href":"https:\/\/www.pzwnarew.pl\/index.php?rest_route=%2Fwp%2Fv2%2Fcategories&post=1713"},{"taxonomy":"post_tag","embeddable":true,"href":"https:\/\/www.pzwnarew.pl\/index.php?rest_route=%2Fwp%2Fv2%2Ftags&post=1713"}],"curies":[{"name":"wp","href":"https:\/\/api.w.org\/{rel}","templated":true}]}}