{"id":1604,"date":"2011-07-19T06:08:49","date_gmt":"2011-07-19T05:08:49","guid":{"rendered":"http:\/\/www.ostroleka.com.pl\/pzw-narew38\/?p=1604"},"modified":"2011-07-20T06:29:16","modified_gmt":"2011-07-20T05:29:16","slug":"ii-miejsce-zajal-kolega-z-naszego-kola-zbigniew-lis","status":"publish","type":"post","link":"https:\/\/www.pzwnarew.pl\/?p=1604","title":{"rendered":"II miejsce zaj\u0105\u0142 kolega z naszego ko\u0142a (Zbigniew Lis)"},"content":{"rendered":"<p>XI Puchar Burmistrza Ostrowi Mazowieckiej.<\/p>\n<p>W dniu 03 lipca 2011 roku ju\u017c od godz. 06.00 zacz\u0119li zbiera\u0107 si\u0119 w\u0119dkarze nad Narwi\u0105 w m. R\u00f3\u017can.<a href=\"http:\/\/www.ostroleka.com.pl\/pzw-narew38\/wp-content\/uploads\/2011\/07\/36344_p1060329_s06ke0w81.jpg\"><img loading=\"lazy\" decoding=\"async\" class=\"alignright size-thumbnail wp-image-1609\" title=\"36344_p1060329_s06ke0w8\" src=\"http:\/\/www.ostroleka.com.pl\/pzw-narew38\/wp-content\/uploads\/2011\/07\/36344_p1060329_s06ke0w81-150x150.jpg\" alt=\"\" width=\"150\" height=\"150\" \/><\/a> Og\u00f3\u0142em przyjecha\u0142o ich 78 w tym 4 panie i 3 junior\u00f3w z nast\u0119puj\u0105cych miejscowo\u015bci:<\/p>\n<p>\u0141om\u017ca, Szczytno, W\u0119gr\u00f3w, Warszawa, Ma\u0142kinia, Ostro\u0142\u0119ka, Komorowo, Siemiatycze, Ciechanowiec i oczywi\u015bcie z Ostrowi Mazowieckiej.<\/p>\n<p><!--more--><\/p>\n<p>Organizatorem zawod\u00f3w by\u0142o Ko\u0142o Nr 64 PZW z Ostrowi Mazowieckiej, S\u0119dzi\u0105 G\u0142\u00f3wnym kol. Antoni Jab\u0142o\u0144ski, S\u0119dzi\u0105 Sekretarzem kol. Henryk Fadarewski, s\u0119dziami sektorowymi kole\u017canki i koledzy z Klubu \u201eWodnik&#8221;. Zawody odby\u0142y si\u0119 w jednej 7-mio godzinnej turze zgodnie z RAPR, oraz ustaleniami organizatora, wymiar ochronny okonia zosta\u0142 zwi\u0119kszony do 20 cm.<\/p>\n<p>Pomimo cz\u0119sto padaj\u0105cego deszczu walka trwa\u0142a do godz. 14.00.<\/p>\n<div><img decoding=\"async\" src=\"http:\/\/pzw64.ompzw.pl\/modulesData\/gallery\/Image\/36337__p1060311_13n7uwmc.jpg\" alt=\" \" \/><\/div>\n<p>W czasie podliczania wynik\u00f3w przez komisj\u0119, zawodnicy posilali si\u0119 smacznym posi\u0142kiem.<\/p>\n<p>Po obliczeniu wynik\u00f3w klasyfikacja przedstawia\u0142a si\u0119 nast\u0119puj\u0105co:<\/p>\n<p><strong>I miejsce Kacper Za\u0142\u0119ski\u00a0 &#8211; Szczytno &#8211; 2190 <\/strong><strong>pkt. <\/strong><\/p>\n<p>&nbsp;<\/p>\n<p><strong>II miejsce Zbigniew Lis\u00a0 &#8211; Ostro\u0142\u0119ka -1540 <\/strong><strong>pkt. (KO\u0141O NAREW nr.38\u00a0OSTRO\u0141\u0118KA)<\/strong><\/p>\n<p>&nbsp;<\/p>\n<p><strong>III miejsce Krzysztof Gedrowicz &#8211; \u201eSpiner&#8221; Ostr\u00f3w Maz. -1295<\/strong><strong> pkt.<\/strong><\/p>\n<p>&nbsp;<\/p>\n<p><strong>IV miejsce Jacek Gruszczy\u0144ski\u00a0 &#8211; Ostr\u00f3w Maz. &#8211; 1230 <\/strong><strong>pkt.<\/strong><\/p>\n<p>&nbsp;<\/p>\n<p><strong>V miejsce Marek Bogucki &#8211; Siemiatycze &#8211; 1215 <\/strong><strong>pkt.<\/strong><\/p>\n<p>&nbsp;<\/p>\n<p><strong>VI miejsce Ryszard Zdu\u0144czyk\u00a0 &#8211; \u0141om\u017ca &#8211; 1190 <\/strong><strong>pkt.<\/strong><\/p>\n<p><a href=\"http:\/\/www.ostroleka.com.pl\/pzw-narew38\/wp-content\/uploads\/2011\/07\/36347__p1060333_kpfw0cah.jpg\"><img loading=\"lazy\" decoding=\"async\" class=\"alignleft size-medium wp-image-1610\" title=\"36347__p1060333_kpfw0cah\" src=\"http:\/\/www.ostroleka.com.pl\/pzw-narew38\/wp-content\/uploads\/2011\/07\/36347__p1060333_kpfw0cah-300x225.jpg\" alt=\"\" width=\"300\" height=\"225\" srcset=\"https:\/\/www.pzwnarew.pl\/wp-content\/uploads\/2011\/07\/36347__p1060333_kpfw0cah-300x225.jpg 300w, https:\/\/www.pzwnarew.pl\/wp-content\/uploads\/2011\/07\/36347__p1060333_kpfw0cah.jpg 400w\" sizes=\"auto, (max-width: 300px) 100vw, 300px\" \/><\/a><\/p>\n<p>&nbsp;<\/p>\n<p>&nbsp;<\/p>\n<p>&nbsp;<\/p>\n<p>&nbsp;<\/p>\n<p>&nbsp;<\/p>\n<p>&nbsp;<\/p>\n<p>Nasze gratulacje, \u017cyczymy dalszych sukces\u00f3w.<\/p>\n","protected":false},"excerpt":{"rendered":"<p>XI Puchar Burmistrza Ostrowi Mazowieckiej. W dniu 03 lipca 2011 roku ju\u017c od godz. 06.00 zacz\u0119li zbiera\u0107 si\u0119 w\u0119dkarze nad Narwi\u0105 w m. R\u00f3\u017can. Og\u00f3\u0142em przyjecha\u0142o ich 78 w tym 4 panie i 3 junior\u00f3w z nast\u0119puj\u0105cych miejscowo\u015bci: \u0141om\u017ca, Szczytno, W\u0119gr\u00f3w, Warszawa, Ma\u0142kinia, Ostro\u0142\u0119ka, Komorowo, Siemiatycze, Ciechanowiec i oczywi\u015bcie z Ostrowi Mazowieckiej.<\/p>\n","protected":false},"author":2,"featured_media":0,"comment_status":"open","ping_status":"closed","sticky":false,"template":"","format":"standard","meta":{"footnotes":""},"categories":[20],"tags":[],"class_list":["post-1604","post","type-post","status-publish","format-standard","hentry","category-newsy"],"_links":{"self":[{"href":"https:\/\/www.pzwnarew.pl\/index.php?rest_route=\/wp\/v2\/posts\/1604","targetHints":{"allow":["GET"]}}],"collection":[{"href":"https:\/\/www.pzwnarew.pl\/index.php?rest_route=\/wp\/v2\/posts"}],"about":[{"href":"https:\/\/www.pzwnarew.pl\/index.php?rest_route=\/wp\/v2\/types\/post"}],"author":[{"embeddable":true,"href":"https:\/\/www.pzwnarew.pl\/index.php?rest_route=\/wp\/v2\/users\/2"}],"replies":[{"embeddable":true,"href":"https:\/\/www.pzwnarew.pl\/index.php?rest_route=%2Fwp%2Fv2%2Fcomments&post=1604"}],"version-history":[{"count":3,"href":"https:\/\/www.pzwnarew.pl\/index.php?rest_route=\/wp\/v2\/posts\/1604\/revisions"}],"predecessor-version":[{"id":1612,"href":"https:\/\/www.pzwnarew.pl\/index.php?rest_route=\/wp\/v2\/posts\/1604\/revisions\/1612"}],"wp:attachment":[{"href":"https:\/\/www.pzwnarew.pl\/index.php?rest_route=%2Fwp%2Fv2%2Fmedia&parent=1604"}],"wp:term":[{"taxonomy":"category","embeddable":true,"href":"https:\/\/www.pzwnarew.pl\/index.php?rest_route=%2Fwp%2Fv2%2Fcategories&post=1604"},{"taxonomy":"post_tag","embeddable":true,"href":"https:\/\/www.pzwnarew.pl\/index.php?rest_route=%2Fwp%2Fv2%2Ftags&post=1604"}],"curies":[{"name":"wp","href":"https:\/\/api.w.org\/{rel}","templated":true}]}}