{"id":1567,"date":"2011-07-11T16:02:55","date_gmt":"2011-07-11T15:02:55","guid":{"rendered":"http:\/\/www.ostroleka.com.pl\/pzw-narew38\/?p=1567"},"modified":"2011-07-12T10:00:17","modified_gmt":"2011-07-12T09:00:17","slug":"maraton-2011-rozegrany","status":"publish","type":"post","link":"https:\/\/www.pzwnarew.pl\/?p=1567","title":{"rendered":"MARATON 2011 ROZEGRANY"},"content":{"rendered":"<p><span style=\"color: #808000;\">W dniach 9 i 10 lipca pomimo wzrastaj\u0105cego poziomu Narwi ( 228 cm na wodowskazie w Ostro\u0142\u0119ce) organizatorzy<a href=\"http:\/\/www.ostroleka.com.pl\/pzw-narew38\/wp-content\/uploads\/2011\/07\/SANY0291.jpg\"><img loading=\"lazy\" decoding=\"async\" class=\"alignright size-thumbnail wp-image-1568\" title=\"SANYO DIGITAL CAMERA\" src=\"http:\/\/www.ostroleka.com.pl\/pzw-narew38\/wp-content\/uploads\/2011\/07\/SANY0291-150x150.jpg\" alt=\"\" width=\"150\" height=\"150\" \/><\/a> przeprowadzili IV maraton w\u0119dkarski Ko\u0142a Narew.<\/span><\/p>\n<p>W tym roku w zawodach tych uczestniczy\u0142y dru\u017cyny z Ko\u0142a \u0141om\u017cy\u0144skiego oraz z ostro\u0142\u0119ckiego Ko\u0142a PZW \u201eKie\u0142bik\u201d.<\/p>\n<p>Zawodnicy mieli trudne zadanie w\u0119dkowania na odcinku Narwi w Dyszobabie, jest to jedyne miejsce gdzie przy tak wysokim stanie wody mo\u017cna rozegra\u0107 zawody w\u0119dkarskie.<\/p>\n<p><!--more--><\/p>\n<p>Og\u00f3\u0142em w zawodach wystartowa\u0142o 7 trzyosobowych dru\u017cyn na 8 zg\u0142oszonych.<\/p>\n<p>Ostatecznie po 18 godzinach w\u0119dkowania najlepszymi marato\u0144czykami okazali si\u0119 w\u0119dkarze z dru\u017cyny PZW \u201eKie\u0142bik\u201d , kt\u00f3rzy do wagi przedstawili 12 kg \u017cywej ryby. Jest to wynik imponuj\u0105cy jak na tak trudne warunki techniczne.<\/p>\n<p>Kolejne miejsce zdoby\u0142a ekipa z Ko\u0142a Narew z kapitanem Wies\u0142awem Szczube\u0142kiem oraztrenerem Andrzejem Zar\u0119b\u0105. Trzecia dru\u017cyna pod przewodnictwem J\u00f3zefa Dziadka musia\u0142a ostro finiszowa\u0107 aby wygra\u0107 dos\u0142ownie o jedn\u0105 ryb\u0119 z czwart\u0105 dru\u017cyn\u0105 Andrzeja Za\u0142\u0119skiego.<\/p>\n<p>Dzi\u0119kujemy wszystkim w\u0119dkarzom za udzia\u0142 w maratonie zapraszamy za rok mo\u017ce w bardziej sprzyjaj\u0105cych warunkach.<\/p>\n<p>Poni\u017cej prezentujemy ostateczne wyniki Maratonu W\u0119dkarskiego.<\/p>\n<table width=\"615\" border=\"1\" cellspacing=\"0\" cellpadding=\"7\">\n<colgroup>\n<col width=\"52\" \/>\n<col width=\"262\" \/>\n<col width=\"118\" \/>\n<col width=\"125\" \/><\/colgroup>\n<tbody>\n<tr valign=\"top\">\n<td width=\"52\" height=\"21\">Miejscedru\u017cyny<\/td>\n<td width=\"262\">Sk\u0142ad dru\u017cyny<\/td>\n<td width=\"118\">Uzyskane punkty<\/td>\n<td width=\"125\">Uwagi<\/td>\n<\/tr>\n<tr valign=\"top\">\n<td width=\"52\">I<\/td>\n<td width=\"262\"><strong>Piotr Wrzeszcz<\/strong>Andrzej CichowskiWojciech Cichowski<\/td>\n<td width=\"118\"><strong>12520<\/strong><\/td>\n<td width=\"125\"><span style=\"font-size: x-small;\">Piotr Wrzeszcz<\/span><span style=\"font-size: x-small;\">najlepszy w pkt. indywidualnej<\/span><\/td>\n<\/tr>\n<tr valign=\"top\">\n<td width=\"52\">II<\/td>\n<td width=\"262\"><strong>Wies\u0142aw Szczube\u0142ek<\/strong>Mariusz KamionowskiJacek Bialik<\/td>\n<td width=\"118\"><strong>5310<\/strong><\/td>\n<td width=\"125\"><span style=\"font-size: x-small;\">Mariusz Kamionowski <\/span><span style=\"font-size: x-small;\">leszcz 2170 kr\u0105p 630<\/span><\/td>\n<\/tr>\n<tr valign=\"top\">\n<td width=\"52\">III<\/td>\n<td width=\"262\"><strong>J\u00f3zef Dziadak<\/strong>Maciej DziadakPawe\u0142 Myszka<\/td>\n<td width=\"118\"><strong>4720<\/strong><\/td>\n<td width=\"125\"><span style=\"font-size: x-small;\">J\u00f3zef Dziadak<\/span><span style=\"font-size: x-small;\">Kle\u0144 320<\/span><\/td>\n<\/tr>\n<tr valign=\"top\">\n<td width=\"52\">IV<\/td>\n<td width=\"262\"><strong>Andrzej Za\u0142\u0119ski<\/strong>Roman BalcerakSebastian Bia\u0142czak<\/td>\n<td width=\"118\"><strong>3 990<\/strong><\/td>\n<td width=\"125\">\u00a0<\/td>\n<\/tr>\n<tr valign=\"top\">\n<td width=\"52\" height=\"52\">V<\/td>\n<td width=\"262\"><strong>Zbigniew Lis<\/strong>\u0141ukasz RomanikHenryk Bielak<\/td>\n<td width=\"118\"><strong>3 640<\/strong><\/td>\n<td width=\"125\">\u00a0<\/td>\n<\/tr>\n<tr valign=\"top\">\n<td width=\"52\">VI<\/td>\n<td width=\"262\"><strong>Robert Pawelczyk<\/strong>Robert RomanikTomasz Dami\u0119cki<\/td>\n<td width=\"118\"><strong>2 150<\/strong><\/td>\n<td width=\"125\">\u00a0<\/td>\n<\/tr>\n<tr valign=\"top\">\n<td width=\"52\">VII<\/td>\n<td width=\"262\"><strong>Jacek Brodowski<\/strong>Piotr NiewiadomskiPawe\u0142 Niewiadomski<\/td>\n<td width=\"118\"><strong>1 930<\/strong><\/td>\n<td width=\"125\">\u00a0<\/td>\n<\/tr>\n<\/tbody>\n<\/table>\n<p>&nbsp;<\/p>\n<p><strong><span style=\"color: #ff0000;\">Zarz\u0105d Ko\u0142a Narew sk\u0142ada podzi\u0119kowanie sponsorowi kulinarnemu maratonu<br \/>\n\u00a0<br \/>\nFirmie Cateringowej &#8222;EMAGOS&#8221; Barbara Jask\u00f3lska serwuj\u0105cej pyszne dania dla w\u0119dkarzy:<\/span><\/strong><\/p>\n<p><span style=\"color: #ff0000;\"><a href=\"http:\/\/www.ostroleka.com.pl\/pzw-narew38\/wp-content\/uploads\/2011\/07\/skanowanie0001.jpg\"><img loading=\"lazy\" decoding=\"async\" class=\"alignleft size-thumbnail wp-image-1578\" title=\"skanowanie0001\" src=\"http:\/\/www.ostroleka.com.pl\/pzw-narew38\/wp-content\/uploads\/2011\/07\/skanowanie0001-150x150.jpg\" alt=\"\" width=\"150\" height=\"150\" \/><\/a><a href=\"http:\/\/www.ostroleka.com.pl\/pzw-narew38\/wp-content\/uploads\/2011\/07\/skanowanie0002.jpg\"><img loading=\"lazy\" decoding=\"async\" class=\"size-thumbnail wp-image-1579 alignright\" title=\"skanowanie0002\" src=\"http:\/\/www.ostroleka.com.pl\/pzw-narew38\/wp-content\/uploads\/2011\/07\/skanowanie0002-150x150.jpg\" alt=\"\" width=\"150\" height=\"150\" \/><\/a><\/span><\/p>\n<p>&nbsp;<\/p>\n<p>&nbsp;<\/p>\n<p>&nbsp;<\/p>\n<p>&nbsp;<\/p>\n<p>&nbsp;<\/p>\n<p><strong><span style=\"color: #ff0000;\">Dzi\u0119kujemy Sklepowi W\u0119dkarskiemu LIN w Ostro\u0142\u0119ce za wydatna pomoc w organizacji zawod\u00f3w.<\/span><\/strong><\/p>\n<p style=\"text-align: center;\"><a href=\"http:\/\/www.ostroleka.com.pl\/gallery_pzw\/thumbnails.php?album=80\" target=\"_blank\"><span style=\"color: #000000;\"><strong>Wi\u0119cej zdj\u0119\u0107 w galerii &gt;&gt;<\/strong><\/span><\/a><\/p>\n<p style=\"text-align: center;\"><a href=\"http:\/\/www.youtube.com\/results?search_query=pzw+narew+ostro%C5%82%C4%99ka&amp;search=Search&amp;gl=US&amp;hl=uk\" target=\"_blank\"><span style=\"color: #000000;\"><strong>Zapraszamy do ogl\u0105dania filmu z zawod\u00f3w na youtobe.<\/strong><\/span><\/a><\/p>\n","protected":false},"excerpt":{"rendered":"<p>W dniach 9 i 10 lipca pomimo wzrastaj\u0105cego poziomu Narwi ( 228 cm na wodowskazie w Ostro\u0142\u0119ce) organizatorzy przeprowadzili IV maraton w\u0119dkarski Ko\u0142a Narew. W tym roku w zawodach tych uczestniczy\u0142y dru\u017cyny z Ko\u0142a \u0141om\u017cy\u0144skiego oraz z ostro\u0142\u0119ckiego Ko\u0142a PZW \u201eKie\u0142bik\u201d. Zawodnicy mieli trudne zadanie w\u0119dkowania na odcinku Narwi w Dyszobabie, jest to jedyne miejsce gdzie przy tak wysokim stanie wody mo\u017cna rozegra\u0107 zawody w\u0119dkarskie.<\/p>\n","protected":false},"author":2,"featured_media":0,"comment_status":"open","ping_status":"closed","sticky":false,"template":"","format":"standard","meta":{"footnotes":""},"categories":[20,17],"tags":[],"class_list":["post-1567","post","type-post","status-publish","format-standard","hentry","category-newsy","category-imprezy"],"_links":{"self":[{"href":"https:\/\/www.pzwnarew.pl\/index.php?rest_route=\/wp\/v2\/posts\/1567","targetHints":{"allow":["GET"]}}],"collection":[{"href":"https:\/\/www.pzwnarew.pl\/index.php?rest_route=\/wp\/v2\/posts"}],"about":[{"href":"https:\/\/www.pzwnarew.pl\/index.php?rest_route=\/wp\/v2\/types\/post"}],"author":[{"embeddable":true,"href":"https:\/\/www.pzwnarew.pl\/index.php?rest_route=\/wp\/v2\/users\/2"}],"replies":[{"embeddable":true,"href":"https:\/\/www.pzwnarew.pl\/index.php?rest_route=%2Fwp%2Fv2%2Fcomments&post=1567"}],"version-history":[{"count":10,"href":"https:\/\/www.pzwnarew.pl\/index.php?rest_route=\/wp\/v2\/posts\/1567\/revisions"}],"predecessor-version":[{"id":1581,"href":"https:\/\/www.pzwnarew.pl\/index.php?rest_route=\/wp\/v2\/posts\/1567\/revisions\/1581"}],"wp:attachment":[{"href":"https:\/\/www.pzwnarew.pl\/index.php?rest_route=%2Fwp%2Fv2%2Fmedia&parent=1567"}],"wp:term":[{"taxonomy":"category","embeddable":true,"href":"https:\/\/www.pzwnarew.pl\/index.php?rest_route=%2Fwp%2Fv2%2Fcategories&post=1567"},{"taxonomy":"post_tag","embeddable":true,"href":"https:\/\/www.pzwnarew.pl\/index.php?rest_route=%2Fwp%2Fv2%2Ftags&post=1567"}],"curies":[{"name":"wp","href":"https:\/\/api.w.org\/{rel}","templated":true}]}}