{"id":1526,"date":"2011-06-16T22:44:00","date_gmt":"2011-06-16T21:44:00","guid":{"rendered":"http:\/\/www.ostroleka.com.pl\/pzw-narew38\/?p=1526"},"modified":"2011-06-22T23:17:34","modified_gmt":"2011-06-22T22:17:34","slug":"final-konkursu-plastycznego","status":"publish","type":"post","link":"https:\/\/www.pzwnarew.pl\/?p=1526","title":{"rendered":"FINA\u0141 KONKURSU PLASTYCZNEGO"},"content":{"rendered":"<p><strong><span style=\"color: #808000;\">W dniu 15 czerwca br.\u00a0 w szkole podstawowej nr 6 w Ostro\u0142\u0119ce odby\u0142o si\u0119<a href=\"http:\/\/www.ostroleka.com.pl\/pzw-narew38\/wp-content\/uploads\/2011\/06\/SANY0239.jpg\"><img loading=\"lazy\" decoding=\"async\" class=\"alignright size-thumbnail wp-image-1527\" title=\"SANYO DIGITAL CAMERA\" src=\"http:\/\/www.ostroleka.com.pl\/pzw-narew38\/wp-content\/uploads\/2011\/06\/SANY0239-150x150.jpg\" alt=\"\" width=\"150\" height=\"150\" \/><\/a> uroczyste wr\u0119czenie nagr\u00f3d laureatom konkursu plastycznego pt. \u201eTydzie\u0144 czysto\u015bci w\u00f3d \u2013ekologia i \u015brodowisko\u201d zorganizowanego w tej szkole przez Ko\u0142o nr 38 Narew w Ostro\u0142\u0119ce.<\/span><\/strong><\/p>\n<p><strong><span style=\"color: #808000;\"><!--more--><\/span><\/strong><\/p>\n<p>Zarz\u0105d ko\u0142a sk\u0142ada podzi\u0119kowanie pedagogom Joannie Kleczkowskiej, Iwonie Borkowskiej oraz Barbarze Sienickiej za merytoryczn\u0105 pomoc w konkursie. Dzi\u0119kujemy wszystkim dzieciom , kt\u00f3re wzi\u0119\u0142y udzia\u0142 w tej plastycznej przygodzie z ekologi\u0105 i zapraszamy na nast\u0119pny rok. Podzi\u0119kowania dla naszego kolegi Andrzeja Raszkiewicza za reprezentowanie naszego ko\u0142a, wr\u0119czenie nagr\u00f3d i dyplom\u00f3w dla zwyci\u0119zc\u00f3w konkursu.<\/p>\n<p>Poni\u017cej przedstawiamy list\u0119 laureat\u00f3w w poszczeg\u00f3lnych kategoriach.<\/p>\n<p>\u00a0<span style=\"color: #ff0000;\">Kategoria wiekowa 6 do 10 lat \u2013 plastyka<\/span><\/p>\n<p>\u00a0<strong>Klaudia Piekarska<\/strong><\/p>\n<p><span style=\"color: #ff0000;\">\u00a0Kategoria wiekowa 11 do 13 lat \u2013 plastyka<\/span><\/p>\n<p><strong>\u00a0<\/strong><strong>1.\u00a0\u00a0\u00a0\u00a0\u00a0 <\/strong><strong>Angelika \u015awider<\/strong><\/p>\n<p><strong>2.\u00a0\u00a0\u00a0\u00a0\u00a0 <\/strong><strong>Kinga Za\u0142uska<\/strong><\/p>\n<p><strong>3.\u00a0\u00a0\u00a0\u00a0\u00a0 <\/strong><strong>Marta Kawa\u0142ek<\/strong><\/p>\n<p>\u00a0<span style=\"color: #ff0000;\">Prezentacje multimedialne<\/span><\/p>\n<p>\u00a0<strong>1.\u00a0\u00a0\u00a0\u00a0\u00a0 <\/strong><strong>Justyna Koz\u0142owska<\/strong><\/p>\n<p>\u00a0<span style=\"color: #ff0000;\">Grafika komputerowa<\/span><\/p>\n<p><strong>\u00a0<\/strong><strong>1.\u00a0\u00a0\u00a0\u00a0\u00a0 <\/strong><strong>Oliwia Marcinkowska<\/strong><\/p>\n<p><strong>2.\u00a0\u00a0\u00a0\u00a0\u00a0 <\/strong><strong>Klaudia Gumkowska<\/strong><\/p>\n<p><strong>3.\u00a0\u00a0\u00a0\u00a0\u00a0 <\/strong><strong>Marta Kawalek<\/strong><\/p>\n<p><strong>4.\u00a0\u00a0\u00a0\u00a0\u00a0 <\/strong><strong>Laura \u015aledzik<\/strong><\/p>\n<p><strong>5.\u00a0\u00a0<\/strong><strong>Aleksandra Za\u0142\u0119ska<\/strong><strong>\u00a0<\/strong><\/p>\n<p><strong>\u00a0<\/strong><\/p>\n<p><strong>\u00a0<\/strong><\/p>\n<p><strong>\u00a0<\/strong><\/p>\n<p><strong><\/strong>\u00a0<div id='gallery-1' class='gallery galleryid-1526 gallery-columns-3 gallery-size-thumbnail'><figure class='gallery-item'>\n\t\t\t<div class='gallery-icon landscape'>\n\t\t\t\t<a href='https:\/\/www.pzwnarew.pl\/wp-content\/uploads\/2011\/06\/SANY0235.jpg'><img loading=\"lazy\" decoding=\"async\" width=\"150\" height=\"150\" src=\"https:\/\/www.pzwnarew.pl\/wp-content\/uploads\/2011\/06\/SANY0235-150x150.jpg\" class=\"attachment-thumbnail size-thumbnail\" alt=\"\" \/><\/a>\n\t\t\t<\/div><\/figure><figure class='gallery-item'>\n\t\t\t<div class='gallery-icon landscape'>\n\t\t\t\t<a href='https:\/\/www.pzwnarew.pl\/wp-content\/uploads\/2011\/06\/SANY0239.jpg'><img loading=\"lazy\" decoding=\"async\" width=\"150\" height=\"150\" src=\"https:\/\/www.pzwnarew.pl\/wp-content\/uploads\/2011\/06\/SANY0239-150x150.jpg\" class=\"attachment-thumbnail size-thumbnail\" alt=\"\" \/><\/a>\n\t\t\t<\/div><\/figure><figure class='gallery-item'>\n\t\t\t<div class='gallery-icon landscape'>\n\t\t\t\t<a href='https:\/\/www.pzwnarew.pl\/wp-content\/uploads\/2011\/06\/SANY0238.jpg'><img loading=\"lazy\" decoding=\"async\" width=\"150\" height=\"150\" src=\"https:\/\/www.pzwnarew.pl\/wp-content\/uploads\/2011\/06\/SANY0238-150x150.jpg\" class=\"attachment-thumbnail size-thumbnail\" alt=\"\" \/><\/a>\n\t\t\t<\/div><\/figure><figure class='gallery-item'>\n\t\t\t<div class='gallery-icon landscape'>\n\t\t\t\t<a href='https:\/\/www.pzwnarew.pl\/wp-content\/uploads\/2011\/06\/SANY02401.jpg'><img loading=\"lazy\" decoding=\"async\" width=\"150\" height=\"150\" src=\"https:\/\/www.pzwnarew.pl\/wp-content\/uploads\/2011\/06\/SANY02401-150x150.jpg\" class=\"attachment-thumbnail size-thumbnail\" alt=\"\" \/><\/a>\n\t\t\t<\/div><\/figure><figure class='gallery-item'>\n\t\t\t<div class='gallery-icon landscape'>\n\t\t\t\t<a href='https:\/\/www.pzwnarew.pl\/wp-content\/uploads\/2011\/06\/SANY0241.jpg'><img loading=\"lazy\" decoding=\"async\" width=\"150\" height=\"150\" src=\"https:\/\/www.pzwnarew.pl\/wp-content\/uploads\/2011\/06\/SANY0241-150x150.jpg\" class=\"attachment-thumbnail size-thumbnail\" alt=\"\" \/><\/a>\n\t\t\t<\/div><\/figure><figure class='gallery-item'>\n\t\t\t<div class='gallery-icon landscape'>\n\t\t\t\t<a href='https:\/\/www.pzwnarew.pl\/wp-content\/uploads\/2011\/06\/SANY0236.jpg'><img loading=\"lazy\" decoding=\"async\" width=\"150\" height=\"150\" src=\"https:\/\/www.pzwnarew.pl\/wp-content\/uploads\/2011\/06\/SANY0236-150x150.jpg\" class=\"attachment-thumbnail size-thumbnail\" alt=\"\" \/><\/a>\n\t\t\t<\/div><\/figure>\n\t\t<\/div>\n<\/p>\n<p><strong><\/strong><strong><\/strong><strong>\u00a0<\/strong><\/p>\n","protected":false},"excerpt":{"rendered":"<p>W dniu 15 czerwca br.\u00a0 w szkole podstawowej nr 6 w Ostro\u0142\u0119ce odby\u0142o si\u0119 uroczyste wr\u0119czenie nagr\u00f3d laureatom konkursu plastycznego pt. \u201eTydzie\u0144 czysto\u015bci w\u00f3d \u2013ekologia i \u015brodowisko\u201d zorganizowanego w tej szkole przez Ko\u0142o nr 38 Narew w Ostro\u0142\u0119ce.<\/p>\n","protected":false},"author":2,"featured_media":0,"comment_status":"open","ping_status":"closed","sticky":false,"template":"","format":"standard","meta":{"footnotes":""},"categories":[20,17],"tags":[],"class_list":["post-1526","post","type-post","status-publish","format-standard","hentry","category-newsy","category-imprezy"],"_links":{"self":[{"href":"https:\/\/www.pzwnarew.pl\/index.php?rest_route=\/wp\/v2\/posts\/1526","targetHints":{"allow":["GET"]}}],"collection":[{"href":"https:\/\/www.pzwnarew.pl\/index.php?rest_route=\/wp\/v2\/posts"}],"about":[{"href":"https:\/\/www.pzwnarew.pl\/index.php?rest_route=\/wp\/v2\/types\/post"}],"author":[{"embeddable":true,"href":"https:\/\/www.pzwnarew.pl\/index.php?rest_route=\/wp\/v2\/users\/2"}],"replies":[{"embeddable":true,"href":"https:\/\/www.pzwnarew.pl\/index.php?rest_route=%2Fwp%2Fv2%2Fcomments&post=1526"}],"version-history":[{"count":7,"href":"https:\/\/www.pzwnarew.pl\/index.php?rest_route=\/wp\/v2\/posts\/1526\/revisions"}],"predecessor-version":[{"id":1541,"href":"https:\/\/www.pzwnarew.pl\/index.php?rest_route=\/wp\/v2\/posts\/1526\/revisions\/1541"}],"wp:attachment":[{"href":"https:\/\/www.pzwnarew.pl\/index.php?rest_route=%2Fwp%2Fv2%2Fmedia&parent=1526"}],"wp:term":[{"taxonomy":"category","embeddable":true,"href":"https:\/\/www.pzwnarew.pl\/index.php?rest_route=%2Fwp%2Fv2%2Fcategories&post=1526"},{"taxonomy":"post_tag","embeddable":true,"href":"https:\/\/www.pzwnarew.pl\/index.php?rest_route=%2Fwp%2Fv2%2Ftags&post=1526"}],"curies":[{"name":"wp","href":"https:\/\/api.w.org\/{rel}","templated":true}]}}