{"id":1514,"date":"2011-06-20T16:06:54","date_gmt":"2011-06-20T15:06:54","guid":{"rendered":"http:\/\/www.ostroleka.com.pl\/pzw-narew38\/?p=1514"},"modified":"2011-10-03T08:14:42","modified_gmt":"2011-10-03T07:14:42","slug":"leszcz","status":"publish","type":"post","link":"https:\/\/www.pzwnarew.pl\/?p=1514","title":{"rendered":"TR\u00d3JKA LESZCZE (Zaj\u0119cia na stawach)"},"content":{"rendered":"<p><a href=\"http:\/\/www.ostroleka.com.pl\/pzw-narew38\/wp-content\/uploads\/2011\/06\/373.jpg\"><span style=\"color: #808000;\"><img loading=\"lazy\" decoding=\"async\" class=\"alignright size-medium wp-image-1515\" title=\"Stawy\" src=\"http:\/\/www.ostroleka.com.pl\/pzw-narew38\/wp-content\/uploads\/2011\/06\/373-300x224.jpg\" alt=\"\" width=\"240\" height=\"179\" srcset=\"https:\/\/www.pzwnarew.pl\/wp-content\/uploads\/2011\/06\/373-300x224.jpg 300w, https:\/\/www.pzwnarew.pl\/wp-content\/uploads\/2011\/06\/373-1024x767.jpg 1024w, https:\/\/www.pzwnarew.pl\/wp-content\/uploads\/2011\/06\/373.jpg 1127w\" sizes=\"auto, (max-width: 240px) 100vw, 240px\" \/><\/span><\/a><span style=\"color: #808000;\">W dniu 16 czerwca 2011 m\u0142odzie\u017c z Sekcji \u201eTr\u00f3jka Leszcze\u201d przy Zespole Szk\u00f3\u0142 nr 3 w Ostro\u0142\u0119ce (o\u015b. Stacja) <\/span>uczestniczy\u0142a w zaj\u0119ciach praktycznych, prowadzonych przez Zdzis\u0142awa Sienickiego w Bia\u0142obrzegu Bli\u017cszym, na stawach nale\u017c\u0105cych do Pana Leszka Bia\u0142obrzewskiego. M\u0142odzie\u017c \u0142apa\u0142a przede wszystkim Liny i Karasie. Wszystkie ryby wr\u00f3ci\u0142y z powrotem do wody.<\/p>\n<p style=\"text-align: center;\"><a href=\"http:\/\/www.ostroleka.com.pl\/gallery_pzw\/thumbnails.php?album=79\" target=\"_blank\">Wi\u0119cej zdj\u0119\u0107 w galerii &gt;&gt;<\/a><\/p>\n","protected":false},"excerpt":{"rendered":"<p>W dniu 16 czerwca 2011 m\u0142odzie\u017c z Sekcji \u201eTr\u00f3jka Leszcze\u201d przy Zespole Szk\u00f3\u0142 nr 3 w Ostro\u0142\u0119ce (o\u015b. Stacja) uczestniczy\u0142a w zaj\u0119ciach praktycznych, prowadzonych przez Zdzis\u0142awa Sienickiego w Bia\u0142obrzegu Bli\u017cszym, na stawach nale\u017c\u0105cych do Pana Leszka Bia\u0142obrzewskiego. M\u0142odzie\u017c \u0142apa\u0142a przede wszystkim Liny i Karasie. Wszystkie ryby wr\u00f3ci\u0142y z powrotem do wody. Wi\u0119cej zdj\u0119\u0107 w galerii &gt;&gt;<\/p>\n","protected":false},"author":2,"featured_media":0,"comment_status":"open","ping_status":"closed","sticky":false,"template":"","format":"standard","meta":{"footnotes":""},"categories":[20,27],"tags":[],"class_list":["post-1514","post","type-post","status-publish","format-standard","hentry","category-newsy","category-trojna"],"_links":{"self":[{"href":"https:\/\/www.pzwnarew.pl\/index.php?rest_route=\/wp\/v2\/posts\/1514","targetHints":{"allow":["GET"]}}],"collection":[{"href":"https:\/\/www.pzwnarew.pl\/index.php?rest_route=\/wp\/v2\/posts"}],"about":[{"href":"https:\/\/www.pzwnarew.pl\/index.php?rest_route=\/wp\/v2\/types\/post"}],"author":[{"embeddable":true,"href":"https:\/\/www.pzwnarew.pl\/index.php?rest_route=\/wp\/v2\/users\/2"}],"replies":[{"embeddable":true,"href":"https:\/\/www.pzwnarew.pl\/index.php?rest_route=%2Fwp%2Fv2%2Fcomments&post=1514"}],"version-history":[{"count":11,"href":"https:\/\/www.pzwnarew.pl\/index.php?rest_route=\/wp\/v2\/posts\/1514\/revisions"}],"predecessor-version":[{"id":1735,"href":"https:\/\/www.pzwnarew.pl\/index.php?rest_route=\/wp\/v2\/posts\/1514\/revisions\/1735"}],"wp:attachment":[{"href":"https:\/\/www.pzwnarew.pl\/index.php?rest_route=%2Fwp%2Fv2%2Fmedia&parent=1514"}],"wp:term":[{"taxonomy":"category","embeddable":true,"href":"https:\/\/www.pzwnarew.pl\/index.php?rest_route=%2Fwp%2Fv2%2Fcategories&post=1514"},{"taxonomy":"post_tag","embeddable":true,"href":"https:\/\/www.pzwnarew.pl\/index.php?rest_route=%2Fwp%2Fv2%2Ftags&post=1514"}],"curies":[{"name":"wp","href":"https:\/\/api.w.org\/{rel}","templated":true}]}}