{"id":149,"date":"2011-03-11T15:03:05","date_gmt":"2011-03-11T14:03:05","guid":{"rendered":"http:\/\/www.ostroleka.com.pl\/pzw-narew38\/?p=149"},"modified":"2015-03-13T22:36:23","modified_gmt":"2015-03-13T21:36:23","slug":"okazy-2010","status":"publish","type":"post","link":"https:\/\/www.pzwnarew.pl\/?p=149","title":{"rendered":"Okazy 2010"},"content":{"rendered":"<p style=\"text-align: center;\"><strong><a href=\"http:\/\/www.ostroleka.com.pl\/pzw-narew38\/wp-content\/uploads\/2011\/03\/Krupka_2010.jpg\"><img loading=\"lazy\" decoding=\"async\" class=\"alignnone wp-image-214 size-medium\" title=\"Wojciech Krupka\" src=\"http:\/\/www.pzwnarew.pl\/wp-content\/uploads\/2011\/03\/Krupka_2010-201x300.jpg\" alt=\"\" width=\"201\" height=\"300\" srcset=\"https:\/\/www.pzwnarew.pl\/wp-content\/uploads\/2011\/03\/Krupka_2010-201x300.jpg 201w, https:\/\/www.pzwnarew.pl\/wp-content\/uploads\/2011\/03\/Krupka_2010.jpg 400w\" sizes=\"auto, (max-width: 201px) 100vw, 201px\" \/><\/a><br \/>\nWojciech Krupka<\/strong><br \/>\nSzczupak: d\u0142ugo\u015b\u0107 90,5 cm<br \/>\nWojciech Krupka \u0142owca szczupak\u00f3w w tym sezonie z\u0142apa\u0142 z\u0119bacza<br \/>\no d\u0142ugo\u015bci 90,5 cm &#8211; Gratulujemy!<\/p>\n<hr size=\"3\" \/>\n<p style=\"text-align: center;\"><strong><a href=\"http:\/\/www.ostroleka.com.pl\/pzw-narew38\/wp-content\/uploads\/2011\/03\/Nejman_2010.jpg\"><img loading=\"lazy\" decoding=\"async\" class=\"alignnone wp-image-216 size-medium\" title=\"Miros\u0142aw Nejman\" src=\"http:\/\/www.pzwnarew.pl\/wp-content\/uploads\/2011\/03\/Nejman_2010-263x300.jpg\" alt=\"\" width=\"263\" height=\"300\" srcset=\"https:\/\/www.pzwnarew.pl\/wp-content\/uploads\/2011\/03\/Nejman_2010-263x300.jpg 263w, https:\/\/www.pzwnarew.pl\/wp-content\/uploads\/2011\/03\/Nejman_2010.jpg 350w\" sizes=\"auto, (max-width: 263px) 100vw, 263px\" \/><\/a><br \/>\nMiros\u0142aw Nejman<br \/>\n<\/strong>Szczupak: d\u0142ugo\u015b\u0107 90 cm, waga 6,4 kg<br \/>\nW dniu 13-tego pa\u017adziernika br. Miros\u0142aw Nejman z\u0142owi\u0142 w starorzeczu Narwi w okolicach Laskowca szczupaka d\u0142ugo\u015bci 90 cm i wagi 6,4 kg.<br \/>\nPrzyn\u0119ta by\u0142a b\u0142ystka FZ-4.<br \/>\nGratulujemy!<\/p>\n<hr size=\"3\" \/>\n<p style=\"text-align: center;\"><strong><a href=\"http:\/\/www.ostroleka.com.pl\/pzw-narew38\/wp-content\/uploads\/2011\/03\/Wojtkowiak_2010.jpg\"><img loading=\"lazy\" decoding=\"async\" class=\"alignnone wp-image-217 size-medium\" title=\"Rafa\u0142 Wojtkowiak\" src=\"http:\/\/www.pzwnarew.pl\/wp-content\/uploads\/2011\/03\/Wojtkowiak_2010-300x225.jpg\" alt=\"\" width=\"300\" height=\"225\" srcset=\"https:\/\/www.pzwnarew.pl\/wp-content\/uploads\/2011\/03\/Wojtkowiak_2010-300x225.jpg 300w, https:\/\/www.pzwnarew.pl\/wp-content\/uploads\/2011\/03\/Wojtkowiak_2010.jpg 350w\" sizes=\"auto, (max-width: 300px) 100vw, 300px\" \/><\/a><br \/>\nRafa\u0142 Wojtkowiak<br \/>\n<\/strong>MI\u0118TUS &#8211; d\u0142ugo\u015b\u0107 29 cm<br \/>\nW dniu 29 pa\u017adziernika Rafa\u0142 Wojtkowiak z\u0142apa\u0142 w Narwi mi\u0119tusa, rzadkiego drapie\u017cnika zimnej wody.<br \/>\nD\u0142ugo\u015b\u0107 ryby wynios\u0142a 29 cm.<br \/>\nGratulujemy!<\/p>\n<hr size=\"3\" \/>\n<p style=\"text-align: center;\"><strong><a href=\"http:\/\/www.ostroleka.com.pl\/pzw-narew38\/wp-content\/uploads\/2011\/03\/Raszkiewicz_2010.jpg\"><img loading=\"lazy\" decoding=\"async\" class=\"alignnone wp-image-218 size-medium\" title=\"Andrzej Raszkiewicz\" src=\"http:\/\/www.pzwnarew.pl\/wp-content\/uploads\/2011\/03\/Raszkiewicz_2010-300x267.jpg\" alt=\"\" width=\"300\" height=\"267\" srcset=\"https:\/\/www.pzwnarew.pl\/wp-content\/uploads\/2011\/03\/Raszkiewicz_2010-300x267.jpg 300w, https:\/\/www.pzwnarew.pl\/wp-content\/uploads\/2011\/03\/Raszkiewicz_2010.jpg 350w\" sizes=\"auto, (max-width: 300px) 100vw, 300px\" \/><\/a><br \/>\nAndrzej Raszkiewicz<br \/>\n<\/strong>L E S Z C Z &#8211; d\u0142ugo\u015b\u0107 59 cm<br \/>\nAndrzej Raszkiewicz w dniu 08.08.2010 roku z\u0142owi\u0142 na Narwi<br \/>\nLeszcza d\u0142ugo\u015bci 59 cm (waga oko\u0142o 2,95 kg).<br \/>\nRyba po sesji zdj\u0119ciowej wr\u00f3ci\u0142a do wody.<br \/>\nGratulujemy!<\/p>\n<hr size=\"3\" \/>\n<p style=\"text-align: center;\"><strong><a href=\"http:\/\/www.ostroleka.com.pl\/pzw-narew38\/wp-content\/uploads\/2011\/03\/Romanik_20101.jpg\"><img loading=\"lazy\" decoding=\"async\" class=\"alignnone wp-image-326 size-medium\" title=\"Wojciech Romanik\" src=\"http:\/\/www.pzwnarew.pl\/wp-content\/uploads\/2011\/03\/Romanik_20101-300x231.jpg\" alt=\"\" width=\"300\" height=\"231\" srcset=\"https:\/\/www.pzwnarew.pl\/wp-content\/uploads\/2011\/03\/Romanik_20101-300x231.jpg 300w, https:\/\/www.pzwnarew.pl\/wp-content\/uploads\/2011\/03\/Romanik_20101.jpg 350w\" sizes=\"auto, (max-width: 300px) 100vw, 300px\" \/><\/a><br \/>\nWojciech Romanik<br \/>\n<\/strong>D O R S Z &#8211; 5,40 kg<br \/>\nWojciech Romanik podczas w\u0119dkowania morskiego<br \/>\nko\u0142o p\u00f3\u0142wyspu helskiego z\u0142owi\u0142 dorsza o masie 5,40 kg.<br \/>\nGratulujemy!<\/p>\n<hr size=\"3\" \/>\n<p style=\"text-align: center;\"><strong><a href=\"http:\/\/www.ostroleka.com.pl\/pzw-narew38\/wp-content\/uploads\/2011\/03\/Kleczkowski_2010.jpg\"><img loading=\"lazy\" decoding=\"async\" class=\"alignnone wp-image-220 size-medium\" title=\"Jerzy Kleczkowski\" src=\"http:\/\/www.pzwnarew.pl\/wp-content\/uploads\/2011\/03\/Kleczkowski_2010-212x300.jpg\" alt=\"\" width=\"212\" height=\"300\" srcset=\"https:\/\/www.pzwnarew.pl\/wp-content\/uploads\/2011\/03\/Kleczkowski_2010-212x300.jpg 212w, https:\/\/www.pzwnarew.pl\/wp-content\/uploads\/2011\/03\/Kleczkowski_2010.jpg 350w\" sizes=\"auto, (max-width: 212px) 100vw, 212px\" \/><\/a><br \/>\nJerzy Kleczkowski<br \/>\n<\/strong>K A R A \u015a &#8211; d\u0142ugo\u015b\u0107 56 cm<br \/>\nJerzy Kleczkowski z sekcji w Goworowie w dniu 30. maja br. na zbiorniku w m. Brzuze na malutkiego okoniowego twistera z\u0142owi\u0142 karasia d\u0142ugo\u015bci 56 cm.<br \/>\nNasze gratulacje!<\/p>\n<hr size=\"3\" \/>\n","protected":false},"excerpt":{"rendered":"<p>Wojciech Krupka Szczupak: d\u0142ugo\u015b\u0107 90,5 cm Wojciech Krupka \u0142owca szczupak\u00f3w w tym sezonie z\u0142apa\u0142 z\u0119bacza o d\u0142ugo\u015bci 90,5 cm &#8211; Gratulujemy! Miros\u0142aw Nejman Szczupak: d\u0142ugo\u015b\u0107 90 cm, waga 6,4 kg W dniu 13-tego pa\u017adziernika br. Miros\u0142aw Nejman z\u0142owi\u0142 w starorzeczu Narwi w okolicach Laskowca szczupaka d\u0142ugo\u015bci 90 cm i wagi 6,4 kg. Przyn\u0119ta by\u0142a b\u0142ystka FZ-4. Gratulujemy! Rafa\u0142 Wojtkowiak MI\u0118TUS &#8211; d\u0142ugo\u015b\u0107 29 cm W dniu 29 pa\u017adziernika Rafa\u0142 Wojtkowiak z\u0142apa\u0142 w Narwi mi\u0119tusa, rzadkiego drapie\u017cnika zimnej wody. D\u0142ugo\u015b\u0107 ryby&#8230;<\/p>\n<p class=\"read-more\"><a class=\"btn btn-default\" href=\"https:\/\/www.pzwnarew.pl\/?p=149\"> Read More<span class=\"screen-reader-text\">  Read More<\/span><\/a><\/p>\n","protected":false},"author":1,"featured_media":0,"comment_status":"closed","ping_status":"closed","sticky":false,"template":"","format":"standard","meta":{"footnotes":""},"categories":[12],"tags":[],"class_list":["post-149","post","type-post","status-publish","format-standard","hentry","category-okazy-2010"],"_links":{"self":[{"href":"https:\/\/www.pzwnarew.pl\/index.php?rest_route=\/wp\/v2\/posts\/149","targetHints":{"allow":["GET"]}}],"collection":[{"href":"https:\/\/www.pzwnarew.pl\/index.php?rest_route=\/wp\/v2\/posts"}],"about":[{"href":"https:\/\/www.pzwnarew.pl\/index.php?rest_route=\/wp\/v2\/types\/post"}],"author":[{"embeddable":true,"href":"https:\/\/www.pzwnarew.pl\/index.php?rest_route=\/wp\/v2\/users\/1"}],"replies":[{"embeddable":true,"href":"https:\/\/www.pzwnarew.pl\/index.php?rest_route=%2Fwp%2Fv2%2Fcomments&post=149"}],"version-history":[{"count":9,"href":"https:\/\/www.pzwnarew.pl\/index.php?rest_route=\/wp\/v2\/posts\/149\/revisions"}],"predecessor-version":[{"id":5948,"href":"https:\/\/www.pzwnarew.pl\/index.php?rest_route=\/wp\/v2\/posts\/149\/revisions\/5948"}],"wp:attachment":[{"href":"https:\/\/www.pzwnarew.pl\/index.php?rest_route=%2Fwp%2Fv2%2Fmedia&parent=149"}],"wp:term":[{"taxonomy":"category","embeddable":true,"href":"https:\/\/www.pzwnarew.pl\/index.php?rest_route=%2Fwp%2Fv2%2Fcategories&post=149"},{"taxonomy":"post_tag","embeddable":true,"href":"https:\/\/www.pzwnarew.pl\/index.php?rest_route=%2Fwp%2Fv2%2Ftags&post=149"}],"curies":[{"name":"wp","href":"https:\/\/api.w.org\/{rel}","templated":true}]}}