{"id":1475,"date":"2011-06-08T19:14:54","date_gmt":"2011-06-08T18:14:54","guid":{"rendered":"http:\/\/www.ostroleka.com.pl\/pzw-narew38\/?p=1475"},"modified":"2015-04-10T21:21:36","modified_gmt":"2015-04-10T19:21:36","slug":"mistrzowski-splawik-uklei","status":"publish","type":"post","link":"https:\/\/www.pzwnarew.pl\/?p=1475","title":{"rendered":"MISTRZOWSKI SP\u0141AWIK UKLEI"},"content":{"rendered":"<p><span style=\"color: #808000;\">W dniu\u00a0 1 czerwca \u00a02011 m\u0142odzie\u017c z Sekcji przy Zak\u0142adzie poprawczym w Laskowcu<\/span><a href=\"http:\/\/www.ostroleka.com.pl\/pzw-narew38\/wp-content\/uploads\/2011\/06\/P1100447.jpg\"><span style=\"color: #808000;\"><img loading=\"lazy\" decoding=\"async\" class=\"alignright wp-image-1476 size-thumbnail\" title=\"P1100447\" src=\"http:\/\/www.pzwnarew.pl\/wp-content\/uploads\/2011\/06\/P1100447-150x150.jpg\" alt=\"\" width=\"150\" height=\"150\" \/><\/span><\/a><span style=\"color: #808000;\"> rozegra\u0142a mistrzostwa sp\u0142awikowe na \u0142owisku komercyjnym nale\u017c\u0105cym do Pana Leszka Bia\u0142obrzewskiego w Bia\u0142obrzegu Bli\u017cszym.<\/span><\/p>\n<p>Zarz\u0105d Ko\u0142a Narew ufundowa\u0142 pobyt na \u0142owisku i nagrody honorowe.<\/p>\n<p>Cieszy\u0142o to \u017ce zawodnicy z\u0142apali du\u017co ryb chocia\u017c te najwi\u0119ksze t\u0142u\u015bciochy leniwe karpie nie chcia\u0142y bra\u0107 i zachowa\u0142y bezpieczny dystans pod powierzchnia wody na \u015brodku \u0142owiska.<\/p>\n<p><!--more--><\/p>\n<p>Zawodnicy punktowali przede wszystkim karasiami. Jeden zawodnik Grzegorz Cz. z\u0142owi\u0142 kilowego karpia i to przewa\u017cy\u0142o o jego zwyci\u0119stwie.<\/p>\n<p>Swoj\u0105 przewag\u0119 w\u0119dkarska udowodni\u0142 instruktor w\u0119dkarstwa Remigiusz Boniewski, kt\u00f3ry poza konkurencj\u0105 wyholowa\u0142 ponad p\u00f3\u0142tora kilowego t\u0142u\u015bciocha.<\/p>\n<p>Wszystkie ryby wr\u00f3ci\u0142y do wody.<\/p>\n<p>Prezentujemy pi\u0105tk\u0119 laureat\u00f3w zawod\u00f3w.<\/p>\n<ol>\n<li>Grzegorz Cz.\u00a0\u00a0 1350 pkt<\/li>\n<li>Jaros\u0142aw B.\u00a0\u00a0\u00a0\u00a0\u00a0\u00a0\u00a0 580 pkt<\/li>\n<li>Mateusz W.\u00a0\u00a0\u00a0\u00a0\u00a0\u00a0\u00a0 320 pkt<\/li>\n<li>Tomasz R.\u00a0\u00a0\u00a0\u00a0\u00a0\u00a0\u00a0\u00a0\u00a0\u00a0 280 pkt<\/li>\n<li>Mateusz L.\u00a0\u00a0\u00a0\u00a0\u00a0\u00a0\u00a0\u00a0\u00a0 190 pkt.<\/li>\n<\/ol>\n<p><a href=\"http:\/\/www.ostroleka.com.pl\/pzw-narew38\/wp-content\/uploads\/2011\/06\/P1100414.jpg\"><img loading=\"lazy\" decoding=\"async\" class=\"alignleft wp-image-1477 size-thumbnail\" title=\"P1100414\" src=\"http:\/\/www.pzwnarew.pl\/wp-content\/uploads\/2011\/06\/P1100414-150x150.jpg\" alt=\"\" width=\"150\" height=\"150\" \/><\/a><a href=\"http:\/\/www.ostroleka.com.pl\/pzw-narew38\/wp-content\/uploads\/2011\/06\/P1100418.jpg\"><img loading=\"lazy\" decoding=\"async\" class=\"alignright wp-image-1479 size-thumbnail\" title=\"P1100418\" src=\"http:\/\/www.pzwnarew.pl\/wp-content\/uploads\/2011\/06\/P1100418-150x150.jpg\" alt=\"\" width=\"150\" height=\"150\" \/><\/a><a href=\"http:\/\/www.ostroleka.com.pl\/pzw-narew38\/wp-content\/uploads\/2011\/06\/P1100415.jpg\"><img loading=\"lazy\" decoding=\"async\" class=\"alignright wp-image-1478 size-thumbnail\" title=\"P1100415\" src=\"http:\/\/www.pzwnarew.pl\/wp-content\/uploads\/2011\/06\/P1100415-150x150.jpg\" alt=\"\" width=\"150\" height=\"150\" \/><\/a><\/p>\n<p><a href=\"http:\/\/www.ostroleka.com.pl\/pzw-narew38\/wp-content\/uploads\/2011\/06\/P1100425.jpg\"><img loading=\"lazy\" decoding=\"async\" class=\"alignleft wp-image-1480 size-thumbnail\" title=\"P1100425\" src=\"http:\/\/www.pzwnarew.pl\/wp-content\/uploads\/2011\/06\/P1100425-150x150.jpg\" alt=\"\" width=\"150\" height=\"150\" \/><\/a><a href=\"http:\/\/www.ostroleka.com.pl\/pzw-narew38\/wp-content\/uploads\/2011\/06\/P1100445.jpg\"><img loading=\"lazy\" decoding=\"async\" class=\"alignright wp-image-1482 size-thumbnail\" title=\"P1100445\" src=\"http:\/\/www.pzwnarew.pl\/wp-content\/uploads\/2011\/06\/P1100445-150x150.jpg\" alt=\"\" width=\"150\" height=\"150\" \/><\/a><a href=\"http:\/\/www.ostroleka.com.pl\/pzw-narew38\/wp-content\/uploads\/2011\/06\/P1100461.jpg\"><img loading=\"lazy\" decoding=\"async\" class=\"alignleft wp-image-1483 size-thumbnail\" title=\"P1100461\" src=\"http:\/\/www.pzwnarew.pl\/wp-content\/uploads\/2011\/06\/P1100461-150x150.jpg\" alt=\"\" width=\"150\" height=\"150\" \/><\/a><a href=\"http:\/\/www.ostroleka.com.pl\/pzw-narew38\/wp-content\/uploads\/2011\/06\/P1100427.jpg\"><img loading=\"lazy\" decoding=\"async\" class=\"alignright wp-image-1481 size-thumbnail\" title=\"P1100427\" src=\"http:\/\/www.ostroleka.com.pl\/pzw-narew38\/wp-content\/uploads\/2011\/06\/P1100427-150x150.jpg\" alt=\"\" width=\"150\" height=\"150\" \/><\/a><\/p>\n","protected":false},"excerpt":{"rendered":"<p>W dniu\u00a0 1 czerwca \u00a02011 m\u0142odzie\u017c z Sekcji przy Zak\u0142adzie poprawczym w Laskowcu rozegra\u0142a mistrzostwa sp\u0142awikowe na \u0142owisku komercyjnym nale\u017c\u0105cym do Pana Leszka Bia\u0142obrzewskiego w Bia\u0142obrzegu Bli\u017cszym. Zarz\u0105d Ko\u0142a Narew ufundowa\u0142 pobyt na \u0142owisku i nagrody honorowe. Cieszy\u0142o to \u017ce zawodnicy z\u0142apali du\u017co ryb chocia\u017c te najwi\u0119ksze t\u0142u\u015bciochy leniwe karpie nie chcia\u0142y bra\u0107 i zachowa\u0142y bezpieczny dystans pod powierzchnia wody na \u015brodku \u0142owiska.<\/p>\n","protected":false},"author":2,"featured_media":0,"comment_status":"open","ping_status":"closed","sticky":false,"template":"","format":"standard","meta":{"footnotes":""},"categories":[20,26],"tags":[],"class_list":["post-1475","post","type-post","status-publish","format-standard","hentry","category-newsy","category-mlodzi"],"_links":{"self":[{"href":"https:\/\/www.pzwnarew.pl\/index.php?rest_route=\/wp\/v2\/posts\/1475","targetHints":{"allow":["GET"]}}],"collection":[{"href":"https:\/\/www.pzwnarew.pl\/index.php?rest_route=\/wp\/v2\/posts"}],"about":[{"href":"https:\/\/www.pzwnarew.pl\/index.php?rest_route=\/wp\/v2\/types\/post"}],"author":[{"embeddable":true,"href":"https:\/\/www.pzwnarew.pl\/index.php?rest_route=\/wp\/v2\/users\/2"}],"replies":[{"embeddable":true,"href":"https:\/\/www.pzwnarew.pl\/index.php?rest_route=%2Fwp%2Fv2%2Fcomments&post=1475"}],"version-history":[{"count":6,"href":"https:\/\/www.pzwnarew.pl\/index.php?rest_route=\/wp\/v2\/posts\/1475\/revisions"}],"predecessor-version":[{"id":6087,"href":"https:\/\/www.pzwnarew.pl\/index.php?rest_route=\/wp\/v2\/posts\/1475\/revisions\/6087"}],"wp:attachment":[{"href":"https:\/\/www.pzwnarew.pl\/index.php?rest_route=%2Fwp%2Fv2%2Fmedia&parent=1475"}],"wp:term":[{"taxonomy":"category","embeddable":true,"href":"https:\/\/www.pzwnarew.pl\/index.php?rest_route=%2Fwp%2Fv2%2Fcategories&post=1475"},{"taxonomy":"post_tag","embeddable":true,"href":"https:\/\/www.pzwnarew.pl\/index.php?rest_route=%2Fwp%2Fv2%2Ftags&post=1475"}],"curies":[{"name":"wp","href":"https:\/\/api.w.org\/{rel}","templated":true}]}}