{"id":147,"date":"2011-03-10T15:02:20","date_gmt":"2011-03-10T14:02:20","guid":{"rendered":"http:\/\/www.ostroleka.com.pl\/pzw-narew38\/?p=147"},"modified":"2015-03-13T22:37:42","modified_gmt":"2015-03-13T21:37:42","slug":"okazy-2009","status":"publish","type":"post","link":"https:\/\/www.pzwnarew.pl\/?p=147","title":{"rendered":"Okazy 2009"},"content":{"rendered":"<p style=\"text-align: center;\"><a href=\"http:\/\/www.ostroleka.com.pl\/pzw-narew38\/wp-content\/uploads\/2011\/03\/Kobylecki_2009.jpg\"><img loading=\"lazy\" decoding=\"async\" class=\"alignnone wp-image-204 size-medium\" title=\"Mariusz Koby\u0142ecki\" src=\"http:\/\/www.pzwnarew.pl\/wp-content\/uploads\/2011\/03\/Kobylecki_2009-300x225.jpg\" alt=\"\" width=\"300\" height=\"225\" srcset=\"https:\/\/www.pzwnarew.pl\/wp-content\/uploads\/2011\/03\/Kobylecki_2009-300x225.jpg 300w, https:\/\/www.pzwnarew.pl\/wp-content\/uploads\/2011\/03\/Kobylecki_2009.jpg 350w\" sizes=\"auto, (max-width: 300px) 100vw, 300px\" \/><\/a><br \/>\n<strong>Mariusz Koby\u0142ecki<br \/>\n<\/strong>P O T O K O W I E C &#8211; d\u0142ugo\u015b\u0107 46 cm, waga 1,65 kg<br \/>\nMariusz Koby\u0142ecki mo\u017ce pochwali\u0107 si\u0119 pi\u0119knym pstr\u0105giem potokowym z\u0142owionym na rzece Pas\u0142\u0119ce.<br \/>\nWymiary ryby d\u0142ugo\u015b\u0107 46 cm, waga 1,65 kg.<br \/>\nKolejne gratulacje!<\/p>\n<hr size=\"3\" \/>\n<p style=\"text-align: center;\"><a href=\"http:\/\/www.ostroleka.com.pl\/pzw-narew38\/wp-content\/uploads\/2011\/03\/Kobylecki_2009b.jpg\"><img loading=\"lazy\" decoding=\"async\" class=\"alignnone wp-image-205 size-medium\" title=\"Mariusz Koby\u0142ecki\" src=\"http:\/\/www.pzwnarew.pl\/wp-content\/uploads\/2011\/03\/Kobylecki_2009b-280x300.jpg\" alt=\"\" width=\"280\" height=\"300\" srcset=\"https:\/\/www.pzwnarew.pl\/wp-content\/uploads\/2011\/03\/Kobylecki_2009b-280x300.jpg 280w, https:\/\/www.pzwnarew.pl\/wp-content\/uploads\/2011\/03\/Kobylecki_2009b.jpg 350w\" sizes=\"auto, (max-width: 280px) 100vw, 280px\" \/><\/a><br \/>\n<strong>Mariusz Koby\u0142ecki<br \/>\n<\/strong>\u015a W I N K A d\u0142ugo\u015bci 41 cm, waga 1,25 kg<br \/>\nMariusz Koby\u0142ecki z\u0142owi\u0142 na Dunajcu \u015bwink\u0119 o wadze 1,25 kg<br \/>\ni d\u0142ugo\u015bci 41 cm.<br \/>\nPonownie gratulujemy!<\/p>\n<hr size=\"3\" \/>\n<p style=\"text-align: center;\"><a href=\"http:\/\/www.ostroleka.com.pl\/pzw-narew38\/wp-content\/uploads\/2011\/03\/Kobylecki_2009c.jpg\"><img loading=\"lazy\" decoding=\"async\" class=\"alignnone wp-image-206 size-medium\" title=\"Mariusz Koby\u0142ecki\" src=\"http:\/\/www.pzwnarew.pl\/wp-content\/uploads\/2011\/03\/Kobylecki_2009c-263x300.jpg\" alt=\"\" width=\"263\" height=\"300\" srcset=\"https:\/\/www.pzwnarew.pl\/wp-content\/uploads\/2011\/03\/Kobylecki_2009c-263x300.jpg 263w, https:\/\/www.pzwnarew.pl\/wp-content\/uploads\/2011\/03\/Kobylecki_2009c.jpg 350w\" sizes=\"auto, (max-width: 263px) 100vw, 263px\" \/><\/a><br \/>\n<strong>Mariusz Koby\u0142ecki<br \/>\n<\/strong>C E R T A d\u0142ugo\u015bci 38 cm, waga 0,97 kg<br \/>\nMariusz Koby\u0142ecki z\u0142owi\u0142 w Wi\u015ble cert\u0119 d\u0142ugo\u015bci 38 cm i wadze 0,97 kg.<br \/>\nZazdro\u015bcimy i gratulujemy!<\/p>\n<hr size=\"3\" \/>\n<p style=\"text-align: center;\"><a href=\"http:\/\/www.ostroleka.com.pl\/pzw-narew38\/wp-content\/uploads\/2011\/03\/Dobkowski_2009.jpg\"><img loading=\"lazy\" decoding=\"async\" class=\"alignnone wp-image-207 size-medium\" title=\"Ireneusz Dobkowski\" src=\"http:\/\/www.pzwnarew.pl\/wp-content\/uploads\/2011\/03\/Dobkowski_2009-171x300.jpg\" alt=\"\" width=\"171\" height=\"300\" srcset=\"https:\/\/www.pzwnarew.pl\/wp-content\/uploads\/2011\/03\/Dobkowski_2009-171x300.jpg 171w, https:\/\/www.pzwnarew.pl\/wp-content\/uploads\/2011\/03\/Dobkowski_2009.jpg 350w\" sizes=\"auto, (max-width: 171px) 100vw, 171px\" \/><\/a><br \/>\n<strong>Ireneusz Dobkowski<br \/>\n<\/strong>SUM d\u0142ugo\u015bci 151 cm, waga 21,4 kg<br \/>\nIreneusz Dobkowski w dniu 15.08.2009 w Narwi ko\u0142o Ostro\u0142\u0119ki<br \/>\nz\u0142owi\u0142 Suma o d\u0142ugo\u015bci 151 cm i wadze 21,4 kg.<br \/>\nW sumie, nasze gratulacje!<\/p>\n<hr size=\"3\" \/>\n<p style=\"text-align: center;\"><strong><a href=\"http:\/\/www.ostroleka.com.pl\/pzw-narew38\/wp-content\/uploads\/2011\/03\/Kwiatkowski_2009.jpg\"><img loading=\"lazy\" decoding=\"async\" class=\"alignnone wp-image-208 size-medium\" title=\"Krzysztof Kwiatkowski\" src=\"http:\/\/www.pzwnarew.pl\/wp-content\/uploads\/2011\/03\/Kwiatkowski_2009-300x199.jpg\" alt=\"\" width=\"300\" height=\"199\" srcset=\"https:\/\/www.pzwnarew.pl\/wp-content\/uploads\/2011\/03\/Kwiatkowski_2009-300x199.jpg 300w, https:\/\/www.pzwnarew.pl\/wp-content\/uploads\/2011\/03\/Kwiatkowski_2009.jpg 350w\" sizes=\"auto, (max-width: 300px) 100vw, 300px\" \/><\/a><br \/>\nKrzysztof Kwiatkowski<br \/>\n<\/strong>Szczupak d\u0142ugo\u015bci 85 cm, waga 4,85 kg<br \/>\nW dniu 01 wrze\u015bnia Krzysztof Kwiatkowski w okolicach R\u00f3\u017cana na Narwi z\u0142owi\u0142 szczupaka d\u0142ugo\u015bci 85 cm wagi 4,85 kg.<br \/>\nGratulujemy!<\/p>\n<hr size=\"3\" \/>\n<p style=\"text-align: center;\"><strong><a href=\"http:\/\/www.ostroleka.com.pl\/pzw-narew38\/wp-content\/uploads\/2011\/03\/Kamionowski_2009.jpg\"><img loading=\"lazy\" decoding=\"async\" class=\"alignnone wp-image-211 size-medium\" title=\"Mariusz Kamionowski\" src=\"http:\/\/www.pzwnarew.pl\/wp-content\/uploads\/2011\/03\/Kamionowski_2009-300x233.jpg\" alt=\"\" width=\"300\" height=\"233\" srcset=\"https:\/\/www.pzwnarew.pl\/wp-content\/uploads\/2011\/03\/Kamionowski_2009-300x233.jpg 300w, https:\/\/www.pzwnarew.pl\/wp-content\/uploads\/2011\/03\/Kamionowski_2009.jpg 350w\" sizes=\"auto, (max-width: 300px) 100vw, 300px\" \/><\/a><br \/>\nMariusz Kamionowski<br \/>\n<\/strong>W dniu 29 sierpnia br. Mariusz Kamionowski na rzece Narwi z\u0142owi\u0142<br \/>\ndublet w postaci dw\u00f3ch pi\u0119knych ryb tj. Leszcza d\u0142ugo\u015bci 52 cm waga 2,21 kg i Jazia d\u0142. 55,5 cm waga 2,59 kg.<br \/>\nNasze podw\u00f3jne gratulacje!<\/p>\n<hr size=\"3\" \/>\n<p style=\"text-align: center;\"><strong><a href=\"http:\/\/www.ostroleka.com.pl\/pzw-narew38\/wp-content\/uploads\/2011\/03\/Krupka_2009.jpg\"><img loading=\"lazy\" decoding=\"async\" title=\"Wojciech Krupka\" src=\"http:\/\/www.ostroleka.com.pl\/pzw-narew38\/wp-content\/uploads\/2011\/03\/Krupka_2009-164x300.jpg\" alt=\"\" width=\"164\" height=\"300\" \/><\/a><br \/>\nWojciech Krupka<br \/>\n<\/strong>Szczupak d\u0142ugo\u015bci 89 cm, waga 4,80 kg<br \/>\nWojciech Krupka do\u015bwiadczony w\u0119dkarz z Goworowa w dniu 13.07.2009 (nomen omen) w okolicy Dzb\u0105dzka spinninguj\u0105c ma\u0142ym okoniowym woblerkiem z\u0142apa\u0142 szczupaka d\u0142ugo\u015bci 89 cm waga 4,80 kg.<br \/>\nGratulujemy!<\/p>\n<hr size=\"3\" \/>\n<p style=\"text-align: center;\"><strong><a href=\"http:\/\/www.ostroleka.com.pl\/pzw-narew38\/wp-content\/uploads\/2011\/03\/Kwiatkowski_2009b.jpg\"><img loading=\"lazy\" decoding=\"async\" title=\"Krzysztof Kwiatkowski\" src=\"http:\/\/www.ostroleka.com.pl\/pzw-narew38\/wp-content\/uploads\/2011\/03\/Kwiatkowski_2009b-169x300.jpg\" alt=\"\" width=\"169\" height=\"300\" \/><\/a><br \/>\nKrzysztof Kwiatkowski<br \/>\n<\/strong>liny: 46 cm &#8211; waga 1,87 kg i 46 cm &#8211; waga 1,64 kg<br \/>\nLINY JAK MARZENIE<br \/>\nW dniu 7 lipca Krzysztof Kwiatkowski z\u0142owi\u0142 na zbiorniku po \u017cwirowym Brzuze dwa liny w wymiarach 46 cm.- waga 1,87 kg i 46 cm- waga 1,64 kg.<br \/>\nJako przyn\u0119t\u0119 stosowano kukurydz\u0119.<br \/>\nGratulujemy!<\/p>\n<hr size=\"3\" \/>\n<p style=\"text-align: center;\"><strong><a href=\"http:\/\/www.ostroleka.com.pl\/pzw-narew38\/wp-content\/uploads\/2011\/03\/Gaska_2009.jpg\"><img loading=\"lazy\" decoding=\"async\" class=\"alignnone wp-image-212 size-medium\" title=\"Marek G\u0105ska \" src=\"http:\/\/www.pzwnarew.pl\/wp-content\/uploads\/2011\/03\/Gaska_2009-300x150.jpg\" alt=\"\" width=\"300\" height=\"150\" srcset=\"https:\/\/www.pzwnarew.pl\/wp-content\/uploads\/2011\/03\/Gaska_2009-300x150.jpg 300w, https:\/\/www.pzwnarew.pl\/wp-content\/uploads\/2011\/03\/Gaska_2009.jpg 400w\" sizes=\"auto, (max-width: 300px) 100vw, 300px\" \/><\/a><\/strong><strong><br \/>\nMarek G\u0105ska<br \/>\n<\/strong>Bole\u0144 3,2 kg<br \/>\nW dniu 13 maja 2009 roku Marek Gaska z\u0142owi\u0142 bolenia w Narwi k. Dzbenina.<br \/>\nWaga 3, 2 kg i d\u0142ugo\u015bci 73 cm.<br \/>\nRyba wr\u00f3ci\u0142a do wody po sesji foto.<br \/>\nGratulujemy!<\/p>\n<hr size=\"3\" \/>\n","protected":false},"excerpt":{"rendered":"<p>Mariusz Koby\u0142ecki P O T O K O W I E C &#8211; d\u0142ugo\u015b\u0107 46 cm, waga 1,65 kg Mariusz Koby\u0142ecki mo\u017ce pochwali\u0107 si\u0119 pi\u0119knym pstr\u0105giem potokowym z\u0142owionym na rzece Pas\u0142\u0119ce. Wymiary ryby d\u0142ugo\u015b\u0107 46 cm, waga 1,65 kg. Kolejne gratulacje! Mariusz Koby\u0142ecki \u015a W I N K A d\u0142ugo\u015bci 41 cm, waga 1,25 kg Mariusz Koby\u0142ecki z\u0142owi\u0142 na Dunajcu \u015bwink\u0119 o wadze 1,25 kg i d\u0142ugo\u015bci 41 cm. Ponownie gratulujemy! Mariusz Koby\u0142ecki C E R T A d\u0142ugo\u015bci 38&#8230;<\/p>\n<p class=\"read-more\"><a class=\"btn btn-default\" href=\"https:\/\/www.pzwnarew.pl\/?p=147\"> Read More<span class=\"screen-reader-text\">  Read More<\/span><\/a><\/p>\n","protected":false},"author":1,"featured_media":0,"comment_status":"closed","ping_status":"closed","sticky":false,"template":"","format":"standard","meta":{"footnotes":""},"categories":[11],"tags":[],"class_list":["post-147","post","type-post","status-publish","format-standard","hentry","category-okazy-2009"],"_links":{"self":[{"href":"https:\/\/www.pzwnarew.pl\/index.php?rest_route=\/wp\/v2\/posts\/147","targetHints":{"allow":["GET"]}}],"collection":[{"href":"https:\/\/www.pzwnarew.pl\/index.php?rest_route=\/wp\/v2\/posts"}],"about":[{"href":"https:\/\/www.pzwnarew.pl\/index.php?rest_route=\/wp\/v2\/types\/post"}],"author":[{"embeddable":true,"href":"https:\/\/www.pzwnarew.pl\/index.php?rest_route=\/wp\/v2\/users\/1"}],"replies":[{"embeddable":true,"href":"https:\/\/www.pzwnarew.pl\/index.php?rest_route=%2Fwp%2Fv2%2Fcomments&post=147"}],"version-history":[{"count":9,"href":"https:\/\/www.pzwnarew.pl\/index.php?rest_route=\/wp\/v2\/posts\/147\/revisions"}],"predecessor-version":[{"id":5949,"href":"https:\/\/www.pzwnarew.pl\/index.php?rest_route=\/wp\/v2\/posts\/147\/revisions\/5949"}],"wp:attachment":[{"href":"https:\/\/www.pzwnarew.pl\/index.php?rest_route=%2Fwp%2Fv2%2Fmedia&parent=147"}],"wp:term":[{"taxonomy":"category","embeddable":true,"href":"https:\/\/www.pzwnarew.pl\/index.php?rest_route=%2Fwp%2Fv2%2Fcategories&post=147"},{"taxonomy":"post_tag","embeddable":true,"href":"https:\/\/www.pzwnarew.pl\/index.php?rest_route=%2Fwp%2Fv2%2Ftags&post=147"}],"curies":[{"name":"wp","href":"https:\/\/api.w.org\/{rel}","templated":true}]}}