{"id":1463,"date":"2011-06-04T08:00:15","date_gmt":"2011-06-04T07:00:15","guid":{"rendered":"http:\/\/www.ostroleka.com.pl\/pzw-narew38\/?p=1463"},"modified":"2013-03-16T16:14:27","modified_gmt":"2013-03-16T15:14:27","slug":"dzien-dziecka","status":"publish","type":"post","link":"https:\/\/www.pzwnarew.pl\/?p=1463","title":{"rendered":"W\u0119dkarski Dzie\u0144 Dziecka"},"content":{"rendered":"<p><span style=\"color: #808000;\">W niedziele 29 maja Zarz\u0105dy k\u00f3\u0142 PZW &#8222;Kie\u0142bik&#8221; i &#8222;Narew&#8221; z Ostro\u0142\u0119ki zorganizowa\u0142y <\/span><a href=\"http:\/\/www.ostroleka.com.pl\/pzw-narew38\/wp-content\/uploads\/2011\/06\/S6007157.jpg\"><span style=\"color: #808000;\"><img loading=\"lazy\" decoding=\"async\" class=\"alignright size-thumbnail wp-image-1466\" title=\"&lt;Digimax S600 \/ Kenox S600 \/ Digimax Cyber 630&gt;\" alt=\"\" src=\"http:\/\/www.ostroleka.com.pl\/pzw-narew38\/wp-content\/uploads\/2011\/06\/S6007157-150x150.jpg\" width=\"150\" height=\"150\" \/><\/span><\/a><span style=\"color: #808000;\">wycieczk\u0119 w\u0119dkarsk\u0105 dla dzieci na Mazury.<\/span><\/p>\n<p>W ramach wyjazdu przeprowadzono wsp\u00f3lne zawody towarzyskie sp\u0142awikowe. Przez dwie godziny zawodnicy dzielnie walczyli z rybami, a potem by\u0142y p\u0105czki i kie\u0142basa z grilla. W wycieczce wzi\u0119\u0142o udzia\u0142 35 dzieci oraz rodzice i opiekunowi. Ka\u017cdy z zawodnik\u00f3w z\u0142apa\u0142 ryb\u0119 i zdoby\u0142 punkty. Zwyci\u0119\u017cy\u0142 Marek \u017bebrowski z wynikiem 1030pkt. Poni\u017cej kolejno\u015b\u0107 pierwszej dziesi\u0105tki:<\/p>\n<p><!--more--><\/p>\n<p>Natalia Kojtek, Magdalena Kojtek, Mateusz Chojnowski, Antoni Mierzejewski, Marcin Suchecki, Aleksandra Kojtek, Pawe\u0142 Bienkowski, Jakub Majsterek, Ada Godzieba.<\/p>\n<p>Wraz z \u017cyczeniami wszystkie dzieci otrzyma\u0142y od organizator\u00f3w nagrody rzeczowe.<\/p>\n<p style=\"text-align: center;\"><a href=\"http:\/\/www.ostroleka.com.pl\/gallery_pzw\/thumbnails.php?album=77\" target=\"_blank\">Wi\u0119cej zdj\u0119\u0107 w galerii &gt;&gt;<\/a><\/p>\n<p>Z w\u0119dkarskim pozdrowieniem Prezes i Skarbnik Ko\u0142a NAREW<\/p>\n","protected":false},"excerpt":{"rendered":"<p>W niedziele 29 maja Zarz\u0105dy k\u00f3\u0142 PZW &#8222;Kie\u0142bik&#8221; i &#8222;Narew&#8221; z Ostro\u0142\u0119ki zorganizowa\u0142y wycieczk\u0119 w\u0119dkarsk\u0105 dla dzieci na Mazury. W ramach wyjazdu przeprowadzono wsp\u00f3lne zawody towarzyskie sp\u0142awikowe. Przez dwie godziny zawodnicy dzielnie walczyli z rybami, a potem by\u0142y p\u0105czki i kie\u0142basa z grilla. W wycieczce wzi\u0119\u0142o udzia\u0142 35 dzieci oraz rodzice i opiekunowi. Ka\u017cdy z zawodnik\u00f3w z\u0142apa\u0142 ryb\u0119 i zdoby\u0142 punkty. Zwyci\u0119\u017cy\u0142 Marek \u017bebrowski z wynikiem 1030pkt. Poni\u017cej kolejno\u015b\u0107 pierwszej dziesi\u0105tki:<\/p>\n","protected":false},"author":2,"featured_media":0,"comment_status":"open","ping_status":"closed","sticky":false,"template":"","format":"standard","meta":{"footnotes":""},"categories":[20,17,27],"tags":[],"class_list":["post-1463","post","type-post","status-publish","format-standard","hentry","category-newsy","category-imprezy","category-trojna"],"_links":{"self":[{"href":"https:\/\/www.pzwnarew.pl\/index.php?rest_route=\/wp\/v2\/posts\/1463","targetHints":{"allow":["GET"]}}],"collection":[{"href":"https:\/\/www.pzwnarew.pl\/index.php?rest_route=\/wp\/v2\/posts"}],"about":[{"href":"https:\/\/www.pzwnarew.pl\/index.php?rest_route=\/wp\/v2\/types\/post"}],"author":[{"embeddable":true,"href":"https:\/\/www.pzwnarew.pl\/index.php?rest_route=\/wp\/v2\/users\/2"}],"replies":[{"embeddable":true,"href":"https:\/\/www.pzwnarew.pl\/index.php?rest_route=%2Fwp%2Fv2%2Fcomments&post=1463"}],"version-history":[{"count":11,"href":"https:\/\/www.pzwnarew.pl\/index.php?rest_route=\/wp\/v2\/posts\/1463\/revisions"}],"predecessor-version":[{"id":3952,"href":"https:\/\/www.pzwnarew.pl\/index.php?rest_route=\/wp\/v2\/posts\/1463\/revisions\/3952"}],"wp:attachment":[{"href":"https:\/\/www.pzwnarew.pl\/index.php?rest_route=%2Fwp%2Fv2%2Fmedia&parent=1463"}],"wp:term":[{"taxonomy":"category","embeddable":true,"href":"https:\/\/www.pzwnarew.pl\/index.php?rest_route=%2Fwp%2Fv2%2Fcategories&post=1463"},{"taxonomy":"post_tag","embeddable":true,"href":"https:\/\/www.pzwnarew.pl\/index.php?rest_route=%2Fwp%2Fv2%2Ftags&post=1463"}],"curies":[{"name":"wp","href":"https:\/\/api.w.org\/{rel}","templated":true}]}}