{"id":145,"date":"2011-03-12T15:01:09","date_gmt":"2011-03-12T14:01:09","guid":{"rendered":"http:\/\/www.ostroleka.com.pl\/pzw-narew38\/?p=145"},"modified":"2015-03-13T22:38:34","modified_gmt":"2015-03-13T21:38:34","slug":"okazy-2008","status":"publish","type":"post","link":"https:\/\/www.pzwnarew.pl\/?p=145","title":{"rendered":"Okazy 2008"},"content":{"rendered":"<p style=\"text-align: center;\"><a href=\"http:\/\/www.ostroleka.com.pl\/pzw-narew38\/wp-content\/uploads\/2011\/03\/gaska_2008.jpg\"><img loading=\"lazy\" decoding=\"async\" class=\"alignnone wp-image-191 size-medium\" title=\"Marek G\u0105ska \" src=\"http:\/\/www.pzwnarew.pl\/wp-content\/uploads\/2011\/03\/gaska_2008-224x300.jpg\" alt=\"\" width=\"224\" height=\"300\" srcset=\"https:\/\/www.pzwnarew.pl\/wp-content\/uploads\/2011\/03\/gaska_2008-224x300.jpg 224w, https:\/\/www.pzwnarew.pl\/wp-content\/uploads\/2011\/03\/gaska_2008.jpg 350w\" sizes=\"auto, (max-width: 224px) 100vw, 224px\" \/><\/a><strong><br \/>\nMarek G\u0105ska<br \/>\n<\/strong>SANDACZ 10,5 kg<br \/>\nMarek G\u0105ska 12 pa\u017adziernika br. wyholowa\u0142 z wody na miejskiej pla\u017cy sandacza o imponuj\u0105cej wadze 10,5 kg i blisko metrowej d\u0142ugo\u015bci (99 cm). Drapie\u017cnik po\u0142akomi\u0142 si\u0119 na markowego woblera.<br \/>\nGratulujemy!<\/p>\n<hr size=\"3\" \/>\n<p style=\"text-align: center;\"><a href=\"http:\/\/www.ostroleka.com.pl\/pzw-narew38\/wp-content\/uploads\/2011\/03\/bialobrzewski_2008.jpg\"><img loading=\"lazy\" decoding=\"async\" class=\"alignnone wp-image-193 size-medium\" title=\"Artur Bia\u0142obrzewski\" src=\"http:\/\/www.pzwnarew.pl\/wp-content\/uploads\/2011\/03\/bialobrzewski_2008-182x300.jpg\" alt=\"\" width=\"182\" height=\"300\" srcset=\"https:\/\/www.pzwnarew.pl\/wp-content\/uploads\/2011\/03\/bialobrzewski_2008-182x300.jpg 182w, https:\/\/www.pzwnarew.pl\/wp-content\/uploads\/2011\/03\/bialobrzewski_2008.jpg 350w\" sizes=\"auto, (max-width: 182px) 100vw, 182px\" \/><\/a><strong><br \/>\nArtur Bia\u0142obrzewski<br \/>\n<\/strong>SUM 20 kg<br \/>\nArtur Bia\u0142obrzewski w dniu 21 wrze\u015bnia br. na Narwi z\u0142owi\u0142 suma o wadze 20 kilogram\u00f3w i d\u0142ugo\u015bci 155 cm. Przyn\u0119ta to magiczna kulka.<br \/>\nGratulujemy!<\/p>\n<hr size=\"3\" \/>\n<p style=\"text-align: center;\"><a href=\"http:\/\/www.ostroleka.com.pl\/pzw-narew38\/wp-content\/uploads\/2011\/03\/Kamionowska_2008.jpg\"><img loading=\"lazy\" decoding=\"async\" class=\"alignnone wp-image-194 size-medium\" title=\"Katarzyna Kamionowska\" src=\"http:\/\/www.pzwnarew.pl\/wp-content\/uploads\/2011\/03\/Kamionowska_2008-300x225.jpg\" alt=\"\" width=\"300\" height=\"225\" srcset=\"https:\/\/www.pzwnarew.pl\/wp-content\/uploads\/2011\/03\/Kamionowska_2008-300x225.jpg 300w, https:\/\/www.pzwnarew.pl\/wp-content\/uploads\/2011\/03\/Kamionowska_2008.jpg 350w\" sizes=\"auto, (max-width: 300px) 100vw, 300px\" \/><\/a><strong><br \/>\nKatarzyna Kamionowska<br \/>\n<\/strong>JA\u0179 2,09 kg<br \/>\nKatarzyna Kamionowska w dniu 24 wrze\u015bnia na Narwi na wysoko\u015bci tzw. popio\u0142\u00f3w z\u0142apa\u0142a jazia wagi 2,09 kg. Gratulujemy.<\/p>\n<hr size=\"3\" \/>\n<p style=\"text-align: center;\"><a href=\"http:\/\/www.ostroleka.com.pl\/pzw-narew38\/wp-content\/uploads\/2011\/03\/Ratusz_2008.jpg\"><img loading=\"lazy\" decoding=\"async\" class=\"alignnone wp-image-196 size-medium\" title=\"Grzegorz Ratusz\" src=\"http:\/\/www.pzwnarew.pl\/wp-content\/uploads\/2011\/03\/Ratusz_2008-247x300.jpg\" alt=\"\" width=\"247\" height=\"300\" srcset=\"https:\/\/www.pzwnarew.pl\/wp-content\/uploads\/2011\/03\/Ratusz_2008-247x300.jpg 247w, https:\/\/www.pzwnarew.pl\/wp-content\/uploads\/2011\/03\/Ratusz_2008.jpg 350w\" sizes=\"auto, (max-width: 247px) 100vw, 247px\" \/><\/a><strong><br \/>\nGrzegorz Ratusz<br \/>\n<\/strong>SANDACZ 1,80 KG<br \/>\nGrzegorz Ratusz z\u0142owi\u0142 w m. Gontarze na Narwi<br \/>\nsandacza o d\u0142ugo\u015bci 58 cm waga 1,80 kg.<\/p>\n<hr size=\"3\" \/>\n<p style=\"text-align: center;\"><strong><a href=\"http:\/\/www.ostroleka.com.pl\/pzw-narew38\/wp-content\/uploads\/2011\/03\/Lis_2008.jpg\"><img loading=\"lazy\" decoding=\"async\" class=\"alignnone wp-image-197 size-medium\" title=\"Zbigniew Lis\" src=\"http:\/\/www.pzwnarew.pl\/wp-content\/uploads\/2011\/03\/Lis_2008-300x242.jpg\" alt=\"\" width=\"300\" height=\"242\" srcset=\"https:\/\/www.pzwnarew.pl\/wp-content\/uploads\/2011\/03\/Lis_2008-300x242.jpg 300w, https:\/\/www.pzwnarew.pl\/wp-content\/uploads\/2011\/03\/Lis_2008.jpg 350w\" sizes=\"auto, (max-width: 300px) 100vw, 300px\" \/><\/a><\/strong><strong><br \/>\nZbigniew Lis<\/strong><br \/>\nKLE\u0143 2,08 kg<br \/>\nZBIGNIEW LIS z\u0142owi\u0142 w Narwii w dniu 24 sierpnie br. klenia<br \/>\no wadze 2,08 kg d\u0142ugo\u015bci 54 cm.<br \/>\nPrzyn\u0119t\u0105 by\u0142 wobler Chorwatka &#8211; 3 cm.<\/p>\n<hr size=\"3\" \/>\n<p style=\"text-align: center;\"><strong><a href=\"http:\/\/www.ostroleka.com.pl\/pzw-narew38\/wp-content\/uploads\/2011\/03\/Tyszka_2008.jpg\"><img loading=\"lazy\" decoding=\"async\" class=\"alignnone wp-image-198 size-medium\" title=\"Grzegorz Tyszka\" src=\"http:\/\/www.pzwnarew.pl\/wp-content\/uploads\/2011\/03\/Tyszka_2008-300x293.jpg\" alt=\"\" width=\"300\" height=\"293\" srcset=\"https:\/\/www.pzwnarew.pl\/wp-content\/uploads\/2011\/03\/Tyszka_2008-300x293.jpg 300w, https:\/\/www.pzwnarew.pl\/wp-content\/uploads\/2011\/03\/Tyszka_2008.jpg 350w\" sizes=\"auto, (max-width: 300px) 100vw, 300px\" \/><\/a><\/strong><strong><br \/>\nGrzegorz Tyszka<br \/>\n<\/strong>Ja\u017a 1,65 KG<br \/>\nGrzegorz Tyszka, wielokrotny laureat zdobywc\u00f3w okaz\u00f3w,<br \/>\n1 czerwca 2008 roku z\u0142owi\u0142 w Narwi w m. Kruszewo<br \/>\njazia 48 cm i wadze 1,65 kg.<\/p>\n<hr size=\"3\" \/>\n<p style=\"text-align: center;\"><strong><a href=\"http:\/\/www.ostroleka.com.pl\/pzw-narew38\/wp-content\/uploads\/2011\/03\/Wierzbowski_2008.jpg\"><img loading=\"lazy\" decoding=\"async\" class=\"alignnone wp-image-199 size-medium\" title=\"Tadeusz Wierzbowski\" src=\"http:\/\/www.pzwnarew.pl\/wp-content\/uploads\/2011\/03\/Wierzbowski_2008-176x300.jpg\" alt=\"\" width=\"176\" height=\"300\" srcset=\"https:\/\/www.pzwnarew.pl\/wp-content\/uploads\/2011\/03\/Wierzbowski_2008-176x300.jpg 176w, https:\/\/www.pzwnarew.pl\/wp-content\/uploads\/2011\/03\/Wierzbowski_2008.jpg 350w\" sizes=\"auto, (max-width: 176px) 100vw, 176px\" \/><\/a><\/strong><strong><br \/>\nTadeusz Wierzbowski<br \/>\n<\/strong>Szczupak 7,5 kg<br \/>\nTadeusz Wierzbowski na zbiorniku w Grodzisku z\u0142owi\u0142 99 cm z\u0119bacza<br \/>\no wadze 7,5 kg.<br \/>\nProsimy o kontakt do weryfikacji danych!<\/p>\n<hr size=\"3\" \/>\n<p style=\"text-align: center;\"><strong><a href=\"http:\/\/www.ostroleka.com.pl\/pzw-narew38\/wp-content\/uploads\/2011\/03\/Stachacz_2008.jpg\"><img loading=\"lazy\" decoding=\"async\" class=\"alignnone wp-image-200 size-medium\" title=\"Andrzej Stachacz\" src=\"http:\/\/www.pzwnarew.pl\/wp-content\/uploads\/2011\/03\/Stachacz_2008-271x300.jpg\" alt=\"\" width=\"271\" height=\"300\" srcset=\"https:\/\/www.pzwnarew.pl\/wp-content\/uploads\/2011\/03\/Stachacz_2008-271x300.jpg 271w, https:\/\/www.pzwnarew.pl\/wp-content\/uploads\/2011\/03\/Stachacz_2008.jpg 350w\" sizes=\"auto, (max-width: 271px) 100vw, 271px\" \/><\/a><\/strong><strong><br \/>\nAndrzej Stachacz<br \/>\n<\/strong>Oko\u0144 1,2 kg<br \/>\nANDRZEJ STACHACZ &#8211; w\u0119dkarz historia &#8211; w dniu 08.03.2008 na spinning metod\u0105 bocznego troka z\u0142owi\u0142 na zbiorniku w Grodzisku pi\u0119knego okonia.<br \/>\nGarbus mierzy\u0142 42 cm i wa\u017cy\u0142 1,2 kg.<\/p>\n","protected":false},"excerpt":{"rendered":"<p>Marek G\u0105ska SANDACZ 10,5 kg Marek G\u0105ska 12 pa\u017adziernika br. wyholowa\u0142 z wody na miejskiej pla\u017cy sandacza o imponuj\u0105cej wadze 10,5 kg i blisko metrowej d\u0142ugo\u015bci (99 cm). Drapie\u017cnik po\u0142akomi\u0142 si\u0119 na markowego woblera. Gratulujemy! Artur Bia\u0142obrzewski SUM 20 kg Artur Bia\u0142obrzewski w dniu 21 wrze\u015bnia br. na Narwi z\u0142owi\u0142 suma o wadze 20 kilogram\u00f3w i d\u0142ugo\u015bci 155 cm. Przyn\u0119ta to magiczna kulka. Gratulujemy! Katarzyna Kamionowska JA\u0179 2,09 kg Katarzyna Kamionowska w dniu 24 wrze\u015bnia na Narwi na wysoko\u015bci tzw&#8230;.<\/p>\n<p class=\"read-more\"><a class=\"btn btn-default\" href=\"https:\/\/www.pzwnarew.pl\/?p=145\"> Read More<span class=\"screen-reader-text\">  Read More<\/span><\/a><\/p>\n","protected":false},"author":1,"featured_media":0,"comment_status":"closed","ping_status":"closed","sticky":false,"template":"","format":"standard","meta":{"footnotes":""},"categories":[10],"tags":[],"class_list":["post-145","post","type-post","status-publish","format-standard","hentry","category-okazy-2008"],"_links":{"self":[{"href":"https:\/\/www.pzwnarew.pl\/index.php?rest_route=\/wp\/v2\/posts\/145","targetHints":{"allow":["GET"]}}],"collection":[{"href":"https:\/\/www.pzwnarew.pl\/index.php?rest_route=\/wp\/v2\/posts"}],"about":[{"href":"https:\/\/www.pzwnarew.pl\/index.php?rest_route=\/wp\/v2\/types\/post"}],"author":[{"embeddable":true,"href":"https:\/\/www.pzwnarew.pl\/index.php?rest_route=\/wp\/v2\/users\/1"}],"replies":[{"embeddable":true,"href":"https:\/\/www.pzwnarew.pl\/index.php?rest_route=%2Fwp%2Fv2%2Fcomments&post=145"}],"version-history":[{"count":14,"href":"https:\/\/www.pzwnarew.pl\/index.php?rest_route=\/wp\/v2\/posts\/145\/revisions"}],"predecessor-version":[{"id":5951,"href":"https:\/\/www.pzwnarew.pl\/index.php?rest_route=\/wp\/v2\/posts\/145\/revisions\/5951"}],"wp:attachment":[{"href":"https:\/\/www.pzwnarew.pl\/index.php?rest_route=%2Fwp%2Fv2%2Fmedia&parent=145"}],"wp:term":[{"taxonomy":"category","embeddable":true,"href":"https:\/\/www.pzwnarew.pl\/index.php?rest_route=%2Fwp%2Fv2%2Fcategories&post=145"},{"taxonomy":"post_tag","embeddable":true,"href":"https:\/\/www.pzwnarew.pl\/index.php?rest_route=%2Fwp%2Fv2%2Ftags&post=145"}],"curies":[{"name":"wp","href":"https:\/\/api.w.org\/{rel}","templated":true}]}}