{"id":1438,"date":"2011-05-21T21:35:35","date_gmt":"2011-05-21T20:35:35","guid":{"rendered":"http:\/\/www.ostroleka.com.pl\/pzw-narew38\/?p=1438"},"modified":"2011-09-16T15:33:12","modified_gmt":"2011-09-16T14:33:12","slug":"trojka-leszcze-nad-woda","status":"publish","type":"post","link":"https:\/\/www.pzwnarew.pl\/?p=1438","title":{"rendered":"TR\u00d3JKA LESZCZE NAD WOD\u0104 !!!"},"content":{"rendered":"<p><span style=\"color: #808000;\">Sekcja m\u0142odzie\u017cowa \u201eTr\u00f3jka Leszcze\u201d ze stacji w\u0119dkowa\u0142a na zalewie w Grodzisku.<a href=\"http:\/\/www.ostroleka.com.pl\/pzw-narew38\/wp-content\/uploads\/2011\/05\/P1100184.jpg\"><img loading=\"lazy\" decoding=\"async\" class=\"alignright size-thumbnail wp-image-1439\" title=\"P1100184\" src=\"http:\/\/www.ostroleka.com.pl\/pzw-narew38\/wp-content\/uploads\/2011\/05\/P1100184-150x150.jpg\" alt=\"\" width=\"150\" height=\"150\" \/><\/a><\/span><\/p>\n<p>Zaj\u0119cia nad wod\u0105 sk\u0142ada\u0142y si\u0119, \u00a0z przygotowania zan\u0119ty i sprz\u0119tu w\u0119dkarskiego sp\u0142awikowego.<\/p>\n<p>M\u0142odzie\u017cy najcz\u0119\u015bciej bra\u0142y p\u0142ocie, ukleje i karaski. Pogoda bardzo dopisa\u0142a m\u0142odym w\u0119dkarzom, wszyscy wr\u00f3cili zadowoleni do domu.<\/p>\n<p>Dzi\u0119kujemy Panu Zdzis\u0142awowi Sienickiemu, oraz kolegom z naszego ko\u0142a za przygotowanie wyjazdu i poprowadzenie zaj\u0119\u0107 nad wod\u0105.<\/p>\n<p style=\"text-align: center;\"><a href=\"http:\/\/www.ostroleka.com.pl\/gallery_pzw\/thumbnails.php?album=76\" target=\"_blank\">Wi\u0119cej zdj\u0119\u0107 w galerii &gt;&gt;<\/a><\/p>\n<p style=\"text-align: right;\">Z w\u0119dkarskim pozdrowieniem Rafa\u0142 W.<\/p>\n","protected":false},"excerpt":{"rendered":"<p>Sekcja m\u0142odzie\u017cowa \u201eTr\u00f3jka Leszcze\u201d ze stacji w\u0119dkowa\u0142a na zalewie w Grodzisku. Zaj\u0119cia nad wod\u0105 sk\u0142ada\u0142y si\u0119, \u00a0z przygotowania zan\u0119ty i sprz\u0119tu w\u0119dkarskiego sp\u0142awikowego. M\u0142odzie\u017cy najcz\u0119\u015bciej bra\u0142y p\u0142ocie, ukleje i karaski. Pogoda bardzo dopisa\u0142a m\u0142odym w\u0119dkarzom, wszyscy wr\u00f3cili zadowoleni do domu. Dzi\u0119kujemy Panu Zdzis\u0142awowi Sienickiemu, oraz kolegom z naszego ko\u0142a za przygotowanie wyjazdu i poprowadzenie zaj\u0119\u0107 nad wod\u0105. Wi\u0119cej zdj\u0119\u0107 w galerii &gt;&gt; Z w\u0119dkarskim pozdrowieniem Rafa\u0142 W.<\/p>\n","protected":false},"author":2,"featured_media":0,"comment_status":"open","ping_status":"closed","sticky":false,"template":"","format":"standard","meta":{"footnotes":""},"categories":[20,27],"tags":[],"class_list":["post-1438","post","type-post","status-publish","format-standard","hentry","category-newsy","category-trojna"],"_links":{"self":[{"href":"https:\/\/www.pzwnarew.pl\/index.php?rest_route=\/wp\/v2\/posts\/1438","targetHints":{"allow":["GET"]}}],"collection":[{"href":"https:\/\/www.pzwnarew.pl\/index.php?rest_route=\/wp\/v2\/posts"}],"about":[{"href":"https:\/\/www.pzwnarew.pl\/index.php?rest_route=\/wp\/v2\/types\/post"}],"author":[{"embeddable":true,"href":"https:\/\/www.pzwnarew.pl\/index.php?rest_route=\/wp\/v2\/users\/2"}],"replies":[{"embeddable":true,"href":"https:\/\/www.pzwnarew.pl\/index.php?rest_route=%2Fwp%2Fv2%2Fcomments&post=1438"}],"version-history":[{"count":5,"href":"https:\/\/www.pzwnarew.pl\/index.php?rest_route=\/wp\/v2\/posts\/1438\/revisions"}],"predecessor-version":[{"id":1709,"href":"https:\/\/www.pzwnarew.pl\/index.php?rest_route=\/wp\/v2\/posts\/1438\/revisions\/1709"}],"wp:attachment":[{"href":"https:\/\/www.pzwnarew.pl\/index.php?rest_route=%2Fwp%2Fv2%2Fmedia&parent=1438"}],"wp:term":[{"taxonomy":"category","embeddable":true,"href":"https:\/\/www.pzwnarew.pl\/index.php?rest_route=%2Fwp%2Fv2%2Fcategories&post=1438"},{"taxonomy":"post_tag","embeddable":true,"href":"https:\/\/www.pzwnarew.pl\/index.php?rest_route=%2Fwp%2Fv2%2Ftags&post=1438"}],"curies":[{"name":"wp","href":"https:\/\/api.w.org\/{rel}","templated":true}]}}