{"id":142,"date":"2011-03-12T14:59:32","date_gmt":"2011-03-12T13:59:32","guid":{"rendered":"http:\/\/www.ostroleka.com.pl\/pzw-narew38\/?p=142"},"modified":"2015-03-13T22:39:25","modified_gmt":"2015-03-13T21:39:25","slug":"okazy-2007","status":"publish","type":"post","link":"https:\/\/www.pzwnarew.pl\/?p=142","title":{"rendered":"Okazy 2007"},"content":{"rendered":"<p style=\"text-align: center;\"><a href=\"http:\/\/www.ostroleka.com.pl\/pzw-narew38\/wp-content\/uploads\/2011\/03\/Nocko_2007.jpg\"><img loading=\"lazy\" decoding=\"async\" class=\"alignnone wp-image-164 size-medium\" title=\"Jacek Nocko\" src=\"http:\/\/www.pzwnarew.pl\/wp-content\/uploads\/2011\/03\/Nocko_2007-206x300.jpg\" alt=\"\" width=\"206\" height=\"300\" srcset=\"https:\/\/www.pzwnarew.pl\/wp-content\/uploads\/2011\/03\/Nocko_2007-206x300.jpg 206w, https:\/\/www.pzwnarew.pl\/wp-content\/uploads\/2011\/03\/Nocko_2007.jpg 350w\" sizes=\"auto, (max-width: 206px) 100vw, 206px\" \/><\/a><strong><br \/>\nJacek Nocko<br \/>\n<\/strong>Szczupak 2,85 kg, 71 cm<br \/>\nJacek Nocko z\u0142owi\u0142 metod\u0105 na &#8222;\u017cywca&#8221; szczupaka wagi 2,85 71 cm<br \/>\nW dniu 16 pa\u017adziernika 2007 roku na Narwi w m. Korczak.<\/p>\n<hr size=\"3\" \/>\n<p style=\"text-align: center;\"><a href=\"http:\/\/www.ostroleka.com.pl\/pzw-narew38\/wp-content\/uploads\/2011\/03\/Nocko_2007b.jpg\"><img loading=\"lazy\" decoding=\"async\" class=\"alignnone wp-image-165 size-medium\" title=\"Jacek Nocko\" src=\"http:\/\/www.pzwnarew.pl\/wp-content\/uploads\/2011\/03\/Nocko_2007b-300x258.jpg\" alt=\"\" width=\"300\" height=\"258\" srcset=\"https:\/\/www.pzwnarew.pl\/wp-content\/uploads\/2011\/03\/Nocko_2007b-300x258.jpg 300w, https:\/\/www.pzwnarew.pl\/wp-content\/uploads\/2011\/03\/Nocko_2007b.jpg 350w\" sizes=\"auto, (max-width: 300px) 100vw, 300px\" \/><\/a><br \/>\n<strong>Jacek Nocko<br \/>\n<\/strong>Leszcz 1,8 kg\u00a0 53 cm<br \/>\nKolega Jacek Nocko z\u0142owi\u0142 w Narwi ko\u0142o &#8222;Luny&#8221; leszcza wagi 1,8 kg<br \/>\nD\u0142ugo\u015b\u0107 ryby 53 cm<\/p>\n<hr size=\"3\" \/>\n<p style=\"text-align: center;\"><a href=\"http:\/\/www.ostroleka.com.pl\/pzw-narew38\/wp-content\/uploads\/2011\/03\/Kamionowski_2007.jpg\"><img loading=\"lazy\" decoding=\"async\" class=\"alignnone wp-image-166 size-medium\" title=\"Mariusz Kamionowski\" src=\"http:\/\/www.pzwnarew.pl\/wp-content\/uploads\/2011\/03\/Kamionowski_2007-243x300.jpg\" alt=\"\" width=\"243\" height=\"300\" srcset=\"https:\/\/www.pzwnarew.pl\/wp-content\/uploads\/2011\/03\/Kamionowski_2007-243x300.jpg 243w, https:\/\/www.pzwnarew.pl\/wp-content\/uploads\/2011\/03\/Kamionowski_2007.jpg 350w\" sizes=\"auto, (max-width: 243px) 100vw, 243px\" \/><\/a><strong><br \/>\nMariusz Kamionowski<br \/>\n<\/strong>Ja\u017a\u00a0 2,43 kg\u00a0 54 cm<br \/>\n\u0141owca okazu jest Mariusz Kamionowski.<br \/>\nRyb\u0119 z\u0142apa\u0142 na tzw. &#8222;popio\u0142ach&#8221; od strony \u0141\u0119gu.<br \/>\nWaga jazia 2,43 kg d\u0142ugo\u015b\u0107 54 cm.<\/p>\n<hr size=\"3\" \/>\n<p style=\"text-align: center;\"><a href=\"http:\/\/www.ostroleka.com.pl\/pzw-narew38\/wp-content\/uploads\/2011\/03\/Koby\u0142ecki_2007.jpg\"><img loading=\"lazy\" decoding=\"async\" class=\"alignnone wp-image-167 size-medium\" title=\"Mariusz Koby\u0142ecki\" src=\"http:\/\/www.pzwnarew.pl\/wp-content\/uploads\/2011\/03\/Koby\u0142ecki_2007-284x300.jpg\" alt=\"\" width=\"284\" height=\"300\" srcset=\"https:\/\/www.pzwnarew.pl\/wp-content\/uploads\/2011\/03\/Koby\u0142ecki_2007-284x300.jpg 284w, https:\/\/www.pzwnarew.pl\/wp-content\/uploads\/2011\/03\/Koby\u0142ecki_2007.jpg 350w\" sizes=\"auto, (max-width: 284px) 100vw, 284px\" \/><\/a><strong><br \/>\nMariusz Koby\u0142ecki<br \/>\n<\/strong>\u0141oso\u015b 3,2 kg 73 cm<br \/>\nMariusz Koby\u0142ecki mo\u017ce pochwali\u0107 si\u0119 z\u0142owieniem w dniu 20 stycznia 2007 roku okazem \u0142ososia w pomorskiej rzece S\u0142upi.<\/p>\n<hr size=\"3\" \/>\n<p style=\"text-align: center;\"><a href=\"http:\/\/www.ostroleka.com.pl\/pzw-narew38\/wp-content\/uploads\/2011\/03\/Koby\u0142ecki_2007b.jpg\"><img loading=\"lazy\" decoding=\"async\" class=\"alignnone wp-image-168 size-medium\" title=\"Mariusz Koby\u0142ecki\" src=\"http:\/\/www.pzwnarew.pl\/wp-content\/uploads\/2011\/03\/Koby\u0142ecki_2007b-300x234.jpg\" alt=\"\" width=\"300\" height=\"234\" srcset=\"https:\/\/www.pzwnarew.pl\/wp-content\/uploads\/2011\/03\/Koby\u0142ecki_2007b-300x234.jpg 300w, https:\/\/www.pzwnarew.pl\/wp-content\/uploads\/2011\/03\/Koby\u0142ecki_2007b.jpg 350w\" sizes=\"auto, (max-width: 300px) 100vw, 300px\" \/><\/a><strong><br \/>\nMariusz Koby\u0142ecki<br \/>\n<\/strong>LESZCZ 2,4\u00a0 kg 56 cm<br \/>\nW kategorii bia\u0142ej ryby tak\u017ce Mariusz Koby\u0142ecki prezentuje leszcza z\u0142owionego w naszym kochanym morzu baltyckim z pla\u017cy we W\u0142adys\u0142awowie.<\/p>\n<hr size=\"3\" \/>\n<p style=\"text-align: center;\"><a href=\"http:\/\/www.ostroleka.com.pl\/pzw-narew38\/wp-content\/uploads\/2011\/03\/Gaska_2007.jpg\"><img loading=\"lazy\" decoding=\"async\" class=\"alignnone wp-image-169 size-medium\" title=\"Marek G\u0105ska\" src=\"http:\/\/www.pzwnarew.pl\/wp-content\/uploads\/2011\/03\/Gaska_2007-224x300.jpg\" alt=\"\" width=\"224\" height=\"300\" srcset=\"https:\/\/www.pzwnarew.pl\/wp-content\/uploads\/2011\/03\/Gaska_2007-224x300.jpg 224w, https:\/\/www.pzwnarew.pl\/wp-content\/uploads\/2011\/03\/Gaska_2007.jpg 350w\" sizes=\"auto, (max-width: 224px) 100vw, 224px\" \/><\/a><strong><br \/>\nMarek G\u0105ska<br \/>\n<\/strong>SUM 31 kg<br \/>\nMarek G\u0105ska w dniu 26 sierpnia 2007 roku w Narwi na wysoko\u015bci Lipianki oko\u0142o godz 22,30 z\u0142apa\u0142 suma o wadze 31 kg i d\u0142ugo\u015bci 170 cm.<br \/>\nPrzyn\u0119ta to oczywi\u015bcie G\u0105skowe s\u0142ynne kulki z j\u0119tki.<\/p>\n<hr size=\"3\" \/>\n<p style=\"text-align: center;\"><a href=\"http:\/\/www.ostroleka.com.pl\/pzw-narew38\/wp-content\/uploads\/2011\/03\/Romanik_2007.jpg\"><img loading=\"lazy\" decoding=\"async\" class=\"alignnone wp-image-170 size-medium\" title=\"Wojciech Romanik\" src=\"http:\/\/www.pzwnarew.pl\/wp-content\/uploads\/2011\/03\/Romanik_2007-300x225.jpg\" alt=\"\" width=\"300\" height=\"225\" srcset=\"https:\/\/www.pzwnarew.pl\/wp-content\/uploads\/2011\/03\/Romanik_2007-300x225.jpg 300w, https:\/\/www.pzwnarew.pl\/wp-content\/uploads\/2011\/03\/Romanik_2007.jpg 400w\" sizes=\"auto, (max-width: 300px) 100vw, 300px\" \/><\/a><strong><br \/>\nWojciech Romanik<br \/>\n<\/strong>SUM\u00a0 24 kg, 164 cm d\u0142.<br \/>\nRzeka Narew m. Dzbenin<br \/>\nZ\u0142owiony w dniu 26.07.2007<br \/>\nPrzyn\u0119ta kulka z j\u0119tki.<br \/>\nPrzy wa\u017ceniu asystowa\u0142a \u017cona Joanna<\/p>\n<hr size=\"3\" \/>\n<p style=\"text-align: center;\"><a href=\"http:\/\/www.ostroleka.com.pl\/pzw-narew38\/wp-content\/uploads\/2011\/03\/Raszkiewicz_2007.jpg\"><img loading=\"lazy\" decoding=\"async\" class=\"alignnone wp-image-171 size-medium\" title=\"Andrzej Raszkiewicz\" src=\"http:\/\/www.pzwnarew.pl\/wp-content\/uploads\/2011\/03\/Raszkiewicz_2007-224x300.jpg\" alt=\"\" width=\"224\" height=\"300\" srcset=\"https:\/\/www.pzwnarew.pl\/wp-content\/uploads\/2011\/03\/Raszkiewicz_2007-224x300.jpg 224w, https:\/\/www.pzwnarew.pl\/wp-content\/uploads\/2011\/03\/Raszkiewicz_2007.jpg 350w\" sizes=\"auto, (max-width: 224px) 100vw, 224px\" \/><\/a><strong><br \/>\nAndrzej Raszkiewicz<br \/>\n<\/strong>W\u0118GORZ 1,8 kg<br \/>\nAndrzej Raszkiewicz z\u0142owi\u0142 w dniu 29 czerwca 2007 roku<br \/>\no godz. 23.00 w\u0119gorza wagi 1,8 kg d\u0142ugo\u015bci 98 cm.<br \/>\n\u017bar\u0142ok po\u0142akomi\u0142 si\u0119 na fileta z p\u0142otki.<br \/>\nMiejsce po\u0142owu: Jezioro Brajnickie.<\/p>\n<hr size=\"3\" \/>\n<p style=\"text-align: center;\"><a href=\"http:\/\/www.ostroleka.com.pl\/pzw-narew38\/wp-content\/uploads\/2011\/03\/Tyszka_2007.jpg\"><img loading=\"lazy\" decoding=\"async\" class=\"alignnone wp-image-172 size-medium\" title=\"Grzegorz Tyszka\" src=\"http:\/\/www.pzwnarew.pl\/wp-content\/uploads\/2011\/03\/Tyszka_2007-300x222.jpg\" alt=\"\" width=\"300\" height=\"222\" srcset=\"https:\/\/www.pzwnarew.pl\/wp-content\/uploads\/2011\/03\/Tyszka_2007-300x222.jpg 300w, https:\/\/www.pzwnarew.pl\/wp-content\/uploads\/2011\/03\/Tyszka_2007.jpg 400w\" sizes=\"auto, (max-width: 300px) 100vw, 300px\" \/><\/a><strong><br \/>\nGrzegorz Tyszka<br \/>\n<\/strong>SANDACZ 2,15 kg<br \/>\n\u0141owca tego okazu okaza\u0142 si\u0119 Grzegorz Tyszka.<br \/>\nSandacza z\u0142owi\u0142 holuj\u0105c na drgaj\u0105c\u0105 szczyt\u00f3wk\u0119 kr\u0105pia.<br \/>\nHol ryby trwa\u0142 15 minut.<br \/>\nCzas po\u0142owu 23 czerwca 2007 r rzeka Narew, okolice Kamianki.<br \/>\nWaga ryby 2,150 kg d\u0142ogo\u015b\u0107 62 cm.<\/p>\n","protected":false},"excerpt":{"rendered":"<p>Jacek Nocko Szczupak 2,85 kg, 71 cm Jacek Nocko z\u0142owi\u0142 metod\u0105 na &#8222;\u017cywca&#8221; szczupaka wagi 2,85 71 cm W dniu 16 pa\u017adziernika 2007 roku na Narwi w m. Korczak. Jacek Nocko Leszcz 1,8 kg\u00a0 53 cm Kolega Jacek Nocko z\u0142owi\u0142 w Narwi ko\u0142o &#8222;Luny&#8221; leszcza wagi 1,8 kg D\u0142ugo\u015b\u0107 ryby 53 cm Mariusz Kamionowski Ja\u017a\u00a0 2,43 kg\u00a0 54 cm \u0141owca okazu jest Mariusz Kamionowski. Ryb\u0119 z\u0142apa\u0142 na tzw. &#8222;popio\u0142ach&#8221; od strony \u0141\u0119gu. Waga jazia 2,43 kg d\u0142ugo\u015b\u0107 54 cm. Mariusz&#8230;<\/p>\n<p class=\"read-more\"><a class=\"btn btn-default\" href=\"https:\/\/www.pzwnarew.pl\/?p=142\"> Read More<span class=\"screen-reader-text\">  Read More<\/span><\/a><\/p>\n","protected":false},"author":1,"featured_media":0,"comment_status":"closed","ping_status":"closed","sticky":false,"template":"","format":"standard","meta":{"footnotes":""},"categories":[9],"tags":[],"class_list":["post-142","post","type-post","status-publish","format-standard","hentry","category-okazy-2007"],"_links":{"self":[{"href":"https:\/\/www.pzwnarew.pl\/index.php?rest_route=\/wp\/v2\/posts\/142","targetHints":{"allow":["GET"]}}],"collection":[{"href":"https:\/\/www.pzwnarew.pl\/index.php?rest_route=\/wp\/v2\/posts"}],"about":[{"href":"https:\/\/www.pzwnarew.pl\/index.php?rest_route=\/wp\/v2\/types\/post"}],"author":[{"embeddable":true,"href":"https:\/\/www.pzwnarew.pl\/index.php?rest_route=\/wp\/v2\/users\/1"}],"replies":[{"embeddable":true,"href":"https:\/\/www.pzwnarew.pl\/index.php?rest_route=%2Fwp%2Fv2%2Fcomments&post=142"}],"version-history":[{"count":16,"href":"https:\/\/www.pzwnarew.pl\/index.php?rest_route=\/wp\/v2\/posts\/142\/revisions"}],"predecessor-version":[{"id":5953,"href":"https:\/\/www.pzwnarew.pl\/index.php?rest_route=\/wp\/v2\/posts\/142\/revisions\/5953"}],"wp:attachment":[{"href":"https:\/\/www.pzwnarew.pl\/index.php?rest_route=%2Fwp%2Fv2%2Fmedia&parent=142"}],"wp:term":[{"taxonomy":"category","embeddable":true,"href":"https:\/\/www.pzwnarew.pl\/index.php?rest_route=%2Fwp%2Fv2%2Fcategories&post=142"},{"taxonomy":"post_tag","embeddable":true,"href":"https:\/\/www.pzwnarew.pl\/index.php?rest_route=%2Fwp%2Fv2%2Ftags&post=142"}],"curies":[{"name":"wp","href":"https:\/\/api.w.org\/{rel}","templated":true}]}}