{"id":138,"date":"2011-03-12T14:54:31","date_gmt":"2011-03-12T13:54:31","guid":{"rendered":"http:\/\/www.ostroleka.com.pl\/pzw-narew38\/?p=138"},"modified":"2015-03-13T22:40:02","modified_gmt":"2015-03-13T21:40:02","slug":"okazy-2006","status":"publish","type":"post","link":"https:\/\/www.pzwnarew.pl\/?p=138","title":{"rendered":"Okazy 2006"},"content":{"rendered":"<p style=\"text-align: center;\"><strong><img loading=\"lazy\" decoding=\"async\" class=\"alignnone wp-image-154 size-medium\" title=\"Mariusz Koby\u0142acki\" src=\"http:\/\/www.pzwnarew.pl\/wp-content\/uploads\/2011\/03\/kobylecki_2006a1-281x300.jpg\" alt=\"\" width=\"281\" height=\"300\" srcset=\"https:\/\/www.pzwnarew.pl\/wp-content\/uploads\/2011\/03\/kobylecki_2006a1-281x300.jpg 281w, https:\/\/www.pzwnarew.pl\/wp-content\/uploads\/2011\/03\/kobylecki_2006a1.jpg 350w\" sizes=\"auto, (max-width: 281px) 100vw, 281px\" \/><br \/>\nMariusz Koby\u0142ecki <\/strong>\u0142owca suma wagi 15,9 kg d\u0142ugo\u015b\u0107 134 cm<br \/>\nSuma z\u0142owi\u0142 w dniu 18 lipca 2006 roku w okolicy R\u00f3\u017cana,<br \/>\nhol trwa\u0142 1,5\u00a0 godziny z uwagi na cienk\u0105 plecionk\u0119.<br \/>\nPrzyn\u0119ta to wobler.<\/p>\n<hr size=\"3\" \/>\n<p style=\"text-align: center;\"><a href=\"http:\/\/www.ostroleka.com.pl\/pzw-narew38\/wp-content\/uploads\/2011\/03\/Lis_2006.jpg\"><img loading=\"lazy\" decoding=\"async\" class=\"aligncenter wp-image-155 size-medium\" title=\"Zbigniew Lis\" src=\"http:\/\/www.pzwnarew.pl\/wp-content\/uploads\/2011\/03\/Lis_2006-247x300.jpg\" alt=\"\" width=\"247\" height=\"300\" srcset=\"https:\/\/www.pzwnarew.pl\/wp-content\/uploads\/2011\/03\/Lis_2006-247x300.jpg 247w, https:\/\/www.pzwnarew.pl\/wp-content\/uploads\/2011\/03\/Lis_2006.jpg 350w\" sizes=\"auto, (max-width: 247px) 100vw, 247px\" \/><\/a><strong>Zbigniew Lis\u00a0<\/strong><br \/>\nw trakcie zawod\u00f3w o Puchar Prezesa Ko\u0142a<br \/>\nz\u0142apa\u0142 pi\u0119kny okaz Jazia o wadze 1,89 kg.<br \/>\nZawody rozgrywano na rzece Narwi na tzw. popio\u0142ach.<\/p>\n<hr size=\"3\" \/>\n<p style=\"text-align: center;\">\u00a0<a href=\"http:\/\/www.ostroleka.com.pl\/pzw-narew38\/wp-content\/uploads\/2011\/03\/Bednarczyk_2006.jpg\"><img loading=\"lazy\" decoding=\"async\" class=\"alignnone wp-image-157 size-medium\" title=\"Jacek Bednarczyk\" src=\"http:\/\/www.pzwnarew.pl\/wp-content\/uploads\/2011\/03\/Bednarczyk_2006-300x300.jpg\" alt=\"\" width=\"300\" height=\"300\" srcset=\"https:\/\/www.pzwnarew.pl\/wp-content\/uploads\/2011\/03\/Bednarczyk_2006-300x300.jpg 300w, https:\/\/www.pzwnarew.pl\/wp-content\/uploads\/2011\/03\/Bednarczyk_2006-150x150.jpg 150w, https:\/\/www.pzwnarew.pl\/wp-content\/uploads\/2011\/03\/Bednarczyk_2006.jpg 350w\" sizes=\"auto, (max-width: 300px) 100vw, 300px\" \/><\/a><br \/>\nKARP\u00a0 <strong>Jacka Bednarczyka<br \/>\n<\/strong>waga 2,65 kg &#8211; d\u0142. 53 cm z\u0142owiony w dniu 09.09.2006 roku na jeziorze Branickim. Przyn\u0119ta &#8211; kukurydza<\/p>\n<hr size=\"3\" \/>\n<p style=\"text-align: center;\"><a href=\"http:\/\/www.ostroleka.com.pl\/pzw-narew38\/wp-content\/uploads\/2011\/03\/raszkiewicz_2006.jpg\"><img loading=\"lazy\" decoding=\"async\" class=\"alignnone wp-image-158 size-medium\" title=\"Andrzej Raszkiewicz\" src=\"http:\/\/www.pzwnarew.pl\/wp-content\/uploads\/2011\/03\/raszkiewicz_2006-300x300.jpg\" alt=\"\" width=\"300\" height=\"300\" srcset=\"https:\/\/www.pzwnarew.pl\/wp-content\/uploads\/2011\/03\/raszkiewicz_2006-300x300.jpg 300w, https:\/\/www.pzwnarew.pl\/wp-content\/uploads\/2011\/03\/raszkiewicz_2006-150x150.jpg 150w, https:\/\/www.pzwnarew.pl\/wp-content\/uploads\/2011\/03\/raszkiewicz_2006.jpg 350w\" sizes=\"auto, (max-width: 300px) 100vw, 300px\" \/><\/a><br \/>\nKARA\u015a SREBRZYSTY<br \/>\nwaga 0,75 kg &#8211; d\u0142. 32 cm z\u0142owiony przez <strong>Andrzeja Raszkiewicza<br \/>\n<\/strong>w dniu 22.08.2006 roku na jeziorze Branickim.<br \/>\nPrzyn\u0119ta &#8211; kukurydza<\/p>\n<hr size=\"3\" \/>\n<p style=\"text-align: center;\"><a href=\"http:\/\/www.ostroleka.com.pl\/pzw-narew38\/wp-content\/uploads\/2011\/03\/Koby\u0142ecki_20061.jpg\"><img loading=\"lazy\" decoding=\"async\" class=\"alignnone wp-image-160 size-full\" title=\"Mariusz Koby\u0142ecki\" src=\"http:\/\/www.pzwnarew.pl\/wp-content\/uploads\/2011\/03\/Koby\u0142ecki_20061.jpg\" alt=\"\" width=\"250\" height=\"205\" \/><\/a><br \/>\n\u0141oso\u015b z\u0142owiony przez <strong>Mariusza Koby\u0142eckiego<br \/>\n<\/strong>Ryba wa\u017cy\u0142a 2,80 kg i mierzy\u0142a 65 cm.<\/p>\n","protected":false},"excerpt":{"rendered":"<p>Mariusz Koby\u0142ecki \u0142owca suma wagi 15,9 kg d\u0142ugo\u015b\u0107 134 cm Suma z\u0142owi\u0142 w dniu 18 lipca 2006 roku w okolicy R\u00f3\u017cana, hol trwa\u0142 1,5\u00a0 godziny z uwagi na cienk\u0105 plecionk\u0119. Przyn\u0119ta to wobler. Zbigniew Lis\u00a0 w trakcie zawod\u00f3w o Puchar Prezesa Ko\u0142a z\u0142apa\u0142 pi\u0119kny okaz Jazia o wadze 1,89 kg. Zawody rozgrywano na rzece Narwi na tzw. popio\u0142ach. \u00a0 KARP\u00a0 Jacka Bednarczyka waga 2,65 kg &#8211; d\u0142. 53 cm z\u0142owiony w dniu 09.09.2006 roku na jeziorze Branickim. Przyn\u0119ta &#8211; kukurydza&#8230;<\/p>\n<p class=\"read-more\"><a class=\"btn btn-default\" href=\"https:\/\/www.pzwnarew.pl\/?p=138\"> Read More<span class=\"screen-reader-text\">  Read More<\/span><\/a><\/p>\n","protected":false},"author":1,"featured_media":0,"comment_status":"closed","ping_status":"closed","sticky":false,"template":"","format":"standard","meta":{"footnotes":""},"categories":[8],"tags":[],"class_list":["post-138","post","type-post","status-publish","format-standard","hentry","category-okazy-2006"],"_links":{"self":[{"href":"https:\/\/www.pzwnarew.pl\/index.php?rest_route=\/wp\/v2\/posts\/138","targetHints":{"allow":["GET"]}}],"collection":[{"href":"https:\/\/www.pzwnarew.pl\/index.php?rest_route=\/wp\/v2\/posts"}],"about":[{"href":"https:\/\/www.pzwnarew.pl\/index.php?rest_route=\/wp\/v2\/types\/post"}],"author":[{"embeddable":true,"href":"https:\/\/www.pzwnarew.pl\/index.php?rest_route=\/wp\/v2\/users\/1"}],"replies":[{"embeddable":true,"href":"https:\/\/www.pzwnarew.pl\/index.php?rest_route=%2Fwp%2Fv2%2Fcomments&post=138"}],"version-history":[{"count":11,"href":"https:\/\/www.pzwnarew.pl\/index.php?rest_route=\/wp\/v2\/posts\/138\/revisions"}],"predecessor-version":[{"id":5954,"href":"https:\/\/www.pzwnarew.pl\/index.php?rest_route=\/wp\/v2\/posts\/138\/revisions\/5954"}],"wp:attachment":[{"href":"https:\/\/www.pzwnarew.pl\/index.php?rest_route=%2Fwp%2Fv2%2Fmedia&parent=138"}],"wp:term":[{"taxonomy":"category","embeddable":true,"href":"https:\/\/www.pzwnarew.pl\/index.php?rest_route=%2Fwp%2Fv2%2Fcategories&post=138"},{"taxonomy":"post_tag","embeddable":true,"href":"https:\/\/www.pzwnarew.pl\/index.php?rest_route=%2Fwp%2Fv2%2Ftags&post=138"}],"curies":[{"name":"wp","href":"https:\/\/api.w.org\/{rel}","templated":true}]}}