{"id":1373,"date":"2011-05-01T16:32:23","date_gmt":"2011-05-01T15:32:23","guid":{"rendered":"http:\/\/www.ostroleka.com.pl\/pzw-narew38\/?p=1373"},"modified":"2015-04-10T21:22:51","modified_gmt":"2015-04-10T19:22:51","slug":"tydzien-czystosci-wod-2","status":"publish","type":"post","link":"https:\/\/www.pzwnarew.pl\/?p=1373","title":{"rendered":"TYDZIE\u0143 CZYSTO\u015aCI W\u00d3D"},"content":{"rendered":"<p><span style=\"color: #808000;\"><strong>M\u0141ODZIE\u017b Z ZAK\u0141ADU POPRAWCZEGO W LASKOWCU <\/strong><strong>SPRZ\u0104TA NAREW .<a href=\"http:\/\/www.ostroleka.com.pl\/pzw-narew38\/wp-content\/uploads\/2011\/05\/Obraz-1661.jpg\"><img loading=\"lazy\" decoding=\"async\" class=\"alignright wp-image-1383 size-thumbnail\" title=\"Obraz 166\" src=\"http:\/\/www.pzwnarew.pl\/wp-content\/uploads\/2011\/05\/Obraz-1661-150x150.jpg\" alt=\"\" width=\"150\" height=\"150\" \/><\/a><\/strong><\/span><\/p>\n<p><span style=\"color: #808000;\"><strong>\u00a0<\/strong>W dniu 28 kwietnia br. w ramach tygodnia czysto\u015bci w\u00f3d dzia\u0142acze z Ko\u0142a nr 38\u00a0 Narew<\/span><\/p>\n<p>wsp\u00f3lnie z m\u0142odzie\u017c z Sekcji W\u0119dkarskiej Ukleja przy ZP w Laskowcu\u00a0 sprz\u0105tali brzegi Narwi na odcinku pla\u017cy miejskiej oraz teren\u00f3w wok\u00f3\u0142 portu rzecznego.<\/p>\n<p><!--more--><\/p>\n<p>Niezawodny\u00a0 Remigiusz Boniewski Instruktor M\u0142odzie\u017cowy W\u0119dkarstwa , pod kt\u00f3rego opieka s\u0105\u00a0 ch\u0142opcy aktywnie uczestniczy\u0142 nie tylko w zbieraniu \u015bmieci ale na miejscu wsp\u00f3lnie z Andrzejem Raszkiewiczem\u00a0 przedstawili m\u0142odzie\u017cy zagadnienia ekologii<\/p>\n<p>poprzez usuwanie \u015bmieci, kt\u00f3re rokrocznie niesie wezbrana woda rzeki Narwi. W\u015br\u00f3d tych odpadk\u00f3w s\u0105 niestety \u015bmieci w\u0119dkarzy, ale tak\u017ce wyrzucane przedmioty z gospodarstw rolnych i domowych. Efektem naszych dzia\u0142a\u0144 by\u0142o zebranie w niespe\u0142na dwie godziny 15-stu\u00a0 120 litrowych work\u00f3w pe\u0142nych \u015bmieci.<\/p>\n<p>Dzi\u0119kujemy wszystkim uczestnikom sprz\u0105tania i zach\u0119camy aby ka\u017cdy w\u0119dkarz zabra\u0142 ze sob\u0105, tylko te \u015bmieci, kt\u00f3re przywiezie nad wod\u0119. B\u0119dzie to jego osobisty wk\u0142ad w sprz\u0105tanie naszej kochanej Narwi.<\/p>\n<p><a href=\"http:\/\/www.ostroleka.com.pl\/pzw-narew38\/wp-content\/uploads\/2011\/05\/Obraz-1612.jpg\"><img loading=\"lazy\" decoding=\"async\" class=\"alignleft wp-image-1385 size-thumbnail\" title=\"Obraz 161\" src=\"http:\/\/www.pzwnarew.pl\/wp-content\/uploads\/2011\/05\/Obraz-1612-150x150.jpg\" alt=\"\" width=\"150\" height=\"150\" \/><\/a><a href=\"http:\/\/www.ostroleka.com.pl\/pzw-narew38\/wp-content\/uploads\/2011\/05\/Obraz-1671.jpg\"><img loading=\"lazy\" decoding=\"async\" class=\"alignright wp-image-1386 size-thumbnail\" title=\"Obraz 167\" src=\"http:\/\/www.pzwnarew.pl\/wp-content\/uploads\/2011\/05\/Obraz-1671-150x150.jpg\" alt=\"\" width=\"150\" height=\"150\" \/><\/a><\/p>\n<p><a href=\"http:\/\/www.ostroleka.com.pl\/pzw-narew38\/wp-content\/uploads\/2011\/05\/Obraz-2062.jpg\"><img loading=\"lazy\" decoding=\"async\" class=\"alignleft wp-image-1390 size-thumbnail\" title=\"Obraz 206\" src=\"http:\/\/www.pzwnarew.pl\/wp-content\/uploads\/2011\/05\/Obraz-2062-e1428693755894-150x150.jpg\" alt=\"\" width=\"150\" height=\"150\" \/><\/a><\/p>\n<p><a href=\"http:\/\/www.ostroleka.com.pl\/pzw-narew38\/wp-content\/uploads\/2011\/05\/Obraz-1751.jpg\"><img loading=\"lazy\" decoding=\"async\" class=\"alignleft wp-image-1387 size-thumbnail\" title=\"Obraz 175\" src=\"http:\/\/www.pzwnarew.pl\/wp-content\/uploads\/2011\/05\/Obraz-1751-150x150.jpg\" alt=\"\" width=\"150\" height=\"150\" \/><\/a><a href=\"http:\/\/www.ostroleka.com.pl\/pzw-narew38\/wp-content\/uploads\/2011\/05\/Obraz-1931.jpg\"><img loading=\"lazy\" decoding=\"async\" class=\"alignright wp-image-1388 size-thumbnail\" title=\"Obraz 193\" src=\"http:\/\/www.pzwnarew.pl\/wp-content\/uploads\/2011\/05\/Obraz-1931-150x150.jpg\" alt=\"\" width=\"150\" height=\"150\" \/><\/a><a href=\"http:\/\/www.ostroleka.com.pl\/pzw-narew38\/wp-content\/uploads\/2011\/05\/Obraz-2121.jpg\"><img loading=\"lazy\" decoding=\"async\" class=\"alignright wp-image-1391 size-thumbnail\" title=\"Obraz 212\" src=\"http:\/\/www.pzwnarew.pl\/wp-content\/uploads\/2011\/05\/Obraz-2121-150x150.jpg\" alt=\"\" width=\"150\" height=\"150\" \/><\/a><\/p>\n<p>Pozdrawiam Andraszoka.<\/p>\n","protected":false},"excerpt":{"rendered":"<p>M\u0141ODZIE\u017b Z ZAK\u0141ADU POPRAWCZEGO W LASKOWCU SPRZ\u0104TA NAREW . \u00a0W dniu 28 kwietnia br. w ramach tygodnia czysto\u015bci w\u00f3d dzia\u0142acze z Ko\u0142a nr 38\u00a0 Narew wsp\u00f3lnie z m\u0142odzie\u017c z Sekcji W\u0119dkarskiej Ukleja przy ZP w Laskowcu\u00a0 sprz\u0105tali brzegi Narwi na odcinku pla\u017cy miejskiej oraz teren\u00f3w wok\u00f3\u0142 portu rzecznego.<\/p>\n","protected":false},"author":2,"featured_media":0,"comment_status":"open","ping_status":"closed","sticky":false,"template":"","format":"standard","meta":{"footnotes":""},"categories":[20,26],"tags":[],"class_list":["post-1373","post","type-post","status-publish","format-standard","hentry","category-newsy","category-mlodzi"],"_links":{"self":[{"href":"https:\/\/www.pzwnarew.pl\/index.php?rest_route=\/wp\/v2\/posts\/1373","targetHints":{"allow":["GET"]}}],"collection":[{"href":"https:\/\/www.pzwnarew.pl\/index.php?rest_route=\/wp\/v2\/posts"}],"about":[{"href":"https:\/\/www.pzwnarew.pl\/index.php?rest_route=\/wp\/v2\/types\/post"}],"author":[{"embeddable":true,"href":"https:\/\/www.pzwnarew.pl\/index.php?rest_route=\/wp\/v2\/users\/2"}],"replies":[{"embeddable":true,"href":"https:\/\/www.pzwnarew.pl\/index.php?rest_route=%2Fwp%2Fv2%2Fcomments&post=1373"}],"version-history":[{"count":8,"href":"https:\/\/www.pzwnarew.pl\/index.php?rest_route=\/wp\/v2\/posts\/1373\/revisions"}],"predecessor-version":[{"id":6089,"href":"https:\/\/www.pzwnarew.pl\/index.php?rest_route=\/wp\/v2\/posts\/1373\/revisions\/6089"}],"wp:attachment":[{"href":"https:\/\/www.pzwnarew.pl\/index.php?rest_route=%2Fwp%2Fv2%2Fmedia&parent=1373"}],"wp:term":[{"taxonomy":"category","embeddable":true,"href":"https:\/\/www.pzwnarew.pl\/index.php?rest_route=%2Fwp%2Fv2%2Fcategories&post=1373"},{"taxonomy":"post_tag","embeddable":true,"href":"https:\/\/www.pzwnarew.pl\/index.php?rest_route=%2Fwp%2Fv2%2Ftags&post=1373"}],"curies":[{"name":"wp","href":"https:\/\/api.w.org\/{rel}","templated":true}]}}