{"id":1220,"date":"2011-03-30T18:04:18","date_gmt":"2011-03-30T17:04:18","guid":{"rendered":"http:\/\/www.ostroleka.com.pl\/pzw-narew38\/?p=1220"},"modified":"2015-04-10T21:23:37","modified_gmt":"2015-04-10T19:23:37","slug":"ukleja-dba-o-srodowisko","status":"publish","type":"post","link":"https:\/\/www.pzwnarew.pl\/?p=1220","title":{"rendered":"&#8222;UKLEJA&#8221; DBA O \u015aRODOWISKO"},"content":{"rendered":"<p><span style=\"color: #808000;\">Sekcja W\u0119dkarska \u201eUKLEJA\u201d przy Zak\u0142adzie Poprawczym w Laskowcu<\/span><a href=\"http:\/\/www.ostroleka.com.pl\/pzw-narew38\/wp-content\/uploads\/2011\/04\/BUDKI-L\u0118GOWE-DLA-PTAK\u00d3W-001.jpg\"><img loading=\"lazy\" decoding=\"async\" class=\"alignright wp-image-1221 size-thumbnail\" title=\"BUDKI L\u0118GOWE DLA PTAK\u00d3W 001\" src=\"http:\/\/www.pzwnarew.pl\/wp-content\/uploads\/2011\/04\/BUDKI-L\u0118GOWE-DLA-PTAK\u00d3W-001-150x150.jpg\" alt=\"\" width=\"150\" height=\"150\" \/><\/a> jak co roku dba o nasze \u015brodowisko. M\u0142odzie\u017c bardzo ch\u0119tnie uczestniczy w sprz\u0105taniu brzeg\u00f3w Narwi i nie tylko. W dniu 30.03.2011r. w\u0142asnor\u0119cznie wykonali budki l\u0119gowe dla pak\u00f3w i zawiesi\u0142a je na starorzeczu Narwi na tzw. Kozie w Laskowcu. Dzi\u0119kujemy opiekunowi panu Remigiuszowi Boniewskiemu oraz wychowankom za tak szczytny cel.<\/p>\n<p><!--more--><\/p>\n<p><a href=\"http:\/\/www.ostroleka.com.pl\/pzw-narew38\/wp-content\/uploads\/2011\/04\/BUDKI-L\u0118GOWE-DLA-PTAK\u00d3W-011.jpg\"><img loading=\"lazy\" decoding=\"async\" class=\"alignleft wp-image-1223 size-thumbnail\" title=\"BUDKI L\u0118GOWE DLA PTAK\u00d3W 011\" src=\"http:\/\/www.pzwnarew.pl\/wp-content\/uploads\/2011\/04\/BUDKI-L\u0118GOWE-DLA-PTAK\u00d3W-011-150x150.jpg\" alt=\"\" width=\"150\" height=\"150\" \/><\/a><a href=\"http:\/\/www.ostroleka.com.pl\/pzw-narew38\/wp-content\/uploads\/2011\/04\/BUDKI-L\u0118GOWE-DLA-PTAK\u00d3W-0021.jpg\"><img loading=\"lazy\" decoding=\"async\" class=\"alignright wp-image-1225 size-thumbnail\" title=\"BUDKI L\u0118GOWE DLA PTAK\u00d3W 002\" src=\"http:\/\/www.pzwnarew.pl\/wp-content\/uploads\/2011\/04\/BUDKI-L\u0118GOWE-DLA-PTAK\u00d3W-0021-150x150.jpg\" alt=\"\" width=\"150\" height=\"150\" \/><\/a><a href=\"http:\/\/www.ostroleka.com.pl\/pzw-narew38\/wp-content\/uploads\/2011\/04\/BUDKI-L\u0118GOWE-DLA-PTAK\u00d3W-010.jpg\"><img loading=\"lazy\" decoding=\"async\" class=\"alignleft wp-image-1224 size-thumbnail\" title=\"BUDKI L\u0118GOWE DLA PTAK\u00d3W 010\" src=\"http:\/\/www.pzwnarew.pl\/wp-content\/uploads\/2011\/04\/BUDKI-L\u0118GOWE-DLA-PTAK\u00d3W-010-150x150.jpg\" alt=\"\" width=\"150\" height=\"150\" \/><\/a><\/p>\n<p>Pozdrawiam\u00a0Rafa\u0142 W.<\/p>\n","protected":false},"excerpt":{"rendered":"<p>Sekcja W\u0119dkarska \u201eUKLEJA\u201d przy Zak\u0142adzie Poprawczym w Laskowcu jak co roku dba o nasze \u015brodowisko. M\u0142odzie\u017c bardzo ch\u0119tnie uczestniczy w sprz\u0105taniu brzeg\u00f3w Narwi i nie tylko. W dniu 30.03.2011r. w\u0142asnor\u0119cznie wykonali budki l\u0119gowe dla pak\u00f3w i zawiesi\u0142a je na starorzeczu Narwi na tzw. Kozie w Laskowcu. Dzi\u0119kujemy opiekunowi panu Remigiuszowi Boniewskiemu oraz wychowankom za tak szczytny cel.<\/p>\n","protected":false},"author":2,"featured_media":0,"comment_status":"open","ping_status":"closed","sticky":false,"template":"","format":"standard","meta":{"footnotes":""},"categories":[20,26],"tags":[],"class_list":["post-1220","post","type-post","status-publish","format-standard","hentry","category-newsy","category-mlodzi"],"_links":{"self":[{"href":"https:\/\/www.pzwnarew.pl\/index.php?rest_route=\/wp\/v2\/posts\/1220","targetHints":{"allow":["GET"]}}],"collection":[{"href":"https:\/\/www.pzwnarew.pl\/index.php?rest_route=\/wp\/v2\/posts"}],"about":[{"href":"https:\/\/www.pzwnarew.pl\/index.php?rest_route=\/wp\/v2\/types\/post"}],"author":[{"embeddable":true,"href":"https:\/\/www.pzwnarew.pl\/index.php?rest_route=\/wp\/v2\/users\/2"}],"replies":[{"embeddable":true,"href":"https:\/\/www.pzwnarew.pl\/index.php?rest_route=%2Fwp%2Fv2%2Fcomments&post=1220"}],"version-history":[{"count":6,"href":"https:\/\/www.pzwnarew.pl\/index.php?rest_route=\/wp\/v2\/posts\/1220\/revisions"}],"predecessor-version":[{"id":6091,"href":"https:\/\/www.pzwnarew.pl\/index.php?rest_route=\/wp\/v2\/posts\/1220\/revisions\/6091"}],"wp:attachment":[{"href":"https:\/\/www.pzwnarew.pl\/index.php?rest_route=%2Fwp%2Fv2%2Fmedia&parent=1220"}],"wp:term":[{"taxonomy":"category","embeddable":true,"href":"https:\/\/www.pzwnarew.pl\/index.php?rest_route=%2Fwp%2Fv2%2Fcategories&post=1220"},{"taxonomy":"post_tag","embeddable":true,"href":"https:\/\/www.pzwnarew.pl\/index.php?rest_route=%2Fwp%2Fv2%2Ftags&post=1220"}],"curies":[{"name":"wp","href":"https:\/\/api.w.org\/{rel}","templated":true}]}}