{"id":1157,"date":"2011-03-10T12:46:05","date_gmt":"2011-03-10T11:46:05","guid":{"rendered":"http:\/\/www.ostroleka.com.pl\/pzw-narew38\/?p=1157"},"modified":"2011-04-02T18:55:23","modified_gmt":"2011-04-02T17:55:23","slug":"cieple-zakonczenie-zimy","status":"publish","type":"post","link":"https:\/\/www.pzwnarew.pl\/?p=1157","title":{"rendered":"POGODNE ZAKO\u0143CZENIE ZIMY (SEKCJI W\u0118DKARSKIEJ &#8222;UKLEJA&#8221;)"},"content":{"rendered":"<p><a href=\"http:\/\/www.ostroleka.com.pl\/pzw-narew38\/wp-content\/uploads\/2011\/04\/\u015aNIARDWY-2011-0012.jpg\"><img loading=\"lazy\" decoding=\"async\" class=\"alignleft size-thumbnail wp-image-1158\" title=\"\u015aNIARDWY 2011 001\" src=\"http:\/\/www.ostroleka.com.pl\/pzw-narew38\/wp-content\/uploads\/2011\/04\/\u015aNIARDWY-2011-0012-150x150.jpg\" alt=\"\" width=\"150\" height=\"150\" \/><\/a><\/p>\n<p><span style=\"color: #808000;\">Drugi raz z rz\u0119du w tym roku M\u0142odzie\u017c z \u00a0sekcji w\u0119dkarskiej &#8222;Ukleja&#8221; przy ZP w Laskowcu<\/span>, rozegra\u0142a zawody w\u0119dkarskie metod\u0105 podlodow\u0105. Tym razem zawody doby\u0142y si\u0119 na jeziorze \u015aniardwy<strong> <\/strong>W dniu 10 marca 2011r.<\/p>\n<p><!--more--><\/p>\n<p>\u00a0Pogod\u0105 by\u0142a pi\u0119kna, ciep\u0142a, przez ca\u0142y czas \u015bwieci\u0142o s\u0142o\u0144ce. W zawodach bra\u0142o udzia\u0142 5 wychowank\u00f3w. Bra\u0142y g\u0142\u00f3wnie p\u0142otki, ale zdarza\u0142y si\u0119 i okonie. Pod czujnym okiem Remigiusza Boniewskiego opiekuna sekcji, w zawodach zwyci\u0119\u017cyli:<a href=\"http:\/\/www.ostroleka.com.pl\/pzw-narew38\/wp-content\/uploads\/2011\/04\/\u015aNIARDWY-2011-0022.jpg\"><img loading=\"lazy\" decoding=\"async\" class=\"alignright size-thumbnail wp-image-1159\" title=\"\u015aNIARDWY 2011 002\" src=\"http:\/\/www.ostroleka.com.pl\/pzw-narew38\/wp-content\/uploads\/2011\/04\/\u015aNIARDWY-2011-0022-150x150.jpg\" alt=\"\" width=\"150\" height=\"150\" \/><\/a><\/p>\n<p>1 miejsce Adam D.<br \/>\n2 miejsce Patryk S.<br \/>\n3 miejsce Tomasz R.<span id=\"mce_marker\">\u00a0<\/span><\/p>\n<p class=\"MsoNormal\" style=\"margin: 0cm 0cm 0pt;\"><span style=\"font-family: Arial;\"><span style=\"font-size: small;\"><span style=\"color: #000000;\"><span style=\"mso-spacerun: yes;\">\u00a0<\/span><\/span><\/span><\/span>\u00a0<\/p>\n<p class=\"MsoNormal\" style=\"margin: 0cm 0cm 0pt;\"><span style=\"font-family: Arial;\"><span style=\"font-size: small;\"><span style=\"color: #000000;\"><span style=\"mso-spacerun: yes;\">\u00a0\u00a0\u00a0\u00a0\u00a0\u00a0\u00a0\u00a0\u00a0\u00a0\u00a0\u00a0\u00a0\u00a0\u00a0\u00a0\u00a0\u00a0\u00a0\u00a0\u00a0\u00a0\u00a0\u00a0\u00a0\u00a0\u00a0\u00a0\u00a0\u00a0\u00a0\u00a0\u00a0\u00a0\u00a0\u00a0\u00a0\u00a0\u00a0\u00a0\u00a0\u00a0\u00a0\u00a0\u00a0\u00a0\u00a0\u00a0\u00a0\u00a0\u00a0\u00a0\u00a0\u00a0\u00a0\u00a0\u00a0\u00a0\u00a0\u00a0\u00a0\u00a0\u00a0\u00a0\u00a0<\/span><\/span><\/span><\/span><\/p>\n<p class=\"MsoNormal\" style=\"margin: 0cm 0cm 0pt;\"><span style=\"font-family: Arial;\"><span style=\"font-size: small;\"><span style=\"color: #000000;\"><span style=\"mso-spacerun: yes;\">\u00a0<\/span><\/span><\/span><\/span><\/p>\n<p class=\"MsoNormal\" style=\"margin: 0cm 0cm 0pt;\"><span style=\"font-family: Arial;\"><span style=\"font-size: small;\"><span style=\"color: #000000;\"><span style=\"mso-spacerun: yes;\">\u00a0<\/span><\/span><\/span><\/span><\/p>\n<p class=\"MsoNormal\" style=\"margin: 0cm 0cm 0pt;\"><span style=\"font-family: Arial;\"><span style=\"font-size: small;\"><span style=\"color: #000000;\"><span style=\"mso-spacerun: yes;\">\u00a0\u00a0\u00a0\u00a0\u00a0\u00a0\u00a0\u00a0\u00a0\u00a0\u00a0\u00a0\u00a0\u00a0\u00a0\u00a0\u00a0\u00a0\u00a0\u00a0\u00a0\u00a0\u00a0\u00a0\u00a0\u00a0\u00a0\u00a0\u00a0\u00a0\u00a0\u00a0\u00a0\u00a0\u00a0\u00a0\u00a0\u00a0\u00a0\u00a0\u00a0\u00a0\u00a0\u00a0\u00a0\u00a0\u00a0\u00a0\u00a0\u00a0\u00a0\u00a0\u00a0\u00a0\u00a0\u00a0\u00a0\u00a0\u00a0\u00a0\u00a0\u00a0\u00a0\u00a0\u00a0\u00a0\u00a0\u00a0\u00a0\u00a0\u00a0\u00a0\u00a0\u00a0\u00a0 <\/span><\/span><\/span><\/span><span style=\"font-family: Arial;\"><span style=\"font-size: small;\"><span style=\"color: #000000;\"><span style=\"mso-spacerun: yes;\">\u00a0\u00a0\u00a0Pozdrawiam Rafa\u0142 W.<\/span><\/span><\/span><\/span><\/p>\n","protected":false},"excerpt":{"rendered":"<p>Drugi raz z rz\u0119du w tym roku M\u0142odzie\u017c z \u00a0sekcji w\u0119dkarskiej &#8222;Ukleja&#8221; przy ZP w Laskowcu, rozegra\u0142a zawody w\u0119dkarskie metod\u0105 podlodow\u0105. Tym razem zawody doby\u0142y si\u0119 na jeziorze \u015aniardwy W dniu 10 marca 2011r.<\/p>\n","protected":false},"author":2,"featured_media":0,"comment_status":"open","ping_status":"closed","sticky":false,"template":"","format":"standard","meta":{"footnotes":""},"categories":[20,26],"tags":[],"class_list":["post-1157","post","type-post","status-publish","format-standard","hentry","category-newsy","category-mlodzi"],"_links":{"self":[{"href":"https:\/\/www.pzwnarew.pl\/index.php?rest_route=\/wp\/v2\/posts\/1157","targetHints":{"allow":["GET"]}}],"collection":[{"href":"https:\/\/www.pzwnarew.pl\/index.php?rest_route=\/wp\/v2\/posts"}],"about":[{"href":"https:\/\/www.pzwnarew.pl\/index.php?rest_route=\/wp\/v2\/types\/post"}],"author":[{"embeddable":true,"href":"https:\/\/www.pzwnarew.pl\/index.php?rest_route=\/wp\/v2\/users\/2"}],"replies":[{"embeddable":true,"href":"https:\/\/www.pzwnarew.pl\/index.php?rest_route=%2Fwp%2Fv2%2Fcomments&post=1157"}],"version-history":[{"count":15,"href":"https:\/\/www.pzwnarew.pl\/index.php?rest_route=\/wp\/v2\/posts\/1157\/revisions"}],"predecessor-version":[{"id":1162,"href":"https:\/\/www.pzwnarew.pl\/index.php?rest_route=\/wp\/v2\/posts\/1157\/revisions\/1162"}],"wp:attachment":[{"href":"https:\/\/www.pzwnarew.pl\/index.php?rest_route=%2Fwp%2Fv2%2Fmedia&parent=1157"}],"wp:term":[{"taxonomy":"category","embeddable":true,"href":"https:\/\/www.pzwnarew.pl\/index.php?rest_route=%2Fwp%2Fv2%2Fcategories&post=1157"},{"taxonomy":"post_tag","embeddable":true,"href":"https:\/\/www.pzwnarew.pl\/index.php?rest_route=%2Fwp%2Fv2%2Ftags&post=1157"}],"curies":[{"name":"wp","href":"https:\/\/api.w.org\/{rel}","templated":true}]}}