{"id":1132,"date":"2011-02-03T22:18:55","date_gmt":"2011-02-03T21:18:55","guid":{"rendered":"http:\/\/www.ostroleka.com.pl\/pzw-narew38\/?p=1132"},"modified":"2011-03-30T22:32:10","modified_gmt":"2011-03-30T21:32:10","slug":"zawody-podlodowe-uklei","status":"publish","type":"post","link":"https:\/\/www.pzwnarew.pl\/?p=1132","title":{"rendered":"ZAWODY PODLODOWE &#8222;UKLEI&#8221;"},"content":{"rendered":"<p><a href=\"http:\/\/www.ostroleka.com.pl\/pzw-narew38\/wp-content\/uploads\/2011\/03\/2011_02_03_01.jpg\"><img loading=\"lazy\" decoding=\"async\" class=\"alignleft size-thumbnail wp-image-1133\" title=\"2011_02_03_01\" src=\"http:\/\/www.ostroleka.com.pl\/pzw-narew38\/wp-content\/uploads\/2011\/03\/2011_02_03_01-150x150.jpg\" alt=\"\" width=\"150\" height=\"150\" \/><\/a><strong>W dniu 3 lutego 2011 r. m\u0142odzie\u017c z Sekcji W\u0119dkarskiej &#8222;Ukleja&#8221; z Zak\u0142adu Poprawczego Ministerstwa Sprawiedliwo\u015bci w Laskowcu rozegra\u0142a na zbiorniku Przyborowie \/ Jelonki zawody podlodowe.<\/strong><\/p>\n<p>Pod bacznym okiem m\u0142odzie\u017cowego instruktora w\u0119dkarstwa Remigiusza Boniewskiego m\u0142odzi ch\u0142opcy rozpoznali zasady bezpiecznego przebywania na lodzie oraz wzajemnej asekuracji a nast\u0119pnie odby\u0142y sie zawody w\u0119dkarskie.<!--more--><\/p>\n<p>Ch\u0142opcy starali si\u0119 z\u0142apa\u0107 du\u017ce ryby, bra\u0142y ma\u0142e okonki i p\u0142otki, tylko Damian W. z\u0142apa\u0142 sporego leszczyka.<a href=\"http:\/\/www.ostroleka.com.pl\/pzw-narew38\/wp-content\/uploads\/2011\/03\/2011_02_03_02.jpg\"><img loading=\"lazy\" decoding=\"async\" class=\"alignleft size-thumbnail wp-image-1134\" title=\"2011_02_03_02\" src=\"http:\/\/www.ostroleka.com.pl\/pzw-narew38\/wp-content\/uploads\/2011\/03\/2011_02_03_02-150x150.jpg\" alt=\"\" width=\"150\" height=\"150\" \/><\/a><\/p>\n<p>Dzi\u0119ki sprawnej organizacji s\u0119dziego Andrzeja Raszkiewicza i Sebastiana Bia\u0142czaka uda\u0142o si\u0119 przeprowadzi\u0107 te zawody na \u017cywej rybie. Wszystkie ryby natychmiast po komisyjnych ogl\u0119dzinach wraca\u0142y do wody.<\/p>\n<p><a href=\"http:\/\/www.ostroleka.com.pl\/pzw-narew38\/wp-content\/uploads\/2011\/03\/2011_02_03_03.jpg\"><img loading=\"lazy\" decoding=\"async\" class=\"alignright size-thumbnail wp-image-1135\" title=\"2011_02_03_03\" src=\"http:\/\/www.ostroleka.com.pl\/pzw-narew38\/wp-content\/uploads\/2011\/03\/2011_02_03_03-150x150.jpg\" alt=\"\" width=\"150\" height=\"150\" \/><\/a>Pierwsza tr\u00f3jka zawod\u00f3w to:<br \/>\n1. Damian W. 260 pkt.<br \/>\n2. Grzegorz Cz. 120 pkt.<br \/>\n3. Tomasz R. 80 pkt.<\/p>\n<p>Pomimo \u015bniegu i wiatru uczestnicy zawod\u00f3w zadeklarowali si\u0119 na nast\u0119pny wyjazd na jez. \u015aniardwy, aby sprawdzi\u0107 si\u0119 na tej najwi\u0119kszej w Polsce po\u0142aci lodu.<\/p>\n<p style=\"text-align: center;\"><a href=\"http:\/\/www.ostroleka.com.pl\/gallery_pzw\/thumbnails.php?album=71\" target=\"_blank\">Wi\u0119cej zdj\u0119\u0107 w Galerii &gt;&gt;<\/a><\/p>\n<p style=\"text-align: right;\"><em>Z w\u0119dkarskim pozdrowieniem &#8211; andraszka<\/em><\/p>\n","protected":false},"excerpt":{"rendered":"<p>W dniu 3 lutego 2011 r. m\u0142odzie\u017c z Sekcji W\u0119dkarskiej &#8222;Ukleja&#8221; z Zak\u0142adu Poprawczego Ministerstwa Sprawiedliwo\u015bci w Laskowcu rozegra\u0142a na zbiorniku Przyborowie \/ Jelonki zawody podlodowe. Pod bacznym okiem m\u0142odzie\u017cowego instruktora w\u0119dkarstwa Remigiusza Boniewskiego m\u0142odzi ch\u0142opcy rozpoznali zasady bezpiecznego przebywania na lodzie oraz wzajemnej asekuracji a nast\u0119pnie odby\u0142y sie zawody w\u0119dkarskie.<\/p>\n","protected":false},"author":1,"featured_media":0,"comment_status":"open","ping_status":"closed","sticky":false,"template":"","format":"standard","meta":{"footnotes":""},"categories":[26],"tags":[],"class_list":["post-1132","post","type-post","status-publish","format-standard","hentry","category-mlodzi"],"_links":{"self":[{"href":"https:\/\/www.pzwnarew.pl\/index.php?rest_route=\/wp\/v2\/posts\/1132","targetHints":{"allow":["GET"]}}],"collection":[{"href":"https:\/\/www.pzwnarew.pl\/index.php?rest_route=\/wp\/v2\/posts"}],"about":[{"href":"https:\/\/www.pzwnarew.pl\/index.php?rest_route=\/wp\/v2\/types\/post"}],"author":[{"embeddable":true,"href":"https:\/\/www.pzwnarew.pl\/index.php?rest_route=\/wp\/v2\/users\/1"}],"replies":[{"embeddable":true,"href":"https:\/\/www.pzwnarew.pl\/index.php?rest_route=%2Fwp%2Fv2%2Fcomments&post=1132"}],"version-history":[{"count":7,"href":"https:\/\/www.pzwnarew.pl\/index.php?rest_route=\/wp\/v2\/posts\/1132\/revisions"}],"predecessor-version":[{"id":1138,"href":"https:\/\/www.pzwnarew.pl\/index.php?rest_route=\/wp\/v2\/posts\/1132\/revisions\/1138"}],"wp:attachment":[{"href":"https:\/\/www.pzwnarew.pl\/index.php?rest_route=%2Fwp%2Fv2%2Fmedia&parent=1132"}],"wp:term":[{"taxonomy":"category","embeddable":true,"href":"https:\/\/www.pzwnarew.pl\/index.php?rest_route=%2Fwp%2Fv2%2Fcategories&post=1132"},{"taxonomy":"post_tag","embeddable":true,"href":"https:\/\/www.pzwnarew.pl\/index.php?rest_route=%2Fwp%2Fv2%2Ftags&post=1132"}],"curies":[{"name":"wp","href":"https:\/\/api.w.org\/{rel}","templated":true}]}}