{"id":1116,"date":"2010-06-15T21:49:08","date_gmt":"2010-06-15T20:49:08","guid":{"rendered":"http:\/\/www.ostroleka.com.pl\/pzw-narew38\/?p=1116"},"modified":"2011-03-30T21:58:12","modified_gmt":"2011-03-30T20:58:12","slug":"mlodziez-w-tygodniu-czystosci-wod","status":"publish","type":"post","link":"https:\/\/www.pzwnarew.pl\/?p=1116","title":{"rendered":"M\u0141ODZIE\u017b W TYGODNIU CZYSTO\u015aCI W\u00d3D"},"content":{"rendered":"<p><strong><a href=\"http:\/\/www.ostroleka.com.pl\/pzw-narew38\/wp-content\/uploads\/2011\/03\/2010_06_01.jpg\"><img loading=\"lazy\" decoding=\"async\" class=\"alignleft size-thumbnail wp-image-1117\" title=\"2010_06_01\" src=\"http:\/\/www.ostroleka.com.pl\/pzw-narew38\/wp-content\/uploads\/2011\/03\/2010_06_01-150x150.jpg\" alt=\"\" width=\"150\" height=\"150\" \/><\/a>Drugi raz z rz\u0119du ch\u0142opcy z sekcji m\u0142odzie\u017cowej &#8222;Ukleja&#8221; Zak\u0142adu Poprawczego w Laskowcu pojechali na malownicz\u0105 rzek\u0119 Kruty\u0144 aby sprz\u0105ta\u0107 brzegi tej per\u0142y w\u015br\u00f3d mazurskich rzek. <\/strong><\/p>\n<p>Dyrekcja Mazurskiego Parku Krajobrazowego Dolnej Krutyni jest przychylna tej inicjatywie i ch\u0142opcy po sprz\u0105taniu brzeg\u00f3w mog\u0105 w\u0119dkowa\u0107 w tej pi\u0119knej rybnej rzece.\u00a0<!--more--><\/p>\n<p>Opiekun m\u0142odzie\u017cy Remigiusz Boniewski chce aby takie wyjazdy na sta\u0142e wesz\u0142y do planu dzia\u0142ania Sekcji Ukleja dzia\u0142aj\u0105cej przy Kole nr 38.<a href=\"http:\/\/www.ostroleka.com.pl\/pzw-narew38\/wp-content\/uploads\/2011\/03\/2010_06_03.jpg\"><img loading=\"lazy\" decoding=\"async\" class=\"alignright size-thumbnail wp-image-1119\" title=\"2010_06_03\" src=\"http:\/\/www.ostroleka.com.pl\/pzw-narew38\/wp-content\/uploads\/2011\/03\/2010_06_03-150x150.jpg\" alt=\"\" width=\"150\" height=\"150\" \/><\/a><\/p>\n<p>Niestety nale\u017cy zauwa\u017cy\u0107 , \u017ce tury\u015bci tak\u017ce na Krutyni \u015bmiec\u0105 tak zapami\u0119tale, \u017ce tydzie\u0144 czysto\u015bci w\u00f3d to stanowczo za ma\u0142o dla tej pi\u0119knej rzeki.<a href=\"http:\/\/www.ostroleka.com.pl\/pzw-narew38\/wp-content\/uploads\/2011\/03\/2010_06_02.jpg\"><img loading=\"lazy\" decoding=\"async\" class=\"alignleft size-thumbnail wp-image-1118\" title=\"2010_06_02\" src=\"http:\/\/www.ostroleka.com.pl\/pzw-narew38\/wp-content\/uploads\/2011\/03\/2010_06_02-150x150.jpg\" alt=\"\" width=\"150\" height=\"150\" \/><\/a><\/p>\n","protected":false},"excerpt":{"rendered":"<p>Drugi raz z rz\u0119du ch\u0142opcy z sekcji m\u0142odzie\u017cowej &#8222;Ukleja&#8221; Zak\u0142adu Poprawczego w Laskowcu pojechali na malownicz\u0105 rzek\u0119 Kruty\u0144 aby sprz\u0105ta\u0107 brzegi tej per\u0142y w\u015br\u00f3d mazurskich rzek. Dyrekcja Mazurskiego Parku Krajobrazowego Dolnej Krutyni jest przychylna tej inicjatywie i ch\u0142opcy po sprz\u0105taniu brzeg\u00f3w mog\u0105 w\u0119dkowa\u0107 w tej pi\u0119knej rybnej rzece.\u00a0<\/p>\n","protected":false},"author":1,"featured_media":0,"comment_status":"open","ping_status":"closed","sticky":false,"template":"","format":"standard","meta":{"footnotes":""},"categories":[26],"tags":[],"class_list":["post-1116","post","type-post","status-publish","format-standard","hentry","category-mlodzi"],"_links":{"self":[{"href":"https:\/\/www.pzwnarew.pl\/index.php?rest_route=\/wp\/v2\/posts\/1116","targetHints":{"allow":["GET"]}}],"collection":[{"href":"https:\/\/www.pzwnarew.pl\/index.php?rest_route=\/wp\/v2\/posts"}],"about":[{"href":"https:\/\/www.pzwnarew.pl\/index.php?rest_route=\/wp\/v2\/types\/post"}],"author":[{"embeddable":true,"href":"https:\/\/www.pzwnarew.pl\/index.php?rest_route=\/wp\/v2\/users\/1"}],"replies":[{"embeddable":true,"href":"https:\/\/www.pzwnarew.pl\/index.php?rest_route=%2Fwp%2Fv2%2Fcomments&post=1116"}],"version-history":[{"count":2,"href":"https:\/\/www.pzwnarew.pl\/index.php?rest_route=\/wp\/v2\/posts\/1116\/revisions"}],"predecessor-version":[{"id":1121,"href":"https:\/\/www.pzwnarew.pl\/index.php?rest_route=\/wp\/v2\/posts\/1116\/revisions\/1121"}],"wp:attachment":[{"href":"https:\/\/www.pzwnarew.pl\/index.php?rest_route=%2Fwp%2Fv2%2Fmedia&parent=1116"}],"wp:term":[{"taxonomy":"category","embeddable":true,"href":"https:\/\/www.pzwnarew.pl\/index.php?rest_route=%2Fwp%2Fv2%2Fcategories&post=1116"},{"taxonomy":"post_tag","embeddable":true,"href":"https:\/\/www.pzwnarew.pl\/index.php?rest_route=%2Fwp%2Fv2%2Ftags&post=1116"}],"curies":[{"name":"wp","href":"https:\/\/api.w.org\/{rel}","templated":true}]}}