{"id":1108,"date":"2010-03-19T21:46:53","date_gmt":"2010-03-19T20:46:53","guid":{"rendered":"http:\/\/www.ostroleka.com.pl\/pzw-narew38\/?p=1108"},"modified":"2011-03-30T21:47:13","modified_gmt":"2011-03-30T20:47:13","slug":"pozegnanie-zimy","status":"publish","type":"post","link":"https:\/\/www.pzwnarew.pl\/?p=1108","title":{"rendered":"PO\u017bEGNANIE ZIMY"},"content":{"rendered":"<p><strong><a href=\"http:\/\/www.ostroleka.com.pl\/pzw-narew38\/wp-content\/uploads\/2011\/03\/2010_03_02.jpg\"><img loading=\"lazy\" decoding=\"async\" class=\"alignleft size-thumbnail wp-image-1109\" title=\"2010_03_02\" src=\"http:\/\/www.ostroleka.com.pl\/pzw-narew38\/wp-content\/uploads\/2011\/03\/2010_03_02-150x150.jpg\" alt=\"\" width=\"150\" height=\"150\" \/><\/a>W dniu 19 marca 2010 r. m\u0142odzie\u017c z Zak\u0142adu Poprawczego w Laskowcu wraz z wychowawcami: Remigiuszem Boniewskim i Stanis\u0142awem Majewskim uda\u0142a si\u0119 na zagubione w lasach niedaleko Szczytna jez. G\u0142\u0119boczek.<\/strong><\/p>\n<p><a href=\"http:\/\/www.ostroleka.com.pl\/pzw-narew38\/wp-content\/uploads\/2011\/03\/2010_03_01.jpg\"><img loading=\"lazy\" decoding=\"async\" class=\"alignright size-thumbnail wp-image-1110\" title=\"2010_03_01\" src=\"http:\/\/www.ostroleka.com.pl\/pzw-narew38\/wp-content\/uploads\/2011\/03\/2010_03_01-150x150.jpg\" alt=\"\" width=\"150\" height=\"150\" \/><\/a>W czasie w\u0119dkowania podlodowego rozegrano tradycyjnie ju\u017c mini zawody w kt\u00f3rych zwyci\u0119\u017cy\u0142 Mateusz W.<\/p>\n<p>Ryba bra\u0142a chimerycznie, jak to na ostatnim lodzie ale wra\u017ce\u0144 by\u0142a bardzo du\u017co \u0142\u0105cznie ze kie\u0142basa z zimowego ogniska.<!--more--><\/p>\n<p>Tradycyjnie ju\u017c m\u0142odzie\u017c wysprz\u0105ta\u0142a tereny wok\u00f3\u0142 pola namiotowego na jeziorem oraz zawiesi\u0142a kilka budek l\u0119gowych dla ptak\u00f3w.<\/p>\n<p><a href=\"http:\/\/www.ostroleka.com.pl\/pzw-narew38\/wp-content\/uploads\/2011\/03\/2010_03_04.jpg\"><img loading=\"lazy\" decoding=\"async\" class=\"alignright size-thumbnail wp-image-1111\" title=\"2010_03_04\" src=\"http:\/\/www.ostroleka.com.pl\/pzw-narew38\/wp-content\/uploads\/2011\/03\/2010_03_04-150x150.jpg\" alt=\"\" width=\"150\" height=\"150\" \/><\/a><a href=\"http:\/\/www.ostroleka.com.pl\/pzw-narew38\/wp-content\/uploads\/2011\/03\/2010_03_03.jpg\"><img loading=\"lazy\" decoding=\"async\" class=\"alignleft size-thumbnail wp-image-1112\" title=\"2010_03_03\" src=\"http:\/\/www.ostroleka.com.pl\/pzw-narew38\/wp-content\/uploads\/2011\/03\/2010_03_03-150x150.jpg\" alt=\"\" width=\"150\" height=\"150\" \/><\/a>Pozostaje czeka\u0107 do wiosny kt\u00f3rej nie wida\u0107 na fotografiach marcowo-zimowych<\/p>\n","protected":false},"excerpt":{"rendered":"<p>W dniu 19 marca 2010 r. m\u0142odzie\u017c z Zak\u0142adu Poprawczego w Laskowcu wraz z wychowawcami: Remigiuszem Boniewskim i Stanis\u0142awem Majewskim uda\u0142a si\u0119 na zagubione w lasach niedaleko Szczytna jez. G\u0142\u0119boczek. W czasie w\u0119dkowania podlodowego rozegrano tradycyjnie ju\u017c mini zawody w kt\u00f3rych zwyci\u0119\u017cy\u0142 Mateusz W. Ryba bra\u0142a chimerycznie, jak to na ostatnim lodzie ale wra\u017ce\u0144 by\u0142a bardzo du\u017co \u0142\u0105cznie ze kie\u0142basa z zimowego ogniska.<\/p>\n","protected":false},"author":1,"featured_media":0,"comment_status":"open","ping_status":"closed","sticky":false,"template":"","format":"standard","meta":{"footnotes":""},"categories":[26],"tags":[],"class_list":["post-1108","post","type-post","status-publish","format-standard","hentry","category-mlodzi"],"_links":{"self":[{"href":"https:\/\/www.pzwnarew.pl\/index.php?rest_route=\/wp\/v2\/posts\/1108","targetHints":{"allow":["GET"]}}],"collection":[{"href":"https:\/\/www.pzwnarew.pl\/index.php?rest_route=\/wp\/v2\/posts"}],"about":[{"href":"https:\/\/www.pzwnarew.pl\/index.php?rest_route=\/wp\/v2\/types\/post"}],"author":[{"embeddable":true,"href":"https:\/\/www.pzwnarew.pl\/index.php?rest_route=\/wp\/v2\/users\/1"}],"replies":[{"embeddable":true,"href":"https:\/\/www.pzwnarew.pl\/index.php?rest_route=%2Fwp%2Fv2%2Fcomments&post=1108"}],"version-history":[{"count":3,"href":"https:\/\/www.pzwnarew.pl\/index.php?rest_route=\/wp\/v2\/posts\/1108\/revisions"}],"predecessor-version":[{"id":1115,"href":"https:\/\/www.pzwnarew.pl\/index.php?rest_route=\/wp\/v2\/posts\/1108\/revisions\/1115"}],"wp:attachment":[{"href":"https:\/\/www.pzwnarew.pl\/index.php?rest_route=%2Fwp%2Fv2%2Fmedia&parent=1108"}],"wp:term":[{"taxonomy":"category","embeddable":true,"href":"https:\/\/www.pzwnarew.pl\/index.php?rest_route=%2Fwp%2Fv2%2Fcategories&post=1108"},{"taxonomy":"post_tag","embeddable":true,"href":"https:\/\/www.pzwnarew.pl\/index.php?rest_route=%2Fwp%2Fv2%2Ftags&post=1108"}],"curies":[{"name":"wp","href":"https:\/\/api.w.org\/{rel}","templated":true}]}}