{"id":1102,"date":"2009-09-28T21:39:22","date_gmt":"2009-09-28T20:39:22","guid":{"rendered":"http:\/\/www.ostroleka.com.pl\/pzw-narew38\/?p=1102"},"modified":"2011-03-30T21:39:43","modified_gmt":"2011-03-30T20:39:43","slug":"jazgarzowy-wykrot","status":"publish","type":"post","link":"https:\/\/www.pzwnarew.pl\/?p=1102","title":{"rendered":"Jazgarzowy Wykrot"},"content":{"rendered":"<p><strong><a href=\"http:\/\/www.ostroleka.com.pl\/pzw-narew38\/wp-content\/uploads\/2011\/03\/2009_09_28_03.jpg\"><img loading=\"lazy\" decoding=\"async\" class=\"alignright size-thumbnail wp-image-1103\" title=\"2009_09_28_03\" src=\"http:\/\/www.ostroleka.com.pl\/pzw-narew38\/wp-content\/uploads\/2011\/03\/2009_09_28_03-150x150.jpg\" alt=\"\" width=\"150\" height=\"150\" \/><\/a>W dniu 28.09.2009 r. m\u0142odzie\u017c z Sekcji &#8222;Ukleja&#8221; rywalizowa\u0142a na Zalewie Wykrot. <\/strong><br \/>\n<strong>Pogoda by\u0142a super. Gorzej z efektami.<\/strong><\/p>\n<p>Zupe\u0142nie nie bra\u0142y okonie, p\u0142ocie&#8230;<\/p>\n<p>Ch\u0142opcy z\u0142owili za to du\u017c\u0105 ilo\u015b\u0107 do\u015b\u0107 sporych jazgarzy. Oczywi\u015bcie nie zamierzali ich wypuszcza\u0107.<!--more--><\/p>\n<p>Przywie\u017ali je na zapowiedzian\u0105 rybn\u0105 uczt\u0119 w grupie tzw. &#8222;ucha-rybia zupa&#8221;.\u00a0\u00a0<\/p>\n<p><a href=\"http:\/\/www.ostroleka.com.pl\/pzw-narew38\/wp-content\/uploads\/2011\/03\/2009_09_28_02.jpg\"><img loading=\"lazy\" decoding=\"async\" class=\"size-thumbnail wp-image-1105 alignright\" title=\"2009_09_28_02\" src=\"http:\/\/www.ostroleka.com.pl\/pzw-narew38\/wp-content\/uploads\/2011\/03\/2009_09_28_02-150x150.jpg\" alt=\"\" width=\"150\" height=\"150\" \/><\/a><a href=\"http:\/\/www.ostroleka.com.pl\/pzw-narew38\/wp-content\/uploads\/2011\/03\/2009_09_28_01.jpg\"><img loading=\"lazy\" decoding=\"async\" class=\"alignleft size-thumbnail wp-image-1104\" title=\"2009_09_28_01\" src=\"http:\/\/www.ostroleka.com.pl\/pzw-narew38\/wp-content\/uploads\/2011\/03\/2009_09_28_01-150x150.jpg\" alt=\"\" width=\"150\" height=\"150\" \/><\/a>Zwyci\u0119zcami zawod\u00f3w zostali: Mateusz Wagner oraz Piotrek Zalewski. Pozostali wychowankowie mogli pochwali\u0107 si\u0119 nieco skromniejszymi efektami.<\/p>\n<p>Pozdrawiam Reniek<\/p>\n","protected":false},"excerpt":{"rendered":"<p>W dniu 28.09.2009 r. m\u0142odzie\u017c z Sekcji &#8222;Ukleja&#8221; rywalizowa\u0142a na Zalewie Wykrot. Pogoda by\u0142a super. Gorzej z efektami. Zupe\u0142nie nie bra\u0142y okonie, p\u0142ocie&#8230; Ch\u0142opcy z\u0142owili za to du\u017c\u0105 ilo\u015b\u0107 do\u015b\u0107 sporych jazgarzy. Oczywi\u015bcie nie zamierzali ich wypuszcza\u0107.<\/p>\n","protected":false},"author":1,"featured_media":0,"comment_status":"open","ping_status":"closed","sticky":false,"template":"","format":"standard","meta":{"footnotes":""},"categories":[26],"tags":[],"class_list":["post-1102","post","type-post","status-publish","format-standard","hentry","category-mlodzi"],"_links":{"self":[{"href":"https:\/\/www.pzwnarew.pl\/index.php?rest_route=\/wp\/v2\/posts\/1102","targetHints":{"allow":["GET"]}}],"collection":[{"href":"https:\/\/www.pzwnarew.pl\/index.php?rest_route=\/wp\/v2\/posts"}],"about":[{"href":"https:\/\/www.pzwnarew.pl\/index.php?rest_route=\/wp\/v2\/types\/post"}],"author":[{"embeddable":true,"href":"https:\/\/www.pzwnarew.pl\/index.php?rest_route=\/wp\/v2\/users\/1"}],"replies":[{"embeddable":true,"href":"https:\/\/www.pzwnarew.pl\/index.php?rest_route=%2Fwp%2Fv2%2Fcomments&post=1102"}],"version-history":[{"count":2,"href":"https:\/\/www.pzwnarew.pl\/index.php?rest_route=\/wp\/v2\/posts\/1102\/revisions"}],"predecessor-version":[{"id":1107,"href":"https:\/\/www.pzwnarew.pl\/index.php?rest_route=\/wp\/v2\/posts\/1102\/revisions\/1107"}],"wp:attachment":[{"href":"https:\/\/www.pzwnarew.pl\/index.php?rest_route=%2Fwp%2Fv2%2Fmedia&parent=1102"}],"wp:term":[{"taxonomy":"category","embeddable":true,"href":"https:\/\/www.pzwnarew.pl\/index.php?rest_route=%2Fwp%2Fv2%2Fcategories&post=1102"},{"taxonomy":"post_tag","embeddable":true,"href":"https:\/\/www.pzwnarew.pl\/index.php?rest_route=%2Fwp%2Fv2%2Ftags&post=1102"}],"curies":[{"name":"wp","href":"https:\/\/api.w.org\/{rel}","templated":true}]}}