{"id":1092,"date":"2009-09-18T21:26:20","date_gmt":"2009-09-18T20:26:20","guid":{"rendered":"http:\/\/www.ostroleka.com.pl\/pzw-narew38\/?p=1092"},"modified":"2011-03-30T21:30:39","modified_gmt":"2011-03-30T20:30:39","slug":"mlodziez-sprzata-kurpiowski-swiat","status":"publish","type":"post","link":"https:\/\/www.pzwnarew.pl\/?p=1092","title":{"rendered":"M\u0142odzie\u017c sprz\u0105ta &#8222;kurpiowski&#8221; \u015bwiat"},"content":{"rendered":"<p><strong><a href=\"http:\/\/www.ostroleka.com.pl\/pzw-narew38\/wp-content\/uploads\/2011\/03\/2009_09_18_01.jpg\"><img loading=\"lazy\" decoding=\"async\" class=\"alignright size-thumbnail wp-image-1093\" title=\"2009_09_18_01\" src=\"http:\/\/www.ostroleka.com.pl\/pzw-narew38\/wp-content\/uploads\/2011\/03\/2009_09_18_01-150x150.jpg\" alt=\"\" width=\"150\" height=\"150\" \/><\/a>W dniu 18 wrze\u015bnia 2009 r. m\u0142odzie\u017c z Sekcji W\u0119dkarskiej &#8222;Ukleja&#8221; przy Zak\u0142adzie Poprawczym w Laskowcu pod opiek\u0105 instruktora w\u0119dkarstwa Remigiusza Boniewskiego Razem z w\u0119dkarzami z ko\u0142a &#8222;Narew&#8221; sprz\u0105ta\u0142a tereny nabrze\u017cne Narwi na odcinku od &#8222;Starej pla\u017cy&#8221; do portu rzecznego.<\/strong><\/p>\n<p><!--more-->Nie tylko my w\u0119dkarze ale i m\u0142odzie\u017c by\u0142a przera\u017cona Ilo\u015bciami \u015bmieci pozostawionymi przez osoby korzystaj\u0105ce z rzeki ( niestety najcz\u0119\u015bciej s\u0105 to sami w\u0119dkarze&#8221;).<br \/>\nPo zako\u0144czeniu akcji w czasie kt\u00f3rej zebrano oko\u0142o p\u00f3\u0142 tony \u015bmieci Remigiusz Boniewski stwierdzi\u0142, \u017ce niekt\u00f3rych \u015bmieciarzy nale\u017ca\u0142oby podda\u0107 intensywnej resocjalizacji za za\u015bmiecanie.<\/p>\n<p style=\"text-align: center;\"><em><a href=\"http:\/\/www.ostroleka.com.pl\/pzw-narew38\/wp-content\/uploads\/2011\/03\/2009_09_18_03.jpg\"><img loading=\"lazy\" decoding=\"async\" class=\"size-thumbnail wp-image-1095 alignnone\" title=\"2009_09_18_03\" src=\"http:\/\/www.ostroleka.com.pl\/pzw-narew38\/wp-content\/uploads\/2011\/03\/2009_09_18_03-150x150.jpg\" alt=\"\" width=\"150\" height=\"150\" \/><\/a>\u00a0\u00a0\u00a0\u00a0 <a href=\"http:\/\/www.ostroleka.com.pl\/pzw-narew38\/wp-content\/uploads\/2011\/03\/2009_09_18_02.jpg\"><img loading=\"lazy\" decoding=\"async\" class=\"size-thumbnail wp-image-1094 alignnone\" title=\"2009_09_18_02\" src=\"http:\/\/www.ostroleka.com.pl\/pzw-narew38\/wp-content\/uploads\/2011\/03\/2009_09_18_02-150x150.jpg\" alt=\"\" width=\"150\" height=\"150\" \/><\/a><\/em><em>\u00a0\u00a0\u00a0 andraszoka<\/em><\/p>\n","protected":false},"excerpt":{"rendered":"<p>W dniu 18 wrze\u015bnia 2009 r. m\u0142odzie\u017c z Sekcji W\u0119dkarskiej &#8222;Ukleja&#8221; przy Zak\u0142adzie Poprawczym w Laskowcu pod opiek\u0105 instruktora w\u0119dkarstwa Remigiusza Boniewskiego Razem z w\u0119dkarzami z ko\u0142a &#8222;Narew&#8221; sprz\u0105ta\u0142a tereny nabrze\u017cne Narwi na odcinku od &#8222;Starej pla\u017cy&#8221; do portu rzecznego.<\/p>\n","protected":false},"author":1,"featured_media":0,"comment_status":"open","ping_status":"closed","sticky":false,"template":"","format":"standard","meta":{"footnotes":""},"categories":[26],"tags":[],"class_list":["post-1092","post","type-post","status-publish","format-standard","hentry","category-mlodzi"],"_links":{"self":[{"href":"https:\/\/www.pzwnarew.pl\/index.php?rest_route=\/wp\/v2\/posts\/1092","targetHints":{"allow":["GET"]}}],"collection":[{"href":"https:\/\/www.pzwnarew.pl\/index.php?rest_route=\/wp\/v2\/posts"}],"about":[{"href":"https:\/\/www.pzwnarew.pl\/index.php?rest_route=\/wp\/v2\/types\/post"}],"author":[{"embeddable":true,"href":"https:\/\/www.pzwnarew.pl\/index.php?rest_route=\/wp\/v2\/users\/1"}],"replies":[{"embeddable":true,"href":"https:\/\/www.pzwnarew.pl\/index.php?rest_route=%2Fwp%2Fv2%2Fcomments&post=1092"}],"version-history":[{"count":6,"href":"https:\/\/www.pzwnarew.pl\/index.php?rest_route=\/wp\/v2\/posts\/1092\/revisions"}],"predecessor-version":[{"id":1099,"href":"https:\/\/www.pzwnarew.pl\/index.php?rest_route=\/wp\/v2\/posts\/1092\/revisions\/1099"}],"wp:attachment":[{"href":"https:\/\/www.pzwnarew.pl\/index.php?rest_route=%2Fwp%2Fv2%2Fmedia&parent=1092"}],"wp:term":[{"taxonomy":"category","embeddable":true,"href":"https:\/\/www.pzwnarew.pl\/index.php?rest_route=%2Fwp%2Fv2%2Fcategories&post=1092"},{"taxonomy":"post_tag","embeddable":true,"href":"https:\/\/www.pzwnarew.pl\/index.php?rest_route=%2Fwp%2Fv2%2Ftags&post=1092"}],"curies":[{"name":"wp","href":"https:\/\/api.w.org\/{rel}","templated":true}]}}