{"id":1085,"date":"2009-06-01T21:11:24","date_gmt":"2009-06-01T20:11:24","guid":{"rendered":"http:\/\/www.ostroleka.com.pl\/pzw-narew38\/?p=1085"},"modified":"2011-03-30T21:11:41","modified_gmt":"2011-03-30T20:11:41","slug":"zawody-mlodziezowki","status":"publish","type":"post","link":"https:\/\/www.pzwnarew.pl\/?p=1085","title":{"rendered":"ZAWODY M\u0141ODZIE\u017b\u00d3WKI"},"content":{"rendered":"<p><strong><a href=\"http:\/\/www.ostroleka.com.pl\/pzw-narew38\/wp-content\/uploads\/2011\/03\/krutynia_2009_06_01.jpg\"><img loading=\"lazy\" decoding=\"async\" class=\"alignleft size-thumbnail wp-image-1086\" title=\"krutynia_2009_06_01\" src=\"http:\/\/www.ostroleka.com.pl\/pzw-narew38\/wp-content\/uploads\/2011\/03\/krutynia_2009_06_01-150x150.jpg\" alt=\"\" width=\"150\" height=\"150\" \/><\/a>W dniu 01 czerwca 2009 r. a wi\u0119c w Dniu Dziecka, Remigiusz Boniewski<\/strong><br \/>\n<strong>opiekun sekcji w\u0119dkarskiej &#8222;Ukleja&#8221; przy ZP w Laskowcu, zorganizowa\u0142 wyjazd nad rzek\u0119 Kruty\u0144.<\/strong><\/p>\n<p>M\u0142odzie\u017c wzi\u0119\u0142a udzia\u0142 w zawodach sp\u0142awikowych pod bacznym okiem swojego instruktora. M\u0142odzi w\u0119dkarze opr\u00f3cz p\u0142otek z\u0142apali kilka leszczy, kt\u00f3re pozwoli\u0142y uplasowa\u0107 im si\u0119 w pierwszej tr\u00f3jce.<br \/>\nZwyci\u0119zcy to: Go\u0142\u0119biewski Daniel, Wagner Mateusz i Raszka Patryk.<!--more--><\/p>\n<p><a href=\"http:\/\/www.ostroleka.com.pl\/pzw-narew38\/wp-content\/uploads\/2011\/03\/krutynia_2009_06_02.jpg\"><img loading=\"lazy\" decoding=\"async\" class=\"alignleft size-thumbnail wp-image-1087\" title=\"krutynia_2009_06_02\" src=\"http:\/\/www.ostroleka.com.pl\/pzw-narew38\/wp-content\/uploads\/2011\/03\/krutynia_2009_06_02-150x150.jpg\" alt=\"\" width=\"150\" height=\"150\" \/><\/a><a href=\"http:\/\/www.ostroleka.com.pl\/pzw-narew38\/wp-content\/uploads\/2011\/03\/krutynia_2009_06_03.jpg\"><img loading=\"lazy\" decoding=\"async\" class=\"alignright size-thumbnail wp-image-1088\" title=\"krutynia_2009_06_03\" src=\"http:\/\/www.ostroleka.com.pl\/pzw-narew38\/wp-content\/uploads\/2011\/03\/krutynia_2009_06_03-150x150.jpg\" alt=\"\" width=\"150\" height=\"150\" \/><\/a>Po zako\u0144czeniu w\u0119dkowania m\u0142odzie\u017c starym zwyczajem wysprz\u0105ta\u0142a brzegi Krutyni ze \u015bmieci, kt\u00f3re tu podobno same rosn\u0105.<\/p>\n<p>Zarz\u0105d Ko\u0142a &#8222;Narew&#8221; ufundowa\u0142 zwyci\u0119zcom statuetki i pami\u0105tkowe dyplomy.<\/p>\n","protected":false},"excerpt":{"rendered":"<p>W dniu 01 czerwca 2009 r. a wi\u0119c w Dniu Dziecka, Remigiusz Boniewski opiekun sekcji w\u0119dkarskiej &#8222;Ukleja&#8221; przy ZP w Laskowcu, zorganizowa\u0142 wyjazd nad rzek\u0119 Kruty\u0144. M\u0142odzie\u017c wzi\u0119\u0142a udzia\u0142 w zawodach sp\u0142awikowych pod bacznym okiem swojego instruktora. M\u0142odzi w\u0119dkarze opr\u00f3cz p\u0142otek z\u0142apali kilka leszczy, kt\u00f3re pozwoli\u0142y uplasowa\u0107 im si\u0119 w pierwszej tr\u00f3jce. Zwyci\u0119zcy to: Go\u0142\u0119biewski Daniel, Wagner Mateusz i Raszka Patryk.<\/p>\n","protected":false},"author":1,"featured_media":0,"comment_status":"open","ping_status":"closed","sticky":false,"template":"","format":"standard","meta":{"footnotes":""},"categories":[26],"tags":[],"class_list":["post-1085","post","type-post","status-publish","format-standard","hentry","category-mlodzi"],"_links":{"self":[{"href":"https:\/\/www.pzwnarew.pl\/index.php?rest_route=\/wp\/v2\/posts\/1085","targetHints":{"allow":["GET"]}}],"collection":[{"href":"https:\/\/www.pzwnarew.pl\/index.php?rest_route=\/wp\/v2\/posts"}],"about":[{"href":"https:\/\/www.pzwnarew.pl\/index.php?rest_route=\/wp\/v2\/types\/post"}],"author":[{"embeddable":true,"href":"https:\/\/www.pzwnarew.pl\/index.php?rest_route=\/wp\/v2\/users\/1"}],"replies":[{"embeddable":true,"href":"https:\/\/www.pzwnarew.pl\/index.php?rest_route=%2Fwp%2Fv2%2Fcomments&post=1085"}],"version-history":[{"count":3,"href":"https:\/\/www.pzwnarew.pl\/index.php?rest_route=\/wp\/v2\/posts\/1085\/revisions"}],"predecessor-version":[{"id":1091,"href":"https:\/\/www.pzwnarew.pl\/index.php?rest_route=\/wp\/v2\/posts\/1085\/revisions\/1091"}],"wp:attachment":[{"href":"https:\/\/www.pzwnarew.pl\/index.php?rest_route=%2Fwp%2Fv2%2Fmedia&parent=1085"}],"wp:term":[{"taxonomy":"category","embeddable":true,"href":"https:\/\/www.pzwnarew.pl\/index.php?rest_route=%2Fwp%2Fv2%2Fcategories&post=1085"},{"taxonomy":"post_tag","embeddable":true,"href":"https:\/\/www.pzwnarew.pl\/index.php?rest_route=%2Fwp%2Fv2%2Ftags&post=1085"}],"curies":[{"name":"wp","href":"https:\/\/api.w.org\/{rel}","templated":true}]}}