{"id":1077,"date":"2009-04-29T20:39:10","date_gmt":"2009-04-29T19:39:10","guid":{"rendered":"http:\/\/www.ostroleka.com.pl\/pzw-narew38\/?p=1077"},"modified":"2011-03-30T21:04:50","modified_gmt":"2011-03-30T20:04:50","slug":"tydzien-czystosci-wod","status":"publish","type":"post","link":"https:\/\/www.pzwnarew.pl\/?p=1077","title":{"rendered":"TYDZIE\u0143 CZYSTO\u015aCI W\u00d3D"},"content":{"rendered":"<p><strong><a href=\"http:\/\/www.ostroleka.com.pl\/pzw-narew38\/wp-content\/uploads\/2011\/03\/krutynia_2009_04_1.jpg\"><img loading=\"lazy\" decoding=\"async\" class=\"alignleft size-thumbnail wp-image-1078\" title=\"krutynia_2009_04_1\" src=\"http:\/\/www.ostroleka.com.pl\/pzw-narew38\/wp-content\/uploads\/2011\/03\/krutynia_2009_04_1-150x150.jpg\" alt=\"\" width=\"150\" height=\"150\" \/><\/a>M\u0142odzie\u017c z Sekcji W\u0119dkarskiej &#8222;Ukleja&#8221; przy ZP w Laskowcu pod okiem M\u0142odzie\u017cowego Instruktora W\u0119dkarstwa Remigiusza Boniewskiego uda\u0142a si\u0119 29 kwietnia 2009 r. nad pi\u0119kn\u0105 mazursk\u0105 rzek\u0119 &#8211; Krutyni\u0119.<\/strong><br \/>\nPrzyjechali tutaj pow\u0119dkowa\u0107&#8230; ale nie tylko. Tradycj\u0105 jest, \u017ce m\u0142odzie\u017c z Sekcji W\u0119dkarskiej &#8222;Ukleja&#8221; przy ZP w Laskowcu\u00a0 \u0142\u0105czy przyjemne z po\u017cytecznym. Ka\u017cdy z takich &#8222;wypad\u00f3w&#8221; ko\u0144czy si\u0119 ze sprz\u0105taniem brzeg\u00f3w \u0142owiska.<!--more--><\/p>\n<p><a href=\"http:\/\/www.ostroleka.com.pl\/pzw-narew38\/wp-content\/uploads\/2011\/03\/krutynia_2009_04_2.jpg\"><img loading=\"lazy\" decoding=\"async\" class=\"alignleft size-thumbnail wp-image-1079\" title=\"krutynia_2009_04_2\" src=\"http:\/\/www.ostroleka.com.pl\/pzw-narew38\/wp-content\/uploads\/2011\/03\/krutynia_2009_04_2-150x150.jpg\" alt=\"\" width=\"150\" height=\"150\" \/><\/a>Pomimo, \u017ce jest to pocz\u0105tek sezonu (kwiecie\u0144), \u015bmieci nad rzek\u0105 jest wiele i ci\u0105gle przybywa. S\u0105 to niechlubne \u015blady po w\u0119dkarzach i po turystach. Ch\u0142opcy z sekcji &#8222;Ukleja&#8221; przyzwyczajeni do sprz\u0105tania nie mog\u0105 zrozumie\u0107 dlaczego tak si\u0119 dzieje, \u017ce na ka\u017cdym wyje\u017adzie zbieraj\u0105 pe\u0142ne worki \u015bmieci.<a href=\"http:\/\/www.ostroleka.com.pl\/pzw-narew38\/wp-content\/uploads\/2011\/03\/krutynia_2009_04_3.jpg\"><img loading=\"lazy\" decoding=\"async\" class=\"alignright size-thumbnail wp-image-1080\" title=\"krutynia_2009_04_3\" src=\"http:\/\/www.ostroleka.com.pl\/pzw-narew38\/wp-content\/uploads\/2011\/03\/krutynia_2009_04_3-150x150.jpg\" alt=\"\" width=\"150\" height=\"150\" \/><\/a><\/p>\n<p>Tydzie\u0144 czysto\u015bci w\u00f3d powinien trwa\u0107 ca\u0142y rok aby mo\u017cna by\u0142o cieszy\u0107 si\u0119 pi\u0119knem krajobraz\u00f3w, czysto\u015bci\u0105 w\u00f3d i \u015bwie\u017cym powietrzem.<\/p>\n<p>Maj\u0105 nadziej\u0119, \u017ce przyjdzie czas opami\u0119tania&#8230; i czekaj\u0105 na taki dzie\u0144, w kt\u00f3ry powr\u00f3c\u0105 z \u0142owiska z pustymi workami &#8211; bez \u015bmieci.<\/p>\n","protected":false},"excerpt":{"rendered":"<p>M\u0142odzie\u017c z Sekcji W\u0119dkarskiej &#8222;Ukleja&#8221; przy ZP w Laskowcu pod okiem M\u0142odzie\u017cowego Instruktora W\u0119dkarstwa Remigiusza Boniewskiego uda\u0142a si\u0119 29 kwietnia 2009 r. nad pi\u0119kn\u0105 mazursk\u0105 rzek\u0119 &#8211; Krutyni\u0119. Przyjechali tutaj pow\u0119dkowa\u0107&#8230; ale nie tylko. Tradycj\u0105 jest, \u017ce m\u0142odzie\u017c z Sekcji W\u0119dkarskiej &#8222;Ukleja&#8221; przy ZP w Laskowcu\u00a0 \u0142\u0105czy przyjemne z po\u017cytecznym. Ka\u017cdy z takich &#8222;wypad\u00f3w&#8221; ko\u0144czy si\u0119 ze sprz\u0105taniem brzeg\u00f3w \u0142owiska.<\/p>\n","protected":false},"author":1,"featured_media":0,"comment_status":"open","ping_status":"closed","sticky":false,"template":"","format":"standard","meta":{"footnotes":""},"categories":[26],"tags":[],"class_list":["post-1077","post","type-post","status-publish","format-standard","hentry","category-mlodzi"],"_links":{"self":[{"href":"https:\/\/www.pzwnarew.pl\/index.php?rest_route=\/wp\/v2\/posts\/1077","targetHints":{"allow":["GET"]}}],"collection":[{"href":"https:\/\/www.pzwnarew.pl\/index.php?rest_route=\/wp\/v2\/posts"}],"about":[{"href":"https:\/\/www.pzwnarew.pl\/index.php?rest_route=\/wp\/v2\/types\/post"}],"author":[{"embeddable":true,"href":"https:\/\/www.pzwnarew.pl\/index.php?rest_route=\/wp\/v2\/users\/1"}],"replies":[{"embeddable":true,"href":"https:\/\/www.pzwnarew.pl\/index.php?rest_route=%2Fwp%2Fv2%2Fcomments&post=1077"}],"version-history":[{"count":3,"href":"https:\/\/www.pzwnarew.pl\/index.php?rest_route=\/wp\/v2\/posts\/1077\/revisions"}],"predecessor-version":[{"id":1084,"href":"https:\/\/www.pzwnarew.pl\/index.php?rest_route=\/wp\/v2\/posts\/1077\/revisions\/1084"}],"wp:attachment":[{"href":"https:\/\/www.pzwnarew.pl\/index.php?rest_route=%2Fwp%2Fv2%2Fmedia&parent=1077"}],"wp:term":[{"taxonomy":"category","embeddable":true,"href":"https:\/\/www.pzwnarew.pl\/index.php?rest_route=%2Fwp%2Fv2%2Fcategories&post=1077"},{"taxonomy":"post_tag","embeddable":true,"href":"https:\/\/www.pzwnarew.pl\/index.php?rest_route=%2Fwp%2Fv2%2Ftags&post=1077"}],"curies":[{"name":"wp","href":"https:\/\/api.w.org\/{rel}","templated":true}]}}