{"id":1064,"date":"2011-03-30T20:19:11","date_gmt":"2011-03-30T19:19:11","guid":{"rendered":"http:\/\/www.ostroleka.com.pl\/pzw-narew38\/?p=1064"},"modified":"2015-03-13T22:52:26","modified_gmt":"2015-03-13T21:52:26","slug":"straznicy-s-s-ryb-grupa-nr-38-umundurowani","status":"publish","type":"post","link":"https:\/\/www.pzwnarew.pl\/?p=1064","title":{"rendered":"STRA\u017bNICY S.S.RYB. GRUPA NR 38 &#8211; UMUNDUROWANI"},"content":{"rendered":"<p><strong><a href=\"http:\/\/www.ostroleka.com.pl\/pzw-narew38\/wp-content\/uploads\/2011\/03\/straznicy_001.jpg\"><img loading=\"lazy\" decoding=\"async\" class=\"alignleft wp-image-1066 size-thumbnail\" title=\"straznicy_001\" src=\"http:\/\/www.pzwnarew.pl\/wp-content\/uploads\/2011\/03\/straznicy_001-150x150.jpg\" alt=\"\" width=\"150\" height=\"150\" \/><\/a><span style=\"color: #808000;\">Stra\u017cnicy Spo\u0142ecznej Stra\u017cy Rybackiej Grupa nr 38 od tego sezony b\u0119d\u0105 umundurowani.<\/span><a href=\"http:\/\/www.ostroleka.com.pl\/pzw-narew38\/wp-content\/uploads\/2011\/03\/straznicy_002.jpg\"><img loading=\"lazy\" decoding=\"async\" class=\"alignright wp-image-1067 size-thumbnail\" title=\"straznicy_002\" src=\"http:\/\/www.pzwnarew.pl\/wp-content\/uploads\/2011\/03\/straznicy_002-150x150.jpg\" alt=\"\" width=\"150\" height=\"150\" \/><\/a><\/strong><\/p>\n<p>Sukcesywnie wszyscy stra\u017cnicy zostan\u0105 doposa\u017ceni w mundury wg wzoru jak na fotografiach.<br \/>\nStra\u017cnik ubrany jest w zielony polar a na nim na\u0142o\u017cony jest czarny ocieplacz z nast\u0119puj\u0105cymi napisami:\u00a0<!--more--><\/p>\n<ul>\n<li>na przedzie po lewej stronie \u017c\u00f3\u0142ty napis &#8222;Spo\u0142eczna Stra\u017c Rybacka&#8221;<\/li>\n<li>na plecach du\u017cy napis \u017c\u00f3\u0142tymi literami &#8222;PZW NAREW-38 OSTRO\u0141\u0118KA&#8221;.<\/li>\n<\/ul>\n<p>Stra\u017cnicy poruszaj\u0105 si\u0119 na pieszo wzd\u0142u\u017c brzeg\u00f3w lub p\u0142ywaj\u0105 bia\u0142o-czerwon\u0105 motor\u00f3wka typu &#8222;Cameo&#8221;\u00a0 lub bia\u0142o-zielon\u0105 typu &#8222;Romana&#8221;.<\/p>\n<p>Przypominamy, \u017ce zgodnie z Ustaw\u0105 o Rybactwie \u015ar\u00f3dl\u0105dowym ka\u017cdy w\u0119dkarz obowi\u0105zany jest na \u017c\u0105danie stra\u017cnika okaza\u0107 kart\u0119 w\u0119dkarsk\u0105, legitymacje cz\u0142onkowsk\u0105 z aktualnymi znakami PZW na 2011 rok oraz zezwolenie do w\u0119dkowania z rejestrem po\u0142ow\u00f3w.<br \/>\nStra\u017cnicy sprawdzaj\u0105 sprz\u0119t w\u0119dkarza, z\u0142owione ryby ich w\u0142a\u015bciwe przetrzymywanie, wymiary i okresy ochronne.<\/p>\n<p style=\"text-align: right;\"><em>andraszoka<\/em><\/p>\n","protected":false},"excerpt":{"rendered":"<p>Stra\u017cnicy Spo\u0142ecznej Stra\u017cy Rybackiej Grupa nr 38 od tego sezony b\u0119d\u0105 umundurowani. Sukcesywnie wszyscy stra\u017cnicy zostan\u0105 doposa\u017ceni w mundury wg wzoru jak na fotografiach. Stra\u017cnik ubrany jest w zielony polar a na nim na\u0142o\u017cony jest czarny ocieplacz z nast\u0119puj\u0105cymi napisami:\u00a0<\/p>\n","protected":false},"author":1,"featured_media":0,"comment_status":"open","ping_status":"closed","sticky":false,"template":"","format":"standard","meta":{"footnotes":""},"categories":[20,24],"tags":[],"class_list":["post-1064","post","type-post","status-publish","format-standard","hentry","category-newsy","category-ochrona-wod"],"_links":{"self":[{"href":"https:\/\/www.pzwnarew.pl\/index.php?rest_route=\/wp\/v2\/posts\/1064","targetHints":{"allow":["GET"]}}],"collection":[{"href":"https:\/\/www.pzwnarew.pl\/index.php?rest_route=\/wp\/v2\/posts"}],"about":[{"href":"https:\/\/www.pzwnarew.pl\/index.php?rest_route=\/wp\/v2\/types\/post"}],"author":[{"embeddable":true,"href":"https:\/\/www.pzwnarew.pl\/index.php?rest_route=\/wp\/v2\/users\/1"}],"replies":[{"embeddable":true,"href":"https:\/\/www.pzwnarew.pl\/index.php?rest_route=%2Fwp%2Fv2%2Fcomments&post=1064"}],"version-history":[{"count":11,"href":"https:\/\/www.pzwnarew.pl\/index.php?rest_route=\/wp\/v2\/posts\/1064\/revisions"}],"predecessor-version":[{"id":5986,"href":"https:\/\/www.pzwnarew.pl\/index.php?rest_route=\/wp\/v2\/posts\/1064\/revisions\/5986"}],"wp:attachment":[{"href":"https:\/\/www.pzwnarew.pl\/index.php?rest_route=%2Fwp%2Fv2%2Fmedia&parent=1064"}],"wp:term":[{"taxonomy":"category","embeddable":true,"href":"https:\/\/www.pzwnarew.pl\/index.php?rest_route=%2Fwp%2Fv2%2Fcategories&post=1064"},{"taxonomy":"post_tag","embeddable":true,"href":"https:\/\/www.pzwnarew.pl\/index.php?rest_route=%2Fwp%2Fv2%2Ftags&post=1064"}],"curies":[{"name":"wp","href":"https:\/\/api.w.org\/{rel}","templated":true}]}}