{"id":1058,"date":"2004-06-04T21:34:26","date_gmt":"2004-06-04T20:34:26","guid":{"rendered":"http:\/\/www.ostroleka.com.pl\/pzw-narew38\/?p=1058"},"modified":"2011-03-29T21:35:54","modified_gmt":"2011-03-29T20:35:54","slug":"1058","status":"publish","type":"post","link":"https:\/\/www.pzwnarew.pl\/?p=1058","title":{"rendered":""},"content":{"rendered":"<p style=\"margin: 4px 4px 2px;\"><span style=\"font-family: Verdana; font-size: x-small;\"><strong>Rejon Ostro\u0142\u0119cki Polskiego Zwi\u0105zku W\u0119dkarskiego, kontynuuj\u0105c zarybianie w\u00f3d, przeprowadzi\u0142 w dniu 4 czerwca 2004 r. po raz drugi w tym roku akcj\u0119 zarybieniow\u0105.<\/strong><\/span><\/p>\n<p style=\"margin: 4px 4px 2px;\"><span style=\"font-family: Verdana; font-size: x-small;\"><strong><!--more--><\/strong><\/span><\/p>\n<p><span style=\"font-family: Verdana;\"><\/p>\n<hr size=\"1\" \/>\n<p><\/span><\/p>\n<p style=\"margin: 4px 4px 2px;\"><span style=\"font-family: Verdana; font-size: x-small;\">Do rzeki Narew, na odcinku od m. Laskowiec do R\u00f3\u017cana, wpuszczono 230 tys. sztuk narybku letniego sandacza.\u00a0<br \/>\nWkr\u00f3tce przeprowadzona zostanie kolejna, trzecia w tym roku akcja zarybieniowa. Do Narwi zostanie wpuszczony narybek letni jazia &#8211; z nieukrywan\u0105 satysfakcj\u0105 i dum\u0105 opowiada\u0142 Wies\u0142aw Szczube\u0142ek &#8211; prezes Zarz\u0105du Ko\u0142a W\u0119dkarskiego PZW &#8222;NAREW&#8221; w Ostro\u0142\u0119ce.<\/span><\/p>\n<table border=\"0\" cellspacing=\"3\" cellpadding=\"0\" width=\"100%\">\n<tbody>\n<tr>\n<td width=\"50%\" align=\"center\"><span style=\"font-family: Verdana;\"><img loading=\"lazy\" decoding=\"async\" src=\"http:\/\/www.pzw-narew.ostroleka.com.pl\/pzw-narew\/zdjecia\/zarybianie_2004\/sandacz_01.jpg\" border=\"0\" alt=\"\" width=\"250\" height=\"188\" \/><\/span><\/td>\n<td width=\"50%\" align=\"center\"><span style=\"font-family: Verdana;\"><img loading=\"lazy\" decoding=\"async\" src=\"http:\/\/www.pzw-narew.ostroleka.com.pl\/pzw-narew\/zdjecia\/zarybianie_2004\/sandacz_02.jpg\" border=\"0\" alt=\"\" width=\"250\" height=\"188\" \/><\/span><\/td>\n<\/tr>\n<tr>\n<td width=\"50%\"><span style=\"font-family: Verdana; font-size: x-small;\">Na zdj\u0119ciach:\u00a0<br \/>\nAntoni Jab\u0142o\u0144ski &#8211; odpowiedzialny za zarybianie, Wies\u0142aw Szczube\u0142ek &#8211; prowadz\u0105cy zarybianie oraz p. Kleczkowski &#8211; do\u015bwiadczony w\u0119dkarz i\u00a0mi\u0142o\u015bnik przyrody.<\/span><\/td>\n<td width=\"50%\" align=\"center\"><img loading=\"lazy\" decoding=\"async\" src=\"http:\/\/www.pzw-narew.ostroleka.com.pl\/pzw-narew\/zdjecia\/zarybianie_2004\/sandacz_03.jpg\" border=\"0\" alt=\"\" width=\"250\" height=\"188\" \/><\/td>\n<\/tr>\n<\/tbody>\n<\/table>\n","protected":false},"excerpt":{"rendered":"<p>Rejon Ostro\u0142\u0119cki Polskiego Zwi\u0105zku W\u0119dkarskiego, kontynuuj\u0105c zarybianie w\u00f3d, przeprowadzi\u0142 w dniu 4 czerwca 2004 r. po raz drugi w tym roku akcj\u0119 zarybieniow\u0105.<\/p>\n","protected":false},"author":2,"featured_media":0,"comment_status":"open","ping_status":"closed","sticky":false,"template":"","format":"standard","meta":{"footnotes":""},"categories":[20],"tags":[],"class_list":["post-1058","post","type-post","status-publish","format-standard","hentry","category-newsy"],"_links":{"self":[{"href":"https:\/\/www.pzwnarew.pl\/index.php?rest_route=\/wp\/v2\/posts\/1058","targetHints":{"allow":["GET"]}}],"collection":[{"href":"https:\/\/www.pzwnarew.pl\/index.php?rest_route=\/wp\/v2\/posts"}],"about":[{"href":"https:\/\/www.pzwnarew.pl\/index.php?rest_route=\/wp\/v2\/types\/post"}],"author":[{"embeddable":true,"href":"https:\/\/www.pzwnarew.pl\/index.php?rest_route=\/wp\/v2\/users\/2"}],"replies":[{"embeddable":true,"href":"https:\/\/www.pzwnarew.pl\/index.php?rest_route=%2Fwp%2Fv2%2Fcomments&post=1058"}],"version-history":[{"count":1,"href":"https:\/\/www.pzwnarew.pl\/index.php?rest_route=\/wp\/v2\/posts\/1058\/revisions"}],"predecessor-version":[{"id":1059,"href":"https:\/\/www.pzwnarew.pl\/index.php?rest_route=\/wp\/v2\/posts\/1058\/revisions\/1059"}],"wp:attachment":[{"href":"https:\/\/www.pzwnarew.pl\/index.php?rest_route=%2Fwp%2Fv2%2Fmedia&parent=1058"}],"wp:term":[{"taxonomy":"category","embeddable":true,"href":"https:\/\/www.pzwnarew.pl\/index.php?rest_route=%2Fwp%2Fv2%2Fcategories&post=1058"},{"taxonomy":"post_tag","embeddable":true,"href":"https:\/\/www.pzwnarew.pl\/index.php?rest_route=%2Fwp%2Fv2%2Ftags&post=1058"}],"curies":[{"name":"wp","href":"https:\/\/api.w.org\/{rel}","templated":true}]}}