{"id":10561,"date":"2026-02-16T15:51:00","date_gmt":"2026-02-16T14:51:00","guid":{"rendered":"https:\/\/www.pzwnarew.pl\/?p=10561"},"modified":"2026-03-13T15:52:38","modified_gmt":"2026-03-13T14:52:38","slug":"zajecia-wedkarskie-dla-dzieci","status":"publish","type":"post","link":"https:\/\/www.pzwnarew.pl\/?p=10561","title":{"rendered":"Zaj\u0119cia w\u0119dkarskie dla dzieci"},"content":{"rendered":"\n<p>16 lutego 2026 odby\u0142y si\u0119 zaj\u0119cia z podstaw w\u0119dkarstwa dla uczni\u00f3w klas 1\u20133 ze Szko\u0142y Podstawowej nr 3 w Ostro\u0142\u0119ce.<\/p>\n\n\n\n<p>Zaj\u0119cia poprowadzi\u0142 wykwalifikowany szkoleniowiec z naszego Ko\u0142a PZW Narew 38 \u2013 kolega Zdzis\u0142aw. <img loading=\"lazy\" decoding=\"async\" height=\"16\" width=\"16\" alt=\"\ud83c\udfa3\" src=\"https:\/\/static.xx.fbcdn.net\/images\/emoji.php\/v9\/tfd\/1\/16\/1f3a3.png\"\/><\/p>\n\n\n\n<p>Dzi\u0119kujemy za zaanga\u017cowanie i wsp\u00f3lnie sp\u0119dzony czas!<\/p>\n\n\n\n<p><\/p>\n\n\n\n<figure class=\"wp-block-image size-large\"><img loading=\"lazy\" decoding=\"async\" width=\"683\" height=\"1024\" src=\"https:\/\/www.pzwnarew.pl\/wp-content\/uploads\/2026\/03\/632885972_1347204310767141_5211893009935544777_n-683x1024.jpg\" alt=\"\" class=\"wp-image-10562\" srcset=\"https:\/\/www.pzwnarew.pl\/wp-content\/uploads\/2026\/03\/632885972_1347204310767141_5211893009935544777_n-683x1024.jpg 683w, https:\/\/www.pzwnarew.pl\/wp-content\/uploads\/2026\/03\/632885972_1347204310767141_5211893009935544777_n-200x300.jpg 200w, https:\/\/www.pzwnarew.pl\/wp-content\/uploads\/2026\/03\/632885972_1347204310767141_5211893009935544777_n-8x12.jpg 8w, https:\/\/www.pzwnarew.pl\/wp-content\/uploads\/2026\/03\/632885972_1347204310767141_5211893009935544777_n-180x270.jpg 180w, https:\/\/www.pzwnarew.pl\/wp-content\/uploads\/2026\/03\/632885972_1347204310767141_5211893009935544777_n.jpg 720w\" sizes=\"auto, (max-width: 683px) 100vw, 683px\" \/><\/figure>\n","protected":false},"excerpt":{"rendered":"<p>16 lutego 2026 odby\u0142y si\u0119 zaj\u0119cia z podstaw w\u0119dkarstwa dla uczni\u00f3w klas 1\u20133 ze Szko\u0142y Podstawowej nr 3 w Ostro\u0142\u0119ce. Zaj\u0119cia poprowadzi\u0142 wykwalifikowany szkoleniowiec z naszego Ko\u0142a PZW Narew 38 \u2013 kolega Zdzis\u0142aw. Dzi\u0119kujemy za zaanga\u017cowanie i wsp\u00f3lnie sp\u0119dzony czas!<\/p>\n","protected":false},"author":2,"featured_media":10562,"comment_status":"closed","ping_status":"closed","sticky":false,"template":"","format":"standard","meta":{"footnotes":""},"categories":[20],"tags":[],"class_list":["post-10561","post","type-post","status-publish","format-standard","has-post-thumbnail","hentry","category-newsy"],"_links":{"self":[{"href":"https:\/\/www.pzwnarew.pl\/index.php?rest_route=\/wp\/v2\/posts\/10561","targetHints":{"allow":["GET"]}}],"collection":[{"href":"https:\/\/www.pzwnarew.pl\/index.php?rest_route=\/wp\/v2\/posts"}],"about":[{"href":"https:\/\/www.pzwnarew.pl\/index.php?rest_route=\/wp\/v2\/types\/post"}],"author":[{"embeddable":true,"href":"https:\/\/www.pzwnarew.pl\/index.php?rest_route=\/wp\/v2\/users\/2"}],"replies":[{"embeddable":true,"href":"https:\/\/www.pzwnarew.pl\/index.php?rest_route=%2Fwp%2Fv2%2Fcomments&post=10561"}],"version-history":[{"count":1,"href":"https:\/\/www.pzwnarew.pl\/index.php?rest_route=\/wp\/v2\/posts\/10561\/revisions"}],"predecessor-version":[{"id":10563,"href":"https:\/\/www.pzwnarew.pl\/index.php?rest_route=\/wp\/v2\/posts\/10561\/revisions\/10563"}],"wp:featuredmedia":[{"embeddable":true,"href":"https:\/\/www.pzwnarew.pl\/index.php?rest_route=\/wp\/v2\/media\/10562"}],"wp:attachment":[{"href":"https:\/\/www.pzwnarew.pl\/index.php?rest_route=%2Fwp%2Fv2%2Fmedia&parent=10561"}],"wp:term":[{"taxonomy":"category","embeddable":true,"href":"https:\/\/www.pzwnarew.pl\/index.php?rest_route=%2Fwp%2Fv2%2Fcategories&post=10561"},{"taxonomy":"post_tag","embeddable":true,"href":"https:\/\/www.pzwnarew.pl\/index.php?rest_route=%2Fwp%2Fv2%2Ftags&post=10561"}],"curies":[{"name":"wp","href":"https:\/\/api.w.org\/{rel}","templated":true}]}}