{"id":1051,"date":"2004-03-07T21:20:31","date_gmt":"2004-03-07T20:20:31","guid":{"rendered":"http:\/\/www.ostroleka.com.pl\/pzw-narew38\/?p=1051"},"modified":"2011-03-29T21:26:45","modified_gmt":"2011-03-29T20:26:45","slug":"zebranie","status":"publish","type":"post","link":"https:\/\/www.pzwnarew.pl\/?p=1051","title":{"rendered":"Zebranie"},"content":{"rendered":"<p><span style=\"font-family: Verdana; font-size: x-small;\"><strong><img loading=\"lazy\" decoding=\"async\" src=\"http:\/\/www.pzw-narew.ostroleka.com.pl\/pzw-narew\/zdjecia\/zarzad1.jpg\" border=\"0\" alt=\"\" width=\"200\" height=\"150\" align=\"right\" \/>W dniu 07 marca 2004 roku odby\u0142o si\u0119 zebranie sprawozdawcze z dzia\u0142alno\u015bci zarz\u0105du ko\u0142a &#8222;Narew&#8221; za 2003 rok.<\/strong><\/span><\/p>\n<p><span style=\"font-family: Verdana; font-size: x-small;\">Zebranie otworzy\u0142 Prezes ko\u0142a kol. Wies\u0142aw Szczube\u0142ek zdaj\u0105c sprawozdanie z dzia\u0142alno\u015bci zarz\u0105du w roku 2003. Sprawozdania przed\u0142o\u017cyli tak\u017ce, Wiceprezes ko\u0142a Andrzej Raszkiewicz &#8211; dzia\u0142alno\u015b\u0107, sportowo-rekreacyjna oraz skarbnik Edyta Filipowicz przedstawi\u0142a rozliczenie bud\u017cetowe ko\u0142a za rok 2003.<\/span><\/p>\n<p><span style=\"font-family: Verdana; font-size: x-small;\"><!--more--><\/span><\/p>\n<p><span style=\"font-family: Verdana; font-size: x-small;\">Sprawozdania te zosta\u0142y przyj\u0119te przez og\u00f3\u0142 ze<\/span><span style=\"font-family: Verdana; font-size: x-small;\">branych na sali cz\u0142onk\u00f3w ko\u0142a.<\/span><\/p>\n<table border=\"0\" cellspacing=\"0\" cellpadding=\"0\" width=\"100%\">\n<tbody>\n<tr>\n<td width=\"50%\"><img loading=\"lazy\" decoding=\"async\" src=\"http:\/\/www.pzw-narew.ostroleka.com.pl\/pzw-narew\/zdjecia\/P3070018.jpg\" border=\"0\" alt=\"\" width=\"250\" height=\"188\" \/><\/td>\n<td width=\"50%\"><span style=\"font-family: Verdana; font-size: x-small;\"><img loading=\"lazy\" decoding=\"async\" src=\"http:\/\/www.pzw-narew.ostroleka.com.pl\/pzw-narew\/zdjecia\/P3070019.jpg\" border=\"0\" alt=\"\" width=\"250\" height=\"188\" align=\"right\" \/><!--more--><\/span><\/td>\n<\/tr>\n<\/tbody>\n<\/table>\n<p><span style=\"font-family: Verdana; font-size: x-small;\">W trakcie zebrania odby\u0142a si\u0119 tak\u017ce mi\u0142a <img loading=\"lazy\" decoding=\"async\" src=\"http:\/\/www.pzw-narew.ostroleka.com.pl\/pzw-narew\/zdjecia\/P3070015.jpg\" border=\"0\" alt=\"\" width=\"250\" height=\"188\" align=\"right\" \/> uroczysto\u015b\u0107 wr\u0119czenia koledze Ryszardowi \u0141ozi\u0144skiemu z\u0142otej odznaki z wie\u0144cami, z\u0142otej odznaki kol. Henrykowi Bielakowi oraz wr\u0119czono nominacje s\u0119dziowskie na s\u0119dziego klasy okr\u0119gowej kol. Andrzejowi Raszkiewiczowi i s\u0119dziego klasy podstawowej kol. Jackowi Bednarczykowi. <\/span><\/p>\n<p><span style=\"font-family: Verdana; font-size: x-small;\">W trakcie zebrania zatwierdzono plan pracy ko\u0142a &#8222;Narew&#8221; na rok 2004 oraz wyznaczono kierunki dzia\u0142ania w zakresie przygotowania si\u0119 do obchod\u00f3w 55-lecia ko\u0142a w roku 2005<\/span><\/p>\n","protected":false},"excerpt":{"rendered":"<p>W dniu 07 marca 2004 roku odby\u0142o si\u0119 zebranie sprawozdawcze z dzia\u0142alno\u015bci zarz\u0105du ko\u0142a &#8222;Narew&#8221; za 2003 rok. Zebranie otworzy\u0142 Prezes ko\u0142a kol. Wies\u0142aw Szczube\u0142ek zdaj\u0105c sprawozdanie z dzia\u0142alno\u015bci zarz\u0105du w roku 2003. Sprawozdania przed\u0142o\u017cyli tak\u017ce, Wiceprezes ko\u0142a Andrzej Raszkiewicz &#8211; dzia\u0142alno\u015b\u0107, sportowo-rekreacyjna oraz skarbnik Edyta Filipowicz przedstawi\u0142a rozliczenie bud\u017cetowe ko\u0142a za rok 2003.<\/p>\n","protected":false},"author":2,"featured_media":0,"comment_status":"open","ping_status":"closed","sticky":false,"template":"","format":"standard","meta":{"footnotes":""},"categories":[20],"tags":[],"class_list":["post-1051","post","type-post","status-publish","format-standard","hentry","category-newsy"],"_links":{"self":[{"href":"https:\/\/www.pzwnarew.pl\/index.php?rest_route=\/wp\/v2\/posts\/1051","targetHints":{"allow":["GET"]}}],"collection":[{"href":"https:\/\/www.pzwnarew.pl\/index.php?rest_route=\/wp\/v2\/posts"}],"about":[{"href":"https:\/\/www.pzwnarew.pl\/index.php?rest_route=\/wp\/v2\/types\/post"}],"author":[{"embeddable":true,"href":"https:\/\/www.pzwnarew.pl\/index.php?rest_route=\/wp\/v2\/users\/2"}],"replies":[{"embeddable":true,"href":"https:\/\/www.pzwnarew.pl\/index.php?rest_route=%2Fwp%2Fv2%2Fcomments&post=1051"}],"version-history":[{"count":4,"href":"https:\/\/www.pzwnarew.pl\/index.php?rest_route=\/wp\/v2\/posts\/1051\/revisions"}],"predecessor-version":[{"id":1055,"href":"https:\/\/www.pzwnarew.pl\/index.php?rest_route=\/wp\/v2\/posts\/1051\/revisions\/1055"}],"wp:attachment":[{"href":"https:\/\/www.pzwnarew.pl\/index.php?rest_route=%2Fwp%2Fv2%2Fmedia&parent=1051"}],"wp:term":[{"taxonomy":"category","embeddable":true,"href":"https:\/\/www.pzwnarew.pl\/index.php?rest_route=%2Fwp%2Fv2%2Fcategories&post=1051"},{"taxonomy":"post_tag","embeddable":true,"href":"https:\/\/www.pzwnarew.pl\/index.php?rest_route=%2Fwp%2Fv2%2Ftags&post=1051"}],"curies":[{"name":"wp","href":"https:\/\/api.w.org\/{rel}","templated":true}]}}