{"id":10414,"date":"2025-10-29T22:11:06","date_gmt":"2025-10-29T21:11:06","guid":{"rendered":"https:\/\/www.pzwnarew.pl\/?p=10414"},"modified":"2025-10-29T22:11:06","modified_gmt":"2025-10-29T21:11:06","slug":"walne-zgromadzenie-sprawozdawczo-wyborcze","status":"publish","type":"post","link":"https:\/\/www.pzwnarew.pl\/?p=10414","title":{"rendered":"Walne zgromadzenie sprawozdawczo &#8211; wyborcze"},"content":{"rendered":"\n<p>W dniu 24 pa\u017adziernika\u00a0 odby\u0142o si\u0119  walne zgromadzenie sprawozdawczo &#8211; wyborcze w\u0119dkarzy z ko\u0142a PZW Narew. Na zebraniu podsumowano bie\u017c\u0105cy rok oraz om\u00f3wiono plan na rok 2026. W zebraniu uczestniczy\u0142 delegat z OMPZW  Pawe\u0142 Zakrzewski. Zebranie rozpocz\u0119to od wr\u0119czenia odznak PZW. Delegat Okr\u0119gu Mazowieckiego PZW w Warszawie Pawe\u0142 Zakrzewski wr\u0119czy\u0142 odznaki PZW za zas\u0142ugi dla w\u0119dkarstwa polskiego kolegom z naszego ko\u0142a. Odznaki otrzymali Janusz Gumkowski, Pawe\u0142 Rukasz, Roman Balcerak, Zdzis\u0142aw Sienicki. Po godzinnej dyskusji przyst\u0105piono do wyboru prezesa ko\u0142a na kolejne lata . Prezesem ko\u0142a zosta\u0142 Andrzej Raszkiewicz.<\/p>\n\n\n\n<p>&nbsp;Cz\u0142onkami zarz\u0105du ko\u0142a Narew zostali wybrani :<\/p>\n\n\n\n<ol class=\"wp-block-list\">\n<li>Bazyd\u0142o Pawe\u0142<\/li>\n\n\n\n<li>Balcerak Adam<\/li>\n\n\n\n<li>Balcerak Roman<\/li>\n\n\n\n<li>Grzyb Andrzej<\/li>\n\n\n\n<li>Kobus Marcin<\/li>\n\n\n\n<li>Krupka Wojciech<\/li>\n\n\n\n<li>Mierzejewski Jaros\u0142aw<\/li>\n\n\n\n<li>Sienicki Zdzis\u0142aw<\/li>\n\n\n\n<li>Wojtkowiak Rafa\u0142<\/li>\n\n\n\n<li>Wieprzowski Wojciech<\/li>\n\n\n\n<li>Zi\u0119ba Tomasz<\/li>\n<\/ol>\n\n\n\n<p>Cz\u0142onkami sadu kole\u017ce\u0144skiego zostali :<\/p>\n\n\n\n<ol class=\"wp-block-list\">\n<li>Gumkowski Janusz<\/li>\n\n\n\n<li>Gwiazdowski Robert<\/li>\n\n\n\n<li>Jarz\u0105bek Wojciech<\/li>\n\n\n\n<li>Sikora Arkadiusz<\/li>\n\n\n\n<li>Terlikowski Piotr<\/li>\n<\/ol>\n\n\n\n<p>Cz\u0142onkami komisji rewizyjnej zostali:<\/p>\n\n\n\n<ol class=\"wp-block-list\">\n<li>Ho\u0142dy\u0144ski Andrzej<\/li>\n\n\n\n<li>Kabacik Leszek<\/li>\n\n\n\n<li>Za\u0142\u0119ski Andrzej<\/li>\n<\/ol>\n\n\n\n<p>Delegatami ko\u0142a zostali:<\/p>\n\n\n\n<ol class=\"wp-block-list\">\n<li>Raszkiewicz Andrzej<\/li>\n\n\n\n<li>Wojtkowiak Rafa\u0142<\/li>\n<\/ol>\n\n\n\n<p>Zast\u0119pc\u0105 delegat\u00f3w zosta\u0142 Za\u0142\u0119ski Andrzej<\/p>\n\n\n\n<figure class=\"wp-block-image size-large\"><img loading=\"lazy\" decoding=\"async\" width=\"1024\" height=\"768\" src=\"https:\/\/www.pzwnarew.pl\/wp-content\/uploads\/2025\/10\/571152552_1250645257089714_4231419593229752099_n-1024x768.jpg\" alt=\"\" class=\"wp-image-10416\" srcset=\"https:\/\/www.pzwnarew.pl\/wp-content\/uploads\/2025\/10\/571152552_1250645257089714_4231419593229752099_n-1024x768.jpg 1024w, https:\/\/www.pzwnarew.pl\/wp-content\/uploads\/2025\/10\/571152552_1250645257089714_4231419593229752099_n-300x225.jpg 300w, https:\/\/www.pzwnarew.pl\/wp-content\/uploads\/2025\/10\/571152552_1250645257089714_4231419593229752099_n-768x576.jpg 768w, https:\/\/www.pzwnarew.pl\/wp-content\/uploads\/2025\/10\/571152552_1250645257089714_4231419593229752099_n-1536x1152.jpg 1536w, https:\/\/www.pzwnarew.pl\/wp-content\/uploads\/2025\/10\/571152552_1250645257089714_4231419593229752099_n-16x12.jpg 16w, https:\/\/www.pzwnarew.pl\/wp-content\/uploads\/2025\/10\/571152552_1250645257089714_4231419593229752099_n-360x270.jpg 360w, https:\/\/www.pzwnarew.pl\/wp-content\/uploads\/2025\/10\/571152552_1250645257089714_4231419593229752099_n.jpg 2048w\" sizes=\"auto, (max-width: 1024px) 100vw, 1024px\" \/><\/figure>\n","protected":false},"excerpt":{"rendered":"<p>W dniu 24 pa\u017adziernika\u00a0 odby\u0142o si\u0119 walne zgromadzenie sprawozdawczo &#8211; wyborcze w\u0119dkarzy z ko\u0142a PZW Narew. Na zebraniu podsumowano bie\u017c\u0105cy rok oraz om\u00f3wiono plan na rok 2026. W zebraniu uczestniczy\u0142 delegat z OMPZW Pawe\u0142 Zakrzewski. Zebranie rozpocz\u0119to od wr\u0119czenia odznak PZW. Delegat Okr\u0119gu Mazowieckiego PZW w Warszawie Pawe\u0142 Zakrzewski wr\u0119czy\u0142 odznaki PZW za zas\u0142ugi dla w\u0119dkarstwa polskiego kolegom z naszego ko\u0142a. Odznaki otrzymali Janusz Gumkowski, Pawe\u0142 Rukasz, Roman Balcerak, Zdzis\u0142aw Sienicki. Po godzinnej dyskusji przyst\u0105piono do wyboru prezesa ko\u0142a na&#8230;<\/p>\n<p class=\"read-more\"><a class=\"btn btn-default\" href=\"https:\/\/www.pzwnarew.pl\/?p=10414\"> Read More<span class=\"screen-reader-text\">  Read More<\/span><\/a><\/p>\n","protected":false},"author":2,"featured_media":10415,"comment_status":"closed","ping_status":"closed","sticky":false,"template":"","format":"standard","meta":{"footnotes":""},"categories":[20],"tags":[],"class_list":["post-10414","post","type-post","status-publish","format-standard","has-post-thumbnail","hentry","category-newsy"],"_links":{"self":[{"href":"https:\/\/www.pzwnarew.pl\/index.php?rest_route=\/wp\/v2\/posts\/10414","targetHints":{"allow":["GET"]}}],"collection":[{"href":"https:\/\/www.pzwnarew.pl\/index.php?rest_route=\/wp\/v2\/posts"}],"about":[{"href":"https:\/\/www.pzwnarew.pl\/index.php?rest_route=\/wp\/v2\/types\/post"}],"author":[{"embeddable":true,"href":"https:\/\/www.pzwnarew.pl\/index.php?rest_route=\/wp\/v2\/users\/2"}],"replies":[{"embeddable":true,"href":"https:\/\/www.pzwnarew.pl\/index.php?rest_route=%2Fwp%2Fv2%2Fcomments&post=10414"}],"version-history":[{"count":1,"href":"https:\/\/www.pzwnarew.pl\/index.php?rest_route=\/wp\/v2\/posts\/10414\/revisions"}],"predecessor-version":[{"id":10417,"href":"https:\/\/www.pzwnarew.pl\/index.php?rest_route=\/wp\/v2\/posts\/10414\/revisions\/10417"}],"wp:featuredmedia":[{"embeddable":true,"href":"https:\/\/www.pzwnarew.pl\/index.php?rest_route=\/wp\/v2\/media\/10415"}],"wp:attachment":[{"href":"https:\/\/www.pzwnarew.pl\/index.php?rest_route=%2Fwp%2Fv2%2Fmedia&parent=10414"}],"wp:term":[{"taxonomy":"category","embeddable":true,"href":"https:\/\/www.pzwnarew.pl\/index.php?rest_route=%2Fwp%2Fv2%2Fcategories&post=10414"},{"taxonomy":"post_tag","embeddable":true,"href":"https:\/\/www.pzwnarew.pl\/index.php?rest_route=%2Fwp%2Fv2%2Ftags&post=10414"}],"curies":[{"name":"wp","href":"https:\/\/api.w.org\/{rel}","templated":true}]}}