{"id":10373,"date":"2025-10-03T16:48:00","date_gmt":"2025-10-03T14:48:00","guid":{"rendered":"https:\/\/www.pzwnarew.pl\/?p=10373"},"modified":"2025-10-09T12:51:46","modified_gmt":"2025-10-09T10:51:46","slug":"wielkie-sprzatanie","status":"publish","type":"post","link":"https:\/\/www.pzwnarew.pl\/?p=10373","title":{"rendered":"SPRZ\u0104TANIE NABRZERZY NARWI"},"content":{"rendered":"\n<p><\/p>\n\n\n\n<p>W dniu 3 pa\u017adziernika w\u0119dkarze z ko\u0142a Narew oraz koledzy z Ekomeny posprz\u0105tali brzegi rzeki Narew w Ostro\u0142\u0119ce. Po intensywnym sprz\u0105taniu wszyscy wsp\u00f3lnie przy ognisku posili si\u0119 gor\u0105cym napojem oraz kie\u0142bask\u0105. Wielkie podzi\u0119kowania dla uczestnik\u00f3w.<\/p>\n\n\n\n<figure class=\"wp-block-image size-large\"><img loading=\"lazy\" decoding=\"async\" width=\"1024\" height=\"457\" src=\"http:\/\/www.pzwnarew.pl\/wp-content\/uploads\/2025\/09\/557635793_1230521232435450_6917189020692767251_n-1024x457.jpg\" alt=\"\" class=\"wp-image-10383\" srcset=\"https:\/\/www.pzwnarew.pl\/wp-content\/uploads\/2025\/09\/557635793_1230521232435450_6917189020692767251_n-1024x457.jpg 1024w, https:\/\/www.pzwnarew.pl\/wp-content\/uploads\/2025\/09\/557635793_1230521232435450_6917189020692767251_n-300x134.jpg 300w, https:\/\/www.pzwnarew.pl\/wp-content\/uploads\/2025\/09\/557635793_1230521232435450_6917189020692767251_n-768x342.jpg 768w, https:\/\/www.pzwnarew.pl\/wp-content\/uploads\/2025\/09\/557635793_1230521232435450_6917189020692767251_n-1536x685.jpg 1536w, https:\/\/www.pzwnarew.pl\/wp-content\/uploads\/2025\/09\/557635793_1230521232435450_6917189020692767251_n-18x8.jpg 18w, https:\/\/www.pzwnarew.pl\/wp-content\/uploads\/2025\/09\/557635793_1230521232435450_6917189020692767251_n-604x270.jpg 604w, https:\/\/www.pzwnarew.pl\/wp-content\/uploads\/2025\/09\/557635793_1230521232435450_6917189020692767251_n.jpg 2048w\" sizes=\"auto, (max-width: 1024px) 100vw, 1024px\" \/><\/figure>\n\n\n\n<figure class=\"wp-block-image size-large\"><img loading=\"lazy\" decoding=\"async\" width=\"1024\" height=\"457\" src=\"http:\/\/www.pzwnarew.pl\/wp-content\/uploads\/2025\/09\/556650449_1230521322435441_3964929524963066747_n-1024x457.jpg\" alt=\"\" class=\"wp-image-10384\" srcset=\"https:\/\/www.pzwnarew.pl\/wp-content\/uploads\/2025\/09\/556650449_1230521322435441_3964929524963066747_n-1024x457.jpg 1024w, https:\/\/www.pzwnarew.pl\/wp-content\/uploads\/2025\/09\/556650449_1230521322435441_3964929524963066747_n-300x134.jpg 300w, https:\/\/www.pzwnarew.pl\/wp-content\/uploads\/2025\/09\/556650449_1230521322435441_3964929524963066747_n-768x342.jpg 768w, https:\/\/www.pzwnarew.pl\/wp-content\/uploads\/2025\/09\/556650449_1230521322435441_3964929524963066747_n-1536x685.jpg 1536w, https:\/\/www.pzwnarew.pl\/wp-content\/uploads\/2025\/09\/556650449_1230521322435441_3964929524963066747_n-18x8.jpg 18w, https:\/\/www.pzwnarew.pl\/wp-content\/uploads\/2025\/09\/556650449_1230521322435441_3964929524963066747_n-604x270.jpg 604w, https:\/\/www.pzwnarew.pl\/wp-content\/uploads\/2025\/09\/556650449_1230521322435441_3964929524963066747_n.jpg 2048w\" sizes=\"auto, (max-width: 1024px) 100vw, 1024px\" \/><\/figure>\n","protected":false},"excerpt":{"rendered":"<p>W dniu 3 pa\u017adziernika w\u0119dkarze z ko\u0142a Narew oraz koledzy z Ekomeny posprz\u0105tali brzegi rzeki Narew w Ostro\u0142\u0119ce. Po intensywnym sprz\u0105taniu wszyscy wsp\u00f3lnie przy ognisku posili si\u0119 gor\u0105cym napojem oraz kie\u0142bask\u0105. Wielkie podzi\u0119kowania dla uczestnik\u00f3w.<\/p>\n","protected":false},"author":2,"featured_media":10383,"comment_status":"closed","ping_status":"closed","sticky":false,"template":"","format":"standard","meta":{"footnotes":""},"categories":[20],"tags":[],"class_list":["post-10373","post","type-post","status-publish","format-standard","has-post-thumbnail","hentry","category-newsy"],"_links":{"self":[{"href":"https:\/\/www.pzwnarew.pl\/index.php?rest_route=\/wp\/v2\/posts\/10373","targetHints":{"allow":["GET"]}}],"collection":[{"href":"https:\/\/www.pzwnarew.pl\/index.php?rest_route=\/wp\/v2\/posts"}],"about":[{"href":"https:\/\/www.pzwnarew.pl\/index.php?rest_route=\/wp\/v2\/types\/post"}],"author":[{"embeddable":true,"href":"https:\/\/www.pzwnarew.pl\/index.php?rest_route=\/wp\/v2\/users\/2"}],"replies":[{"embeddable":true,"href":"https:\/\/www.pzwnarew.pl\/index.php?rest_route=%2Fwp%2Fv2%2Fcomments&post=10373"}],"version-history":[{"count":5,"href":"https:\/\/www.pzwnarew.pl\/index.php?rest_route=\/wp\/v2\/posts\/10373\/revisions"}],"predecessor-version":[{"id":10394,"href":"https:\/\/www.pzwnarew.pl\/index.php?rest_route=\/wp\/v2\/posts\/10373\/revisions\/10394"}],"wp:featuredmedia":[{"embeddable":true,"href":"https:\/\/www.pzwnarew.pl\/index.php?rest_route=\/wp\/v2\/media\/10383"}],"wp:attachment":[{"href":"https:\/\/www.pzwnarew.pl\/index.php?rest_route=%2Fwp%2Fv2%2Fmedia&parent=10373"}],"wp:term":[{"taxonomy":"category","embeddable":true,"href":"https:\/\/www.pzwnarew.pl\/index.php?rest_route=%2Fwp%2Fv2%2Fcategories&post=10373"},{"taxonomy":"post_tag","embeddable":true,"href":"https:\/\/www.pzwnarew.pl\/index.php?rest_route=%2Fwp%2Fv2%2Ftags&post=10373"}],"curies":[{"name":"wp","href":"https:\/\/api.w.org\/{rel}","templated":true}]}}