{"id":10321,"date":"2025-07-31T22:18:21","date_gmt":"2025-07-31T20:18:21","guid":{"rendered":"https:\/\/www.pzwnarew.pl\/?p=10321"},"modified":"2025-07-31T22:25:19","modified_gmt":"2025-07-31T20:25:19","slug":"zawody-feederowe-rozegrane-2","status":"publish","type":"post","link":"https:\/\/www.pzwnarew.pl\/?p=10321","title":{"rendered":"Zawody gruntowe rozegrane !!!"},"content":{"rendered":"\n<p>W dniu 27.07.2025 na \u0142owisku Stowarzyszenia Myszynieckiego w\u0119dkarzy w miejscowo\u015bci Zawodzie zosta\u0142y rozegrane zawody gruntowe. Przedstawiamy zwyci\u0119zc\u00f3w.  Pierwsze miejsce zaj\u0105\u0142 \u0141ukasz Romanik, drugi \u0141ukasz Garbulewski, trzeci Marcin Kobus, czwarty Robert Gwiazdowski, pi\u0105ty Piotr Terlikowski. Najwi\u0119ksza ryb\u0119 z\u0142owi\u0142 Grzegorz Tyszka. Na \u0142owisku najwi\u0119cej zosta\u0142o z\u0142owionych leszczy ale trafi\u0142o si\u0119 r\u00f3wnie\u017c kilka rodzynk\u00f3w w postaci karpi. Najwi\u0119ksz\u0105 z\u0142owion\u0105 ryb\u0105 okaza\u0142 si\u0119 1,5 kg leszcz. Na koniec wszyscy uczestnicy skosztowali zup\u0119 kurkow\u0105 oraz zjedli kark\u00f3wk\u0119 z pieczonymi ziemniaczkami z myszynieckiej restauracji gdzie jest smacznie jak u mamy. gratulujemy zwyci\u0119zcom i zapraszamy na kolejne zawody.<\/p>\n\n\n\n<figure class=\"wp-block-image size-large\"><img loading=\"lazy\" decoding=\"async\" width=\"1024\" height=\"768\" src=\"https:\/\/www.pzwnarew.pl\/wp-content\/uploads\/2025\/07\/524634646_1171473485006892_2151703364501000838_n-1024x768.jpg\" alt=\"\" class=\"wp-image-10322\" srcset=\"https:\/\/www.pzwnarew.pl\/wp-content\/uploads\/2025\/07\/524634646_1171473485006892_2151703364501000838_n-1024x768.jpg 1024w, https:\/\/www.pzwnarew.pl\/wp-content\/uploads\/2025\/07\/524634646_1171473485006892_2151703364501000838_n-300x225.jpg 300w, https:\/\/www.pzwnarew.pl\/wp-content\/uploads\/2025\/07\/524634646_1171473485006892_2151703364501000838_n-768x576.jpg 768w, https:\/\/www.pzwnarew.pl\/wp-content\/uploads\/2025\/07\/524634646_1171473485006892_2151703364501000838_n-1536x1152.jpg 1536w, https:\/\/www.pzwnarew.pl\/wp-content\/uploads\/2025\/07\/524634646_1171473485006892_2151703364501000838_n-16x12.jpg 16w, https:\/\/www.pzwnarew.pl\/wp-content\/uploads\/2025\/07\/524634646_1171473485006892_2151703364501000838_n-360x270.jpg 360w, https:\/\/www.pzwnarew.pl\/wp-content\/uploads\/2025\/07\/524634646_1171473485006892_2151703364501000838_n.jpg 2048w\" sizes=\"auto, (max-width: 1024px) 100vw, 1024px\" \/><\/figure>\n\n\n\n<p><\/p>\n","protected":false},"excerpt":{"rendered":"<p>W dniu 27.07.2025 na \u0142owisku Stowarzyszenia Myszynieckiego w\u0119dkarzy w miejscowo\u015bci Zawodzie zosta\u0142y rozegrane zawody gruntowe. Przedstawiamy zwyci\u0119zc\u00f3w. Pierwsze miejsce zaj\u0105\u0142 \u0141ukasz Romanik, drugi \u0141ukasz Garbulewski, trzeci Marcin Kobus, czwarty Robert Gwiazdowski, pi\u0105ty Piotr Terlikowski. Najwi\u0119ksza ryb\u0119 z\u0142owi\u0142 Grzegorz Tyszka. Na \u0142owisku najwi\u0119cej zosta\u0142o z\u0142owionych leszczy ale trafi\u0142o si\u0119 r\u00f3wnie\u017c kilka rodzynk\u00f3w w postaci karpi. Najwi\u0119ksz\u0105 z\u0142owion\u0105 ryb\u0105 okaza\u0142 si\u0119 1,5 kg leszcz. Na koniec wszyscy uczestnicy skosztowali zup\u0119 kurkow\u0105 oraz zjedli kark\u00f3wk\u0119 z pieczonymi ziemniaczkami z myszynieckiej restauracji gdzie jest&#8230;<\/p>\n<p class=\"read-more\"><a class=\"btn btn-default\" href=\"https:\/\/www.pzwnarew.pl\/?p=10321\"> Read More<span class=\"screen-reader-text\">  Read More<\/span><\/a><\/p>\n","protected":false},"author":2,"featured_media":10323,"comment_status":"closed","ping_status":"closed","sticky":false,"template":"","format":"standard","meta":{"footnotes":""},"categories":[20],"tags":[],"class_list":["post-10321","post","type-post","status-publish","format-standard","has-post-thumbnail","hentry","category-newsy"],"_links":{"self":[{"href":"https:\/\/www.pzwnarew.pl\/index.php?rest_route=\/wp\/v2\/posts\/10321","targetHints":{"allow":["GET"]}}],"collection":[{"href":"https:\/\/www.pzwnarew.pl\/index.php?rest_route=\/wp\/v2\/posts"}],"about":[{"href":"https:\/\/www.pzwnarew.pl\/index.php?rest_route=\/wp\/v2\/types\/post"}],"author":[{"embeddable":true,"href":"https:\/\/www.pzwnarew.pl\/index.php?rest_route=\/wp\/v2\/users\/2"}],"replies":[{"embeddable":true,"href":"https:\/\/www.pzwnarew.pl\/index.php?rest_route=%2Fwp%2Fv2%2Fcomments&post=10321"}],"version-history":[{"count":3,"href":"https:\/\/www.pzwnarew.pl\/index.php?rest_route=\/wp\/v2\/posts\/10321\/revisions"}],"predecessor-version":[{"id":10329,"href":"https:\/\/www.pzwnarew.pl\/index.php?rest_route=\/wp\/v2\/posts\/10321\/revisions\/10329"}],"wp:featuredmedia":[{"embeddable":true,"href":"https:\/\/www.pzwnarew.pl\/index.php?rest_route=\/wp\/v2\/media\/10323"}],"wp:attachment":[{"href":"https:\/\/www.pzwnarew.pl\/index.php?rest_route=%2Fwp%2Fv2%2Fmedia&parent=10321"}],"wp:term":[{"taxonomy":"category","embeddable":true,"href":"https:\/\/www.pzwnarew.pl\/index.php?rest_route=%2Fwp%2Fv2%2Fcategories&post=10321"},{"taxonomy":"post_tag","embeddable":true,"href":"https:\/\/www.pzwnarew.pl\/index.php?rest_route=%2Fwp%2Fv2%2Ftags&post=10321"}],"curies":[{"name":"wp","href":"https:\/\/api.w.org\/{rel}","templated":true}]}}