{"id":10299,"date":"2025-07-05T18:11:00","date_gmt":"2025-07-05T16:11:00","guid":{"rendered":"https:\/\/www.pzwnarew.pl\/?p=10299"},"modified":"2025-07-11T14:16:17","modified_gmt":"2025-07-11T12:16:17","slug":"festyn-rodzinny","status":"publish","type":"post","link":"https:\/\/www.pzwnarew.pl\/?p=10299","title":{"rendered":"Festyn rodzinny"},"content":{"rendered":"\n<p>W dniu 5 lipca w miejscowo\u015bci Korczaki gmina Rzeku\u0144 odby\u0142 si\u0119 festyn rodzinny na kt\u00f3rym uczestniczy\u0142o nasze ko\u0142o PZW Narew. Zorganizowali\u015bmy tam konkurs w \u0142owieniu rybek w kt\u00f3rym m\u00f3g\u0142 wystartowa\u0142 ka\u017cdy . Nie zabrak\u0142o ch\u0119tnych oraz nagr\u00f3d dla uczestnik\u00f3w konkursu.<\/p>\n\n\n\n<figure class=\"wp-block-image size-large\"><img loading=\"lazy\" decoding=\"async\" width=\"577\" height=\"1024\" src=\"https:\/\/www.pzwnarew.pl\/wp-content\/uploads\/2025\/07\/515940783_1153737736780467_5014355969514390083_n-1-577x1024.jpg\" alt=\"\" class=\"wp-image-10303\" srcset=\"https:\/\/www.pzwnarew.pl\/wp-content\/uploads\/2025\/07\/515940783_1153737736780467_5014355969514390083_n-1-577x1024.jpg 577w, https:\/\/www.pzwnarew.pl\/wp-content\/uploads\/2025\/07\/515940783_1153737736780467_5014355969514390083_n-1-169x300.jpg 169w, https:\/\/www.pzwnarew.pl\/wp-content\/uploads\/2025\/07\/515940783_1153737736780467_5014355969514390083_n-1-768x1364.jpg 768w, https:\/\/www.pzwnarew.pl\/wp-content\/uploads\/2025\/07\/515940783_1153737736780467_5014355969514390083_n-1-865x1536.jpg 865w, https:\/\/www.pzwnarew.pl\/wp-content\/uploads\/2025\/07\/515940783_1153737736780467_5014355969514390083_n-1-7x12.jpg 7w, https:\/\/www.pzwnarew.pl\/wp-content\/uploads\/2025\/07\/515940783_1153737736780467_5014355969514390083_n-1-152x270.jpg 152w, https:\/\/www.pzwnarew.pl\/wp-content\/uploads\/2025\/07\/515940783_1153737736780467_5014355969514390083_n-1.jpg 1153w\" sizes=\"auto, (max-width: 577px) 100vw, 577px\" \/><\/figure>\n","protected":false},"excerpt":{"rendered":"<p>W dniu 5 lipca w miejscowo\u015bci Korczaki gmina Rzeku\u0144 odby\u0142 si\u0119 festyn rodzinny na kt\u00f3rym uczestniczy\u0142o nasze ko\u0142o PZW Narew. Zorganizowali\u015bmy tam konkurs w \u0142owieniu rybek w kt\u00f3rym m\u00f3g\u0142 wystartowa\u0142 ka\u017cdy . Nie zabrak\u0142o ch\u0119tnych oraz nagr\u00f3d dla uczestnik\u00f3w konkursu.<\/p>\n","protected":false},"author":2,"featured_media":10300,"comment_status":"closed","ping_status":"closed","sticky":false,"template":"","format":"standard","meta":{"footnotes":""},"categories":[20],"tags":[],"class_list":["post-10299","post","type-post","status-publish","format-standard","has-post-thumbnail","hentry","category-newsy"],"_links":{"self":[{"href":"https:\/\/www.pzwnarew.pl\/index.php?rest_route=\/wp\/v2\/posts\/10299","targetHints":{"allow":["GET"]}}],"collection":[{"href":"https:\/\/www.pzwnarew.pl\/index.php?rest_route=\/wp\/v2\/posts"}],"about":[{"href":"https:\/\/www.pzwnarew.pl\/index.php?rest_route=\/wp\/v2\/types\/post"}],"author":[{"embeddable":true,"href":"https:\/\/www.pzwnarew.pl\/index.php?rest_route=\/wp\/v2\/users\/2"}],"replies":[{"embeddable":true,"href":"https:\/\/www.pzwnarew.pl\/index.php?rest_route=%2Fwp%2Fv2%2Fcomments&post=10299"}],"version-history":[{"count":3,"href":"https:\/\/www.pzwnarew.pl\/index.php?rest_route=\/wp\/v2\/posts\/10299\/revisions"}],"predecessor-version":[{"id":10305,"href":"https:\/\/www.pzwnarew.pl\/index.php?rest_route=\/wp\/v2\/posts\/10299\/revisions\/10305"}],"wp:featuredmedia":[{"embeddable":true,"href":"https:\/\/www.pzwnarew.pl\/index.php?rest_route=\/wp\/v2\/media\/10300"}],"wp:attachment":[{"href":"https:\/\/www.pzwnarew.pl\/index.php?rest_route=%2Fwp%2Fv2%2Fmedia&parent=10299"}],"wp:term":[{"taxonomy":"category","embeddable":true,"href":"https:\/\/www.pzwnarew.pl\/index.php?rest_route=%2Fwp%2Fv2%2Fcategories&post=10299"},{"taxonomy":"post_tag","embeddable":true,"href":"https:\/\/www.pzwnarew.pl\/index.php?rest_route=%2Fwp%2Fv2%2Ftags&post=10299"}],"curies":[{"name":"wp","href":"https:\/\/api.w.org\/{rel}","templated":true}]}}