{"id":10281,"date":"2025-06-01T16:46:01","date_gmt":"2025-06-01T14:46:01","guid":{"rendered":"https:\/\/www.pzwnarew.pl\/?p=10281"},"modified":"2025-06-01T16:57:03","modified_gmt":"2025-06-01T14:57:03","slug":"dzien-dziecka-2025","status":"publish","type":"post","link":"https:\/\/www.pzwnarew.pl\/?p=10281","title":{"rendered":"Dzie\u0144 Dziecka 2025"},"content":{"rendered":"\n<p>W dniu &#8222;Dnia Dziecka&#8221; a dok\u0142adnie 1 czerwca wsp\u00f3lnie z Myszynieckim Stowarzyszeniem W\u0119dkarzy  zosta\u0142y rozegrane zawody w\u0119dkarskie dla dzieci w dw\u00f3ch kategoriach wiekowych na \u0141owisku w miejscowo\u015bci Zawodzie. W zawodach wystartowa\u0142o 18 dzieci. Poznajcie zwyci\u0119zc\u00f3w: <\/p>\n\n\n\n<p>Kategoria do lat 9 pierwsza pi\u0105tka :<\/p>\n\n\n\n<p><a><\/a>1. \u0141ukasz Kobus, 2. Ewa K\u0119dzierska, 3. Antoni Kobus, 4. Amelia \u015aliwi\u0144ska, 5. Szymon Plona.<\/p>\n\n\n\n<p>Kategoria do lat 14 pierwsza pi\u0105tka:<\/p>\n\n\n\n<p>1. Wojciech Kabacik, 2. Maja Kaczy\u0144ska, 3. Nela Gwiazdowska, 4. Antoni Piasecki, 5. Aleksander Murach<\/p>\n\n\n\n<p>Gratulujemy wszystkim dzieciakom za mile sp\u0119dzony czas i zapraszamy za rok. Na koniec oczywi\u015bcie by\u0142a pizza oraz napoje wszyscy otrzymali medale, puchary, nagrody oraz pakiety niespodzianki. Wielkie podzi\u0119kowania dla koleg\u00f3w z naszego ko\u0142a Leszka, Marcina, Wojtka i Rafa\u0142a.<\/p>\n\n\n\n<figure class=\"wp-block-image size-large\"><img loading=\"lazy\" decoding=\"async\" width=\"768\" height=\"1024\" src=\"https:\/\/www.pzwnarew.pl\/wp-content\/uploads\/2025\/06\/495661896_1126212369533004_3766436033841643396_n-768x1024.jpg\" alt=\"\" class=\"wp-image-10282\" srcset=\"https:\/\/www.pzwnarew.pl\/wp-content\/uploads\/2025\/06\/495661896_1126212369533004_3766436033841643396_n-768x1024.jpg 768w, https:\/\/www.pzwnarew.pl\/wp-content\/uploads\/2025\/06\/495661896_1126212369533004_3766436033841643396_n-225x300.jpg 225w, https:\/\/www.pzwnarew.pl\/wp-content\/uploads\/2025\/06\/495661896_1126212369533004_3766436033841643396_n-1152x1536.jpg 1152w, https:\/\/www.pzwnarew.pl\/wp-content\/uploads\/2025\/06\/495661896_1126212369533004_3766436033841643396_n-9x12.jpg 9w, https:\/\/www.pzwnarew.pl\/wp-content\/uploads\/2025\/06\/495661896_1126212369533004_3766436033841643396_n-203x270.jpg 203w, https:\/\/www.pzwnarew.pl\/wp-content\/uploads\/2025\/06\/495661896_1126212369533004_3766436033841643396_n.jpg 1536w\" sizes=\"auto, (max-width: 768px) 100vw, 768px\" \/><\/figure>\n","protected":false},"excerpt":{"rendered":"<p>W dniu &#8222;Dnia Dziecka&#8221; a dok\u0142adnie 1 czerwca wsp\u00f3lnie z Myszynieckim Stowarzyszeniem W\u0119dkarzy zosta\u0142y rozegrane zawody w\u0119dkarskie dla dzieci w dw\u00f3ch kategoriach wiekowych na \u0141owisku w miejscowo\u015bci Zawodzie. W zawodach wystartowa\u0142o 18 dzieci. Poznajcie zwyci\u0119zc\u00f3w: Kategoria do lat 9 pierwsza pi\u0105tka : 1. \u0141ukasz Kobus, 2. Ewa K\u0119dzierska, 3. Antoni Kobus, 4. Amelia \u015aliwi\u0144ska, 5. Szymon Plona. Kategoria do lat 14 pierwsza pi\u0105tka: 1. Wojciech Kabacik, 2. Maja Kaczy\u0144ska, 3. Nela Gwiazdowska, 4. Antoni Piasecki, 5. Aleksander Murach Gratulujemy wszystkim&#8230;<\/p>\n<p class=\"read-more\"><a class=\"btn btn-default\" href=\"https:\/\/www.pzwnarew.pl\/?p=10281\"> Read More<span class=\"screen-reader-text\">  Read More<\/span><\/a><\/p>\n","protected":false},"author":2,"featured_media":10283,"comment_status":"closed","ping_status":"closed","sticky":false,"template":"","format":"standard","meta":{"footnotes":""},"categories":[20],"tags":[],"class_list":["post-10281","post","type-post","status-publish","format-standard","has-post-thumbnail","hentry","category-newsy"],"_links":{"self":[{"href":"https:\/\/www.pzwnarew.pl\/index.php?rest_route=\/wp\/v2\/posts\/10281","targetHints":{"allow":["GET"]}}],"collection":[{"href":"https:\/\/www.pzwnarew.pl\/index.php?rest_route=\/wp\/v2\/posts"}],"about":[{"href":"https:\/\/www.pzwnarew.pl\/index.php?rest_route=\/wp\/v2\/types\/post"}],"author":[{"embeddable":true,"href":"https:\/\/www.pzwnarew.pl\/index.php?rest_route=\/wp\/v2\/users\/2"}],"replies":[{"embeddable":true,"href":"https:\/\/www.pzwnarew.pl\/index.php?rest_route=%2Fwp%2Fv2%2Fcomments&post=10281"}],"version-history":[{"count":3,"href":"https:\/\/www.pzwnarew.pl\/index.php?rest_route=\/wp\/v2\/posts\/10281\/revisions"}],"predecessor-version":[{"id":10286,"href":"https:\/\/www.pzwnarew.pl\/index.php?rest_route=\/wp\/v2\/posts\/10281\/revisions\/10286"}],"wp:featuredmedia":[{"embeddable":true,"href":"https:\/\/www.pzwnarew.pl\/index.php?rest_route=\/wp\/v2\/media\/10283"}],"wp:attachment":[{"href":"https:\/\/www.pzwnarew.pl\/index.php?rest_route=%2Fwp%2Fv2%2Fmedia&parent=10281"}],"wp:term":[{"taxonomy":"category","embeddable":true,"href":"https:\/\/www.pzwnarew.pl\/index.php?rest_route=%2Fwp%2Fv2%2Fcategories&post=10281"},{"taxonomy":"post_tag","embeddable":true,"href":"https:\/\/www.pzwnarew.pl\/index.php?rest_route=%2Fwp%2Fv2%2Ftags&post=10281"}],"curies":[{"name":"wp","href":"https:\/\/api.w.org\/{rel}","templated":true}]}}